{"id":114363,"date":"2025-09-14T12:26:05","date_gmt":"2025-09-14T12:26:05","guid":{"rendered":"https:\/\/www.europesays.com\/es\/114363\/"},"modified":"2025-09-14T12:26:05","modified_gmt":"2025-09-14T12:26:05","slug":"avances-en-alzheimer-webinar-de-la-segg-por-el-dia-mundial","status":"publish","type":"post","link":"https:\/\/www.europesays.com\/es\/114363\/","title":{"rendered":"Avances en Alzheimer: Webinar de la SEGG por el D\u00eda Mundial"},"content":{"rendered":"<p>Con motivo del <strong>D\u00eda Mundial del Alzheimer<\/strong>, la Sociedad Espa\u00f1ola de Geriatr\u00eda y Gerontolog\u00eda (SEGG) ha anunciado la realizaci\u00f3n de un webinar titulado <strong>\u201cAvances en la enfermedad de Alzheimer: Prevenci\u00f3n, Ciencia, Innovaci\u00f3n y Sociedad\u201d<\/strong>. Este evento se llevar\u00e1 a cabo el <strong>19 de septiembre a las 18:00 horas<\/strong>.<\/p>\n<p>El encuentro reunir\u00e1 a un grupo destacado de especialistas que ofrecer\u00e1n una visi\u00f3n multidisciplinar sobre la enfermedad. Durante la sesi\u00f3n, se abordar\u00e1n temas como la prevenci\u00f3n, los \u00faltimos avances cient\u00edficos, el impacto social y el papel crucial de la innovaci\u00f3n tanto en la atenci\u00f3n como en la investigaci\u00f3n.<\/p>\n<p>Un programa diverso y enriquecedor<\/p>\n<p>El programa del webinar incluir\u00e1 diversas perspectivas:<\/p>\n<ul>&#13;<\/p>\n<li><strong>Perspectiva m\u00e9dica<\/strong> \u2013 Dr. Mario Salas, geriatra en el Hospital Cl\u00ednico San Carlos y coordinador del Grupo de Demencias de la SEGG: se centrar\u00e1 en factores de riesgo, detecci\u00f3n precoz y terapias farmacol\u00f3gicas.<\/li>\n<p>&#13;<\/p>\n<li><strong>Perspectiva neuropsicol\u00f3gica<\/strong> \u2013 Dr. Miguel \u00c1ngel Fern\u00e1ndez, neuropsic\u00f3logo en la Universidad Aut\u00f3noma de Madrid: discutir\u00e1 signos neuropsicol\u00f3gicos tempranos y nuevas herramientas diagn\u00f3sticas basadas en inteligencia artificial.<\/li>\n<p>&#13;<\/p>\n<li><strong>Perspectiva gerontol\u00f3gica<\/strong> \u2013 Dr. Enrique P\u00e9rez S\u00e1ez, psic\u00f3logo en CRE Alzheimer Salamanca: presentar\u00e1 intervenciones psicosociales y proyectos innovadores.<\/li>\n<p>&#13;<\/p>\n<li><strong>Perspectiva sociofamiliar<\/strong> \u2013 D. Jes\u00fas Rodrigo Ramos, director ejecutivo de CEAFA: abordar\u00e1 el impacto en familias y cuidadores, as\u00ed como iniciativas de sensibilizaci\u00f3n y proyectos colaborativos.<\/li>\n<p>&#13;<\/p>\n<li><strong>Perspectiva de investigaci\u00f3n<\/strong>:&#13;\n<ul>&#13;<\/p>\n<li>Dr. Gonzalo S\u00e1nchez, neuropsic\u00f3logo en Fundaci\u00f3n Pasqual Maragall (Barcelona?eta Brain Research Center): compartir\u00e1 hallazgos sobre investigaci\u00f3n en prevenci\u00f3n y detecci\u00f3n precoz mediante estudios de cohortes y ensayos cl\u00ednicos.<\/li>\n<p>&#13;<\/p>\n<li>Dr. Xavier Morato, farmac\u00e9utico en Fundaci\u00f3n ACE \u2013 Ace Alzheimer Center Barcelona: hablar\u00e1 sobre innovaci\u00f3n diagn\u00f3stica y terap\u00e9utica, as\u00ed como investigaci\u00f3n traslacional y proyectos internacionales.<\/li>\n<p>&#13;\n<\/ul>\n<p>&#13;\n<\/li>\n<p>&#13;\n<\/ul>\n<p>Cierre con debate abierto e implicaci\u00f3n ciudadana<\/p>\n<p>El webinar concluir\u00e1 con un debate abierto que finalizar\u00e1 a las 20:00 horas. En este contexto, se enfatizar\u00e1 la importancia de la participaci\u00f3n ciudadana en la investigaci\u00f3n relacionada con el Alzheimer.<\/p>\n<p>A trav\u00e9s de esta iniciativa, la SEGG reafirma su compromiso con la divulgaci\u00f3n cient\u00edfica, la sensibilizaci\u00f3n social y la mejora de la calidad de vida para las personas afectadas por Alzheimer y sus familias.<\/p>\n<p>Las inscripciones est\u00e1n abiertas a trav\u00e9s del siguiente enlace: <a href=\"https:\/\/zoom.us\/webinar\/register\/WN_e2uRnuECS1G4pghkByJTvw\" target=\"_blank\" rel=\"noopener noreferrer nofollow\">https:\/\/zoom.us\/webinar\/register\/WN_e2uRnuECS1G4pghkByJTvw<\/a>.<\/p>\n","protected":false},"excerpt":{"rendered":"Con motivo del D\u00eda Mundial del Alzheimer, la Sociedad Espa\u00f1ola de Geriatr\u00eda y Gerontolog\u00eda (SEGG) ha anunciado la&hellip;\n","protected":false},"author":2,"featured_media":114364,"comment_status":"","ping_status":"","sticky":false,"template":"","format":"standard","meta":{"footnotes":""},"categories":[92],"tags":[3350,33696,978,2996,25,24,165,1070,11339,166,38609,57,23,38610],"class_list":{"0":"post-114363","1":"post","2":"type-post","3":"status-publish","4":"format-standard","5":"has-post-thumbnail","7":"category-salud","8":"tag-alzheimer","9":"tag-avances","10":"tag-dia","11":"tag-enfermedad","12":"tag-es","13":"tag-espana","14":"tag-health","15":"tag-mundial","16":"tag-organiza","17":"tag-salud","18":"tag-segg","19":"tag-sobre","20":"tag-spain","21":"tag-webinar"},"share_on_mastodon":{"url":"","error":""},"_links":{"self":[{"href":"https:\/\/www.europesays.com\/es\/wp-json\/wp\/v2\/posts\/114363","targetHints":{"allow":["GET"]}}],"collection":[{"href":"https:\/\/www.europesays.com\/es\/wp-json\/wp\/v2\/posts"}],"about":[{"href":"https:\/\/www.europesays.com\/es\/wp-json\/wp\/v2\/types\/post"}],"author":[{"embeddable":true,"href":"https:\/\/www.europesays.com\/es\/wp-json\/wp\/v2\/users\/2"}],"replies":[{"embeddable":true,"href":"https:\/\/www.europesays.com\/es\/wp-json\/wp\/v2\/comments?post=114363"}],"version-history":[{"count":0,"href":"https:\/\/www.europesays.com\/es\/wp-json\/wp\/v2\/posts\/114363\/revisions"}],"wp:featuredmedia":[{"embeddable":true,"href":"https:\/\/www.europesays.com\/es\/wp-json\/wp\/v2\/media\/114364"}],"wp:attachment":[{"href":"https:\/\/www.europesays.com\/es\/wp-json\/wp\/v2\/media?parent=114363"}],"wp:term":[{"taxonomy":"category","embeddable":true,"href":"https:\/\/www.europesays.com\/es\/wp-json\/wp\/v2\/categories?post=114363"},{"taxonomy":"post_tag","embeddable":true,"href":"https:\/\/www.europesays.com\/es\/wp-json\/wp\/v2\/tags?post=114363"}],"curies":[{"name":"wp","href":"https:\/\/api.w.org\/{rel}","templated":true}]}}