{"id":114413,"date":"2025-09-14T13:01:13","date_gmt":"2025-09-14T13:01:13","guid":{"rendered":"https:\/\/www.europesays.com\/es\/114413\/"},"modified":"2025-09-14T13:01:13","modified_gmt":"2025-09-14T13:01:13","slug":"el-mapa-que-te-dice-cuanto-tardas-andando-o-en-bici-por-vitoria","status":"publish","type":"post","link":"https:\/\/www.europesays.com\/es\/114413\/","title":{"rendered":"El MAPA que te dice cu\u00e1nto tardas andando o en bici por Vitoria"},"content":{"rendered":"<p>Moverse r\u00e1pido, barato y sin contaminar es m\u00e1s f\u00e1cil de lo que parece en Gasteiz. Para demostrarlo, el Centro de Estudios Ambientales (CEA) ha lanzado el primer <strong><a href=\"https:\/\/blogs.vitoria-gasteiz.org\/medios\/files\/2025\/09\/metrominuto_ciclista_25.pdf\" rel=\"nofollow noopener\" target=\"_blank\">&#8216;MetroMinuto&#8217; ciclista<\/a><\/strong> de la ciudad, un mapa que calcula los tiempos de desplazamiento en bici entre distintos puntos de la ciudad.<\/p>\n<p>La herramienta se presenta dentro de la <a href=\"https:\/\/www.gasteizhoy.com\/la-bicicleta-protagonizara-la-semana-europea-de-la-movilidad-en-vitoria\/\" rel=\"nofollow noopener\" target=\"_blank\"><strong>Semana Europea de la Movilidad<\/strong><\/a>, que este a\u00f1o se celebra entre el 16 y el 22 de septiembre bajo el lema \u00abMovilidad para todas y todos\u00bb. Adem\u00e1s, la herramienta es complementaria a la ya existente &#8216;MetroMinuto&#8217; peatonal, que tambi\u00e9n se ha actualizado.<\/p>\n<p>\t\t\t\t\t\t\tPUBLICIDAD &#8211; SIGUE LEYENDO ABAJO<br \/>\n\t\t\t\t\t\t\t<a rel=\"noreferrer nofollow noopener\" href=\"https:\/\/gasteiz.ika.eus\/?utm_source=gasteizhoy&amp;utm_medium=400x400&amp;utm_campaign=matrikulazio_kanpaina_20252026_iraila\" target=\"_blank\"><br \/>\n\t\t\t\t\t\t\t\t<img decoding=\"async\" width=\"400px\" height=\"400px\" layout=\"responsive\" data-category=\"banner-IKA\" id=\"segundoparr\" class=\"banclick\" src=\"https:\/\/www.europesays.com\/es\/wp-content\/uploads\/2025\/09\/publicidad-segundo-parrafo-57.gif\"\/><br \/>\n\t\t\t\t\t\t\t<\/a><\/p>\n<p>Ambas buscan el mismo objetivo: romper con la idea de que moverse a pie o en bici es lento o poco pr\u00e1ctico. Seg\u00fan el c\u00e1lculo, caminar a 5km\/h o pedalear a 15km\/h permite llega en minutos a cualquier rinc\u00f3n de Vitoria.<\/p>\n<p>Metrominuto ciclista<\/p>\n<p>A continuaci\u00f3n puedes ver el mapa ciclista, en el que descubrir\u00e1s lo cerca que est\u00e1n algunos puntos. As\u00ed, de Txagorritxu a la Virgen Blanca hay solo 6 minutos, o 15 minutos desde el Europa a Mercedes. Adem\u00e1s, desde el Boulevard al Buesa Arena llegar\u00e1s en 12 minutos. Comprueba el resto.<\/p>\n<p>\ufeff\ufeff<\/p>\n<p>\t\t\t\t\t\tPUBLICIDAD &#8211; SIGUE LEYENDO ABAJO<br \/>\n\t\t\t\t\t\t<a rel=\"noreferrer nofollow noopener\" href=\"https:\/\/www.hyundai.es\/concesionarios\/autolasa\" target=\"_blank\"><br \/>\n\t\t\t\t\t\t\t<img decoding=\"async\" width=\"400px\" height=\"400px\" layout=\"responsive\" data-category=\"banner-Hyundai-autolasa\" id=\"quintoparr\" class=\"banclick\" src=\"https:\/\/www.europesays.com\/es\/wp-content\/uploads\/2025\/08\/publicidad-quinto-parrafo-32.gif\"\/><br \/>\n\t\t\t\t\t\t<\/a><\/p>\n<p>Metrominuto peatonal<\/p>\n<p>El Metrominuto peatonal refleja que, por ejemplo, de la Estaci\u00f3n de Autobuses a la Virgen Blanca llegas en 19 minutos. O que hay 45 minutos desde Santiago a la f\u00e1brica de Mercedes.<\/p>\n<p>Desde Arriaga a la Catedral de Santa Mar\u00eda puedes llegar en 13 minutos andando. O en 14 minutos desde las Oficinas de San Mart\u00edn a la Virgen Blanca. Adem\u00e1s, el Parque del Este est\u00e1 a solo 9 minutos del Iradier Arena, y en 17 minutos puedes llegar desde Salburua a la Virgen Blanca. Desde la Parte alta de Goikolarra a Hegoalde tienes 15 minutos.<\/p>\n<p>\ufeff\ufeff\ufeff<\/p>\n<p>\u00a0<\/p>\n<p>\t\t\t\t\t\t\tPUBLICIDAD &#8211; SIGUE LEYENDO ABAJO<br \/>\n\t\t\t\t\t\t\t<a rel=\"noreferrer nofollow noopener\" href=\"https:\/\/www.bakh.es\/hazte-socio\/\" target=\"_blank\"><br \/>\n\t\t\t\t\t\t\t\t<img decoding=\"async\" width=\"400px\" height=\"400px\" layout=\"responsive\" data-category=\"banner-bakh\" id=\"novparr\" class=\"banclick\" src=\"https:\/\/www.europesays.com\/es\/wp-content\/uploads\/2025\/09\/publicidad-noveno-parrafo-63.gif\"\/><br \/>\n\t\t\t\t\t\t\t<\/a><\/p>\n<p>MetroMinuto<\/p>\n<p>El <a href=\"https:\/\/www.gasteizhoy.com\/metrominuto-mapa-vitoria-desplazamientos\/\" rel=\"nofollow noopener\" target=\"_blank\">&#8216;MetroMinuto&#8217;<\/a> es una herramienta gr\u00e1fica que traduce la geograf\u00eda urbana en tiempos de recorrido. Funciona como un mapa de metro, pero en lugar de estaciones y l\u00edneas muestra calles, barrios y puntos de referencia, indicando cu\u00e1ntos minutos se tarda en llegar de un lugar a otro caminando o en bicicleta.<\/p>\n<p>Su utilidad va m\u00e1s all\u00e1 de la simple orientaci\u00f3n de un mapa, ayuda a romper con la idea de que los desplazamientos de ese tipo son lentos. Al visualizar distancias en pasos y pedaladas, convierte la ciudad en un espacio m\u00e1s cercano y accesible, fomentando h\u00e1bitos saludables y sostenibles en los desplazamientos del d\u00eda a d\u00eda.<\/p>\n","protected":false},"excerpt":{"rendered":"Moverse r\u00e1pido, barato y sin contaminar es m\u00e1s f\u00e1cil de lo que parece en Gasteiz. Para demostrarlo, el&hellip;\n","protected":false},"author":2,"featured_media":114414,"comment_status":"","ping_status":"","sticky":false,"template":"","format":"standard","meta":{"footnotes":""},"categories":[273],"tags":[313,312,168,25,24,23,167],"class_list":{"0":"post-114413","1":"post","2":"type-post","3":"status-publish","4":"format-standard","5":"has-post-thumbnail","7":"category-ciclismo","8":"tag-ciclismo","9":"tag-cycling","10":"tag-deportes","11":"tag-es","12":"tag-espana","13":"tag-spain","14":"tag-sports"},"share_on_mastodon":{"url":"","error":""},"_links":{"self":[{"href":"https:\/\/www.europesays.com\/es\/wp-json\/wp\/v2\/posts\/114413","targetHints":{"allow":["GET"]}}],"collection":[{"href":"https:\/\/www.europesays.com\/es\/wp-json\/wp\/v2\/posts"}],"about":[{"href":"https:\/\/www.europesays.com\/es\/wp-json\/wp\/v2\/types\/post"}],"author":[{"embeddable":true,"href":"https:\/\/www.europesays.com\/es\/wp-json\/wp\/v2\/users\/2"}],"replies":[{"embeddable":true,"href":"https:\/\/www.europesays.com\/es\/wp-json\/wp\/v2\/comments?post=114413"}],"version-history":[{"count":0,"href":"https:\/\/www.europesays.com\/es\/wp-json\/wp\/v2\/posts\/114413\/revisions"}],"wp:featuredmedia":[{"embeddable":true,"href":"https:\/\/www.europesays.com\/es\/wp-json\/wp\/v2\/media\/114414"}],"wp:attachment":[{"href":"https:\/\/www.europesays.com\/es\/wp-json\/wp\/v2\/media?parent=114413"}],"wp:term":[{"taxonomy":"category","embeddable":true,"href":"https:\/\/www.europesays.com\/es\/wp-json\/wp\/v2\/categories?post=114413"},{"taxonomy":"post_tag","embeddable":true,"href":"https:\/\/www.europesays.com\/es\/wp-json\/wp\/v2\/tags?post=114413"}],"curies":[{"name":"wp","href":"https:\/\/api.w.org\/{rel}","templated":true}]}}