{"id":114419,"date":"2025-09-14T13:04:09","date_gmt":"2025-09-14T13:04:09","guid":{"rendered":"https:\/\/www.europesays.com\/es\/114419\/"},"modified":"2025-09-14T13:04:09","modified_gmt":"2025-09-14T13:04:09","slug":"dani-rodriguez-el-refuerzo-mas-esperado-para-belletti","status":"publish","type":"post","link":"https:\/\/www.europesays.com\/es\/114419\/","title":{"rendered":"Dani Rodr\u00edguez, el refuerzo m\u00e1s esperado para Belletti"},"content":{"rendered":"<p class=\"ft-text\">Este s\u00e1bado, <strong>Dani<\/strong> <strong>Rodr\u00edguez<\/strong> <a class=\"ft-link ft-link--decoration\" href=\"https:\/\/www.sport.es\/es\/noticias\/barca\/futbol-base\/5-razones-dani-rodriguez-quedado-121213098\" rel=\"nofollow noopener\" target=\"_blank\">volvi\u00f3 a sentirse futbolista 133 d\u00edas despu\u00e9s de su \u00faltimo partido<\/a>. El extremo particip\u00f3 en el segundo partido de la temporada del Bar\u00e7a Atl\u00e8tic, entrando en la segunda parte contra el Andratx y sum\u00f3 un cuarto de hora en su regreso a la din\u00e1mica del filial blaugrana.<\/p>\n<p class=\"ft-text\"><strong>El gipuzkoano sufri\u00f3 una grave lesi\u00f3n en su debut con el primer equipo del FC Barcelona<\/strong>. Fue contra el Valladolid a domicilio el 3 de mayo. Con el &#8217;46&#8217; en la espalda, Hansi Flick le dio en forma de titularidad la confianza que hab\u00eda recibido en los entrenamientos anteriores. Form\u00f3 tridente ofensivo junto a Pau V\u00edctor y Ansu Fati, una delantera totalmente in\u00e9dita.<\/p>\n<p class=\"ft-text\">All\u00e1 por el minuto 38, en un lance fortuito, Dani se llev\u00f3 la mano al hombro y sus gestos de dolor auguraban lo peor. Se tendi\u00f3 sobre el suelo y fue sustituido con un vendaje en la zona dolorida. <strong>Aquella luxaci\u00f3n en el hombro diestro le oblig\u00f3 a pasar por el quir\u00f3fano<\/strong> y a causar baja en la gira asi\u00e1tica de pretemporada del primer equipo blaugrana durante el verano.<\/p>\n<p class=\"ft-text\"><strong>El pasado d\u00eda 6 de septiembre, cuatro meses despu\u00e9s, recibi\u00f3 el alta m\u00e9dica<\/strong>, aunque no particip\u00f3 en la victoria de los de Juliano Belletti frente al Porreres en el debut del equipo en la Segunda RFEF y se qued\u00f3 en el banquillo. El s\u00e1bado, a pesar de arrancar como suplente, el t\u00e9cnico brasile\u00f1o le hizo entrar en el segundo tiempo en sustituci\u00f3n de Alex Walton; aunque no pudo evitar que los culers sumasen la primera derrota oficial del curso.<\/p>\n<p>Un futuro incierto<\/p>\n<p class=\"ft-text\">Si bien es cierto que el delantero <strong>era una de las apuestas de Hansi Flick, la lesi\u00f3n le ha hecho bajar algunos puestos<\/strong> en la &#8216;bolsa&#8217; de futbolistas a caballo del filial y el primer equipo. El fichaje de Roony Bardghji tampoco le ayuda, precisamente, a prosperar bajo las \u00f3rdenes del t\u00e9cnico alem\u00e1n. Sin duda, la Segunda RFEF se le queda peque\u00f1a a Dani por su gran calidad, pero en agosto de 2024 firm\u00f3 su renovaci\u00f3n por tres temporadas m\u00e1s: hasta el <strong>30 de junio de 2027<\/strong>.<\/p>\n<p class=\"ft-text\">El Bar\u00e7a abri\u00f3 la posibilidad a una salida de Rodr\u00edguez este verano, pero tas\u00f3 su traspaso en una cifra cercana a los 4 millones de euros. <strong>Varios clubes de Primera Divisi\u00f3n mostraron su inter\u00e9s en hacerse con sus servicios, como el Valencia, el Mallorca, el Athletic Club o el Celta de Vigo<\/strong>. Sin embargo, ninguno de ellos lleg\u00f3 a las pretensiones econ\u00f3micas de la entidad catalana, dado que apostaban por una cesi\u00f3n con opci\u00f3n de compra.<\/p>\n<p class=\"ft-text\">Con la ventana de transferencias estival ya cerrada, el pr\u00f3ximo escenario en lo que al mercado se refiere ser\u00e1 dentro de tres meses, cuando en invierno vuelve a subir la persiana de los traspasos. <strong>Ser\u00e1 entonces cuando el Celta de Vigo podr\u00eda volver a la carga para cerrar su traspaso<\/strong>, seg\u00fan informa &#8216;Estadio Deportivo&#8217;. De mientras, Dani tiene por delante varios partidos en los que demostrar su calidad bajo las \u00f3rdenes de Juliano Belletti y, qui\u00e9n sabe, si quiz\u00e1 podr\u00e1 volver a tener una oportunidad con el primer equipo de la mano de Hansi Flick. Por el momento, ya ha vuelto a vestirse de corto tras m\u00e1s de 100 d\u00edas en la enfermer\u00eda.<\/p>\n","protected":false},"excerpt":{"rendered":"Este s\u00e1bado, Dani Rodr\u00edguez volvi\u00f3 a sentirse futbolista 133 d\u00edas despu\u00e9s de su \u00faltimo partido. El extremo particip\u00f3&hellip;\n","protected":false},"author":2,"featured_media":114420,"comment_status":"","ping_status":"","sticky":false,"template":"","format":"standard","meta":{"footnotes":""},"categories":[268],"tags":[20139,1996,168,25,24,947,280,282,2871,416,281,23,167],"class_list":{"0":"post-114419","1":"post","2":"type-post","3":"status-publish","4":"format-standard","5":"has-post-thumbnail","7":"category-futbol","8":"tag-belletti","9":"tag-dani","10":"tag-deportes","11":"tag-es","12":"tag-espana","13":"tag-esperado","14":"tag-football","15":"tag-futbol","16":"tag-refuerzo","17":"tag-rodriguez","18":"tag-soccer","19":"tag-spain","20":"tag-sports"},"share_on_mastodon":{"url":"","error":""},"_links":{"self":[{"href":"https:\/\/www.europesays.com\/es\/wp-json\/wp\/v2\/posts\/114419","targetHints":{"allow":["GET"]}}],"collection":[{"href":"https:\/\/www.europesays.com\/es\/wp-json\/wp\/v2\/posts"}],"about":[{"href":"https:\/\/www.europesays.com\/es\/wp-json\/wp\/v2\/types\/post"}],"author":[{"embeddable":true,"href":"https:\/\/www.europesays.com\/es\/wp-json\/wp\/v2\/users\/2"}],"replies":[{"embeddable":true,"href":"https:\/\/www.europesays.com\/es\/wp-json\/wp\/v2\/comments?post=114419"}],"version-history":[{"count":0,"href":"https:\/\/www.europesays.com\/es\/wp-json\/wp\/v2\/posts\/114419\/revisions"}],"wp:featuredmedia":[{"embeddable":true,"href":"https:\/\/www.europesays.com\/es\/wp-json\/wp\/v2\/media\/114420"}],"wp:attachment":[{"href":"https:\/\/www.europesays.com\/es\/wp-json\/wp\/v2\/media?parent=114419"}],"wp:term":[{"taxonomy":"category","embeddable":true,"href":"https:\/\/www.europesays.com\/es\/wp-json\/wp\/v2\/categories?post=114419"},{"taxonomy":"post_tag","embeddable":true,"href":"https:\/\/www.europesays.com\/es\/wp-json\/wp\/v2\/tags?post=114419"}],"curies":[{"name":"wp","href":"https:\/\/api.w.org\/{rel}","templated":true}]}}