{"id":114425,"date":"2025-09-14T13:07:07","date_gmt":"2025-09-14T13:07:07","guid":{"rendered":"https:\/\/www.europesays.com\/es\/114425\/"},"modified":"2025-09-14T13:07:07","modified_gmt":"2025-09-14T13:07:07","slug":"especial-de-a-vivir-madrid-desde-la-casa-del-lector-con-el-festival-back-to-the-book-67-editoriales-de-espana-y-latinoamerica-actividades-creativas-y-debates-sobre-el-presente-y-futuro-de-la-literat","status":"publish","type":"post","link":"https:\/\/www.europesays.com\/es\/114425\/","title":{"rendered":"Especial de A vivir Madrid desde la Casa del Lector con el festival Back to the Book: 67 editoriales de Espa\u00f1a y Latinoam\u00e9rica, actividades creativas y debates sobre el presente y futuro de la literatura independiente | Ocio y cultura"},"content":{"rendered":"<p class=\"loc\">Madrid<\/p>\n<p>Este domingo comenzamos A vivir Madrid desde la Casa del Lector de Matadero, epicentro de la literatura independiente con el festival Back to the Book. Una cita que re\u00fane a autores, editores y lectores en un espacio alternativo a las ferias tradicionales y que, tras una primera edici\u00f3n con m\u00e1s de 7.000 visitantes y 3.500 libros vendidos, se consolida en su segunda entrega como referencia internacional.<\/p>\n<p>Una feria en expansi\u00f3n<\/p>\n<p>El festival apuesta por el dinamismo cultural con un programa que combina talleres, presentaciones, clubes de lectura y conversaciones entre creadores de ambos lados del Atl\u00e1ntico. Este a\u00f1o participan 67 editoriales de Espa\u00f1a y Latinoam\u00e9rica y un cartel con nombres como Sabina Urraca, Mariana Enriquez, Marta Sanz o Luna Miguel, junto a la presencia de directores de ferias internacionales de Argentina, Chile, M\u00e9xico e Italia.<\/p>\n<p>Conversaciones en torno al libro<\/p>\n<p>Desde la Casa del Lector, Back to the Book nos brinda un espacio para debatir sobre el presente y futuro de la edici\u00f3n independiente. En nuestra tertulia conversamos con Blanca Lacasa, Carla Nyman y Diana Aller sobre los retos del sector: qu\u00e9 significa hoy publicar desde los m\u00e1rgenes, c\u00f3mo se mueven las editoriales en un panorama en transformaci\u00f3n y hasta qu\u00e9 punto los libros han estado en el centro del debate p\u00fablico estas semanas, pregunt\u00e1ndonos si de verdad nos hacen mejores personas.<\/p>\n<p>Voces de la organizaci\u00f3n<\/p>\n<p>Hablamos tambi\u00e9n con Sara Maroto, dise\u00f1adora y cofundadora de Altamarea Ediciones y una de las organizadoras del festival, sobre la importancia de un encuentro que conecta autores, editoriales y lectores en torno a la creaci\u00f3n independiente.<\/p>\n<p>Creatividad en vivo<\/p>\n<p>El festival se completa con un programa de actividades participativas que acercan la literatura de manera directa y l\u00fadica. Entre ellas, un taller de fanzines que invita a experimentar con el corta y pega como herramienta de autoedici\u00f3n; un taller de humor gr\u00e1fico pensado para ni\u00f1os y ni\u00f1as de entre 8 y 12 a\u00f1os; y una charla sobre Escribir el Madrid contempor\u00e1neo, que convierte a la ciudad en un personaje literario m\u00e1s, con sus contradicciones y su carga emocional. Desde all\u00ed, conexi\u00f3n en directo con Jos\u00e9 Medrano.<\/p>\n<p>Esc\u00fachalo en A vivir Madrid<\/p>\n<p>Puedes escuchar el programa completo aqu\u00ed:<\/p>\n","protected":false},"excerpt":{"rendered":"Madrid Este domingo comenzamos A vivir Madrid desde la Casa del Lector de Matadero, epicentro de la literatura&hellip;\n","protected":false},"author":2,"featured_media":114426,"comment_status":"","ping_status":"","sticky":false,"template":"","format":"standard","meta":{"footnotes":""},"categories":[172],"tags":[38619,38616,224,38617,3662,146,147,25,24,225,38620,38625,38623,38624,38618,38622,23,7830,38621],"class_list":{"0":"post-114425","1":"post","2":"type-post","3":"status-publish","4":"format-standard","5":"has-post-thumbnail","7":"category-libros","8":"tag-a-vivir-madrid","9":"tag-back-to-the-book","10":"tag-books","11":"tag-casa-del-lector","12":"tag-editoriales","13":"tag-entertainment","14":"tag-entretenimiento","15":"tag-es","16":"tag-espana","17":"tag-libros","18":"tag-literatura-independiente","19":"tag-luna-miguel","20":"tag-mariana-enriquez","21":"tag-marta-sanz","22":"tag-matadero-madrid","23":"tag-sabina-urraca","24":"tag-spain","25":"tag-talleres","26":"tag-tertulia"},"share_on_mastodon":{"url":"","error":""},"_links":{"self":[{"href":"https:\/\/www.europesays.com\/es\/wp-json\/wp\/v2\/posts\/114425","targetHints":{"allow":["GET"]}}],"collection":[{"href":"https:\/\/www.europesays.com\/es\/wp-json\/wp\/v2\/posts"}],"about":[{"href":"https:\/\/www.europesays.com\/es\/wp-json\/wp\/v2\/types\/post"}],"author":[{"embeddable":true,"href":"https:\/\/www.europesays.com\/es\/wp-json\/wp\/v2\/users\/2"}],"replies":[{"embeddable":true,"href":"https:\/\/www.europesays.com\/es\/wp-json\/wp\/v2\/comments?post=114425"}],"version-history":[{"count":0,"href":"https:\/\/www.europesays.com\/es\/wp-json\/wp\/v2\/posts\/114425\/revisions"}],"wp:featuredmedia":[{"embeddable":true,"href":"https:\/\/www.europesays.com\/es\/wp-json\/wp\/v2\/media\/114426"}],"wp:attachment":[{"href":"https:\/\/www.europesays.com\/es\/wp-json\/wp\/v2\/media?parent=114425"}],"wp:term":[{"taxonomy":"category","embeddable":true,"href":"https:\/\/www.europesays.com\/es\/wp-json\/wp\/v2\/categories?post=114425"},{"taxonomy":"post_tag","embeddable":true,"href":"https:\/\/www.europesays.com\/es\/wp-json\/wp\/v2\/tags?post=114425"}],"curies":[{"name":"wp","href":"https:\/\/api.w.org\/{rel}","templated":true}]}}