{"id":114431,"date":"2025-09-14T13:11:07","date_gmt":"2025-09-14T13:11:07","guid":{"rendered":"https:\/\/www.europesays.com\/es\/114431\/"},"modified":"2025-09-14T13:11:07","modified_gmt":"2025-09-14T13:11:07","slug":"gp-de-san-marino-en-directo-la-carrera-de-motogp-en-vivo-el-pais","status":"publish","type":"post","link":"https:\/\/www.europesays.com\/es\/114431\/","title":{"rendered":"GP de San Marino en directo, la carrera de MotoGP en vivo &#8211; EL PA\u00cdS"},"content":{"rendered":"<ol>\n<li><a href=\"https:\/\/news.google.com\/rss\/articles\/CBMiswFBVV95cUxOMW9kLVdvZll5cVIwRWJuRmlUaXJGem1pdmcyUHdvNm5qN05HNDdSVEdEaEp1TGUwak52OU92VFBBQjBNQVlnYnpZRlhKZTk5Nkd1TDJSUE1wcTJ2ZnFxaG80cEltM21hakVQMUpoUUUxWkcxWDVKZnE2S2JHczRMWjdCOWRsOVZtcDhuMWNlbkM1LXBHRmxqMzBIQ2JwUVlkcVFTQmJfVWR3a21JVU9yTjE4VdIBxwFBVV95cUxPOUZVd2U0eHEybXl1d3J3VWNaTEpkeC15aEFSUFQ3ZTRtM3h6blF0Q0pKNG03SDZxTENmVVNzOUZnRkdCeGxoRXl2eFozVmh2VlJOSjlkX1paQ2p0cXZuakxCeHIwTDJJMk9DalNHQkJoX1otNTlWR2dLUVJjMERDaThJRnpiZXpwY1VSRnN6b056SDhsWG5tR0E3NkRIM0ljZVFZUTJSZW9OWEZsazNCcmZ3MDd1NGdhRWhJYnVoVzZpVmhKTDhB?oc=5\" target=\"_blank\" rel=\"nofollow noopener\">GP de San Marino en directo, la carrera de MotoGP en vivo<\/a>&nbsp;&nbsp;EL PA\u00cdS<\/li>\n<li><a href=\"https:\/\/news.google.com\/rss\/articles\/CBMi0wFBVV95cUxNODNIT2VORHZSYWZuVTRxNWppXzlGSC1CSkVGLXdPXzBYbGRDRVFsR2ZSYlI1WWk3dkREdjdaMXR6TkExZFZ6a2FRa2hkcWdMSS00Nmd0Ti1GZ1ZSekJrcjR5YXAtSnczVTJyZTBSZWhiV2NKMHN2SEx6OElEUHhBRlBTRW1zY2U2a3IyQWxuLUh6aWxtMnl3dWpYbWh6d1BuRnVUZS1YbS1jWDlncVh6dUI3ZjY3Wl9tdjB1bkNtdUpqdGstV1pZd3RHQ0w4MlZ6RW5j0gHnAUFVX3lxTFAwclJ3YnVIcnZoTEtnRVhTNll2cW1NblJTdVpLdTFHbU45S2FEYmVxcUpVYmNvdkNORUI5Q09iS0lvSXYtcUVoMkloVWFKSkxuTTJ6S3I2bHQzV05zemZCbEQ4di1haGFaQl9nMy02MjJLcEV1czNtYjJtdWN0NG5pMTJJUGVBaHZlZjhxTDZQTVZobjdaT0RBLV9FNnVGbTZSc1c5S2k0bk1DRnVjSTZFSEx6OTB6WlhyaXZJZ0s4VlNKUTlRSXNFQUVDTHFyRWh5SHU0azE2TUVvY3QtUG9IR0ZCVU53UQ?oc=5\" target=\"_blank\" rel=\"nofollow noopener\">Carrera GP San Marino MotoGP, en directo: \u00faltima hora de M\u00e1rquez, Mart\u00edn y Acosta hoy en Misano, en vivo<\/a>&nbsp;&nbsp;Diario AS<\/li>\n<li><a href=\"https:\/\/news.google.com\/rss\/articles\/CBMitgFBVV95cUxPUjd1ZXY5SXJjZG84YWczSXhJcDZlbkxQcjR2bXA3WW1fdXY0NEZpYkpwX0kya0JTR0swSlNDMHA5S1NGQl9TLUdpbmM4SFFEcHQ2WFo0WEFDWEhLYmNaNWxDend2bG9sejBVbnltMUZ6OVltRXpNbEhWcktrQzVlNFhEZlF0TzBNNnNiMFVjcnViRjQ5cDBHdFVVb0U0MHczaEplUktLdC0zOVBqeGVkdGtQdXBwUQ?oc=5\" target=\"_blank\" rel=\"nofollow noopener\">Marc M\u00e1rquez logra la &#8216;vendetta&#8217; sobre Bezzecchi y Misano<\/a>&nbsp;&nbsp;MARCA<\/li>\n<li><a href=\"https:\/\/news.google.com\/rss\/articles\/CBMiugFBVV95cUxQM3dneDJEbld4VGNzVm9SSXFOQ3BRSGdacURPaEp1Z19zcnBVSjY1ODRpd3lLNDVpTV9sMmk1UmtmSjI2Z0ljZW52VHM1QkpiQVo1cXJxd0k2NEE5cFR4blJKNUtwVWRnbWlTR3RMRW4tQjFsRzFtejRBcVIwdXp3Xy1SYl9qbGpmeWVqOUx1U1d6Z0M3YUpfR2h4a3REVUhqYXNrT1lqQ3JzUUd3aS1FMVJGUFljX3dGY2fSAc4BQVVfeXFMT0NfdVhuZEctdzNNb2dTVFYyV3doV3B2ODdNdXVBckFaUGFoaWxtNHFtaS0xazNWMVAtWDdhVG5lZnNDbERWMlZRckg5dGhhUGFsaFRKSEVFUlk4WlZ3OVdTUGliUm1OLVJXMGRKSGpfeHRTenVraG43dE01cTg5S2ZnQm0xRi1CU2U1X3ZsY1hyYXV3Ul9HSHR4Z2g1T0RHcHlpMXNpUXliX01hOXdjRnFnWG5BOEdZc2huNVVMLVM1OTFjcHdYODNnbUdsdGc?oc=5\" target=\"_blank\" rel=\"nofollow noopener\">Marc M\u00e1rquez reina en Misano y se acerca al campeonato de MotoGP<\/a>&nbsp;&nbsp;Cadena SER<\/li>\n<li><a href=\"https:\/\/news.google.com\/rss\/articles\/CBMipgFBVV95cUxQZWk5bWE1TkE2ZFA3c2VmVXljbTM4WVRBN3JwMExpcE1BVVZKTWFySUZFTjFPYnB1NVo1OTh5emxpRVItNUtuQ2d4Z3lZZTh0TUdDZk05ZUg1aGNuTzBKd3RqTVpaYTY4aFp2ZENWdjVvdDlZNUlGM3FGMEFKYTVIT0VrbVdBR0J2VzhGdXhVSTQxLW80cXU4ZWhUYV96Slc1RE1kamt30gGmAUFVX3lxTE43MlVIcDBFU2dWRTRkRHB1RjRCckxWZWxGRmFKdjBodWlGSl9qc3dTZDN0cXcwYUoxM1BJamF6aDVWNzc4Rm1PVFR4SXdRVkZPb3lvR21xelM2X1RNZUhJSlhPWUJxTE5xZ0lOV1pXVnlkbk1fbEV4T21FN0htUm9WT01pWUtNZVRucUdWcXhCQTJEdm5TZ0xuUFg4V3QxSThVNEZqWFE?oc=5\" target=\"_blank\" rel=\"nofollow noopener\">Gran Premio de San Marino de MotoGP 2025, en directo la carrera<\/a>&nbsp;&nbsp;RTVE.es<\/li>\n<\/ol>\n","protected":false},"excerpt":{"rendered":"GP de San Marino en directo, la carrera de MotoGP en vivo&nbsp;&nbsp;EL PA\u00cdS Carrera GP San Marino MotoGP,&hellip;\n","protected":false},"author":2,"featured_media":114432,"comment_status":"","ping_status":"","sticky":false,"template":"","format":"standard","meta":{"footnotes":""},"categories":[93],"tags":[1762,168,1764,25,24,14726,16628,22854,1760,23,167],"class_list":{"0":"post-114431","1":"post","2":"type-post","3":"status-publish","4":"format-standard","5":"has-post-thumbnail","7":"category-deportes","8":"tag-circuitos-velocidad","9":"tag-deportes","10":"tag-deportes-motor","11":"tag-es","12":"tag-espana","13":"tag-moto-gp","14":"tag-motociclismo","15":"tag-mundial-motociclismo","16":"tag-pilotos-deportivos","17":"tag-spain","18":"tag-sports"},"share_on_mastodon":{"url":"","error":""},"_links":{"self":[{"href":"https:\/\/www.europesays.com\/es\/wp-json\/wp\/v2\/posts\/114431","targetHints":{"allow":["GET"]}}],"collection":[{"href":"https:\/\/www.europesays.com\/es\/wp-json\/wp\/v2\/posts"}],"about":[{"href":"https:\/\/www.europesays.com\/es\/wp-json\/wp\/v2\/types\/post"}],"author":[{"embeddable":true,"href":"https:\/\/www.europesays.com\/es\/wp-json\/wp\/v2\/users\/2"}],"replies":[{"embeddable":true,"href":"https:\/\/www.europesays.com\/es\/wp-json\/wp\/v2\/comments?post=114431"}],"version-history":[{"count":0,"href":"https:\/\/www.europesays.com\/es\/wp-json\/wp\/v2\/posts\/114431\/revisions"}],"wp:featuredmedia":[{"embeddable":true,"href":"https:\/\/www.europesays.com\/es\/wp-json\/wp\/v2\/media\/114432"}],"wp:attachment":[{"href":"https:\/\/www.europesays.com\/es\/wp-json\/wp\/v2\/media?parent=114431"}],"wp:term":[{"taxonomy":"category","embeddable":true,"href":"https:\/\/www.europesays.com\/es\/wp-json\/wp\/v2\/categories?post=114431"},{"taxonomy":"post_tag","embeddable":true,"href":"https:\/\/www.europesays.com\/es\/wp-json\/wp\/v2\/tags?post=114431"}],"curies":[{"name":"wp","href":"https:\/\/api.w.org\/{rel}","templated":true}]}}