{"id":114433,"date":"2025-09-14T13:12:09","date_gmt":"2025-09-14T13:12:09","guid":{"rendered":"https:\/\/www.europesays.com\/es\/114433\/"},"modified":"2025-09-14T13:12:09","modified_gmt":"2025-09-14T13:12:09","slug":"talento-joven-contra-el-cancer-de-colon","status":"publish","type":"post","link":"https:\/\/www.europesays.com\/es\/114433\/","title":{"rendered":"Talento joven contra el c\u00e1ncer de colon"},"content":{"rendered":"<p>Capturar la arquitectura del tejido para replicar una suerte de avatar que permita trabajar sobre un modelo casi id\u00e9ntico al cuerpo humano. En s\u00edntesis, es de lo que trata el proyecto &#8216;NEXT-CRC&#8217;, impulsado por el joven investigador Francisco Lorenzo-Mart\u00edn, placentino de 35 a\u00f1os, y que se ha hecho acreedor de una beca\u00a0ERC Starting Grant,\u00a0que concede el Consejo Europeo de Investigaci\u00f3n, dotada con 1,5 millones de euros, para liderar esta iniciativa, que revolucionar\u00e1 la personalizaci\u00f3n de la medicina en c\u00e1ncer de colon, desde el Centro de Investigaci\u00f3n del C\u00e1ncer de Salamanca.<\/p>\n<p>Aunque se centra en este tipo de tejido, la tecnolog\u00eda que Lorenzo-Mart\u00edn pretende desarrollar podr\u00eda tener distintas aplicaciones. En sus palabras, se trata de \u00absecar la c\u00e9lula tal y como est\u00e1 en el paciente, fuera del paciente\u00bb. Seg\u00fan advierte, en declaraciones a Ical en el CIC, \u00abes algo que se dice de manera simple, pero no es tan simple de realizar\u00bb. De hecho, hasta ahora no se hab\u00eda conseguido, por eso, \u00absi uno quer\u00eda trabajar con un tejido como este, realista, se iba un rat\u00f3n\u00bb. \u00bfEl problema\u00bb, sugiere el investigador, \u00abun rat\u00f3n no es un paciente\u00bb.<\/p>\n<p>Alternativamente, el uso de las c\u00e9lulas externas, hasta ahora, era muy \u00abartificioso\u00bb, es decir, carec\u00eda de similitud con el cuerpo humano porque la tecnolog\u00eda era limitada. \u00abDe unos pocos a\u00f1os a esta parte ha habido muchos desarrollos en lo que se denomina ingenier\u00eda de tejidos o bioingenier\u00eda, y esto es lo que ha abierto la puerta a esta posibilidad de hacer versiones en miniatura, en nuestro caso, pues de un colon que podemos mantener en el laboratorio durante mucho tiempo\u00bb, explica.<\/p>\n<p><strong>Medicina personalizada<\/strong><\/p>\n<p>Lo m\u00e1s interesante es que la complejidad de estos estructuras puede ser modificada a voluntad de los investigadores para recrear todos los componentes que forman parte de un tumor en pacientes, incluidas las c\u00e9lulas sanas de las que se ha originado el tumor, las propias c\u00e9lulas tumorales, y otras c\u00e9lulas presentes en el microambiente tumoral como c\u00e9lulas del sistema inmune o vascular. Adem\u00e1s, son capaces de recrear la estructura histol\u00f3gica del tumor y tejido sano circundante, lo que los hace modelos \u00fanicos.<\/p>\n<p>\u00abEl hecho de que sea una versi\u00f3n en miniatura de un tejido en particular implica no solo que tenga la forma correcta, por ejemplo, de nuestro colon. Aunque parezca un tubo, en realidad aparte de ser una forma cil\u00edndrica, el tubo en s\u00ed tiene unas estructuras, unas imaginaciones que se denominan criptas, donde est\u00e1n las c\u00e9lulas madre. Esto es algo que era muy dif\u00edcil de recapitular y ahora lo podemos hacer. No se trata de que sea un &#8216;totum revolutum&#8217;. Esta tecnolog\u00eda nos permite recapitular estos dos aspectos. Uno, la forma y dos, las c\u00e9lulas correctas en el sitio correcto\u00bb, resume el investigador.<\/p>\n<p>En este sentido, gracias a las tecnolog\u00edas avanzadas de bioingenier\u00eda este nuevo modelo permitir\u00e1 estudiar en profundidad la evoluci\u00f3n del c\u00e1ncer y c\u00f3mo afecta al sistema inmunitario que porta cada paciente. Tambi\u00e9n ser\u00e1n capaces de monitorizar c\u00f3mo responden todos los componentes \u00aben tiempo real\u00bb tras la administraci\u00f3n de distintos tipos de terapia. Por todo ello, estos nuevos modelos ser\u00e1n una \u00abpieza esencial\u00bb para la implantaci\u00f3n de la medicina personalizada y, m\u00e1s concretamente, en el dise\u00f1o de terapias individualizadas y adaptadas a cada paciente. \u00abLa idea \u00faltima de todo esto, que por supuesto hay un camino largo, es mejorar la tasa de \u00e9xito y reducir tambi\u00e9n los efectos secundarios de los tratamientos\u00bb, matiza.<\/p>\n<p><strong>Beca de prestigio<\/strong><\/p>\n<p>Con el objetivo de apoyar ideas cient\u00edficas m\u00e1s brillantes que puedan suponer un avance disruptivo en su campo, las ERC Starting Grant son unas de las ayudas m\u00e1s prestigiosas y competitivas a nivel internacional. Esta financiaci\u00f3n, que otorga el Consejo Europeo de Investigaci\u00f3n, est\u00e1 dirigida espec\u00edficamente a investigadores que comienzan su carrera, con trayectorias prometedoras y propuestas de investigaci\u00f3n excelentes. En la \u00faltima convocatoria, el doctor Lorenzo-Mart\u00edn result\u00f3 seleccionado entre m\u00e1s de 3.900 solicitudes presentadas en toda Europa, lo que, para el ecosistema investigador de Salamanca, convierte este reconocimiento en un sello de excelencia internacional.<\/p>\n<p>\u00abDesde luego es un respaldo muy fuerte porque es una beca muy competitiva. Me parece que la tasa de \u00e9xito es del 12 por ciento de las solicitudes. Y aqu\u00ed, en el contexto espa\u00f1ol, cambia completamente el tipo de investigaci\u00f3n que uno puede hacer. Yo estoy, no puede ser de otra manera, muy agradecido a la financiaci\u00f3n del Plan Nacional de Generaci\u00f3n de Conocimiento, la p\u00fablica que se recibe aqu\u00ed en Espa\u00f1a. Pero es m\u00e1s que evidente, como denuncio yo y much\u00edsimos otros investigadores, que es insuficiente para hacer investigaci\u00f3n competitiva a nivel internacional. Por lo tanto, recibir esta ayuda de la ERC lo que permite es precisamente eso, hacer investigaci\u00f3n de primer\u00edsimo nivel y competir y hacer cosas m\u00e1s interesantes\u00bb, reflexiona el investigador.<\/p>\n<p><strong>Financiaci\u00f3n y ecosistema<\/strong><\/p>\n<p>En este sentido, critica que la diferencia de financiaci\u00f3n respecto a otros pa\u00edses es \u00ababrumadora\u00bb. \u00abHay pa\u00edses que est\u00e1n ligeramente peor que nosotros, otros igual, y otros que est\u00e1n mucho mejor. Esto depende de a qu\u00e9 quiere aspirar el sistema cient\u00edfico espa\u00f1ol. Si queremos estar en la cola o digamos en el vag\u00f3n del medio, pues vamos bien, pero si queremos estar en la cabeza de la locomotora queda mucho por hacer. Toda ayuda es muy bienvenida. El plan nacional es una financiaci\u00f3n que permite subsistir cient\u00edficamente, pero desde luego no hacer investigaci\u00f3n de vanguardia\u00bb, advierte, sugiriendo, en este sentido, que \u00abal final, son cuestiones pol\u00edticas y quiz\u00e1s lo que no revierte en voto a corto plazo no interesa tanto\u00bb.<\/p>\n<p>No obstante, a nivel social, el investigador s\u00ed aprecia una evoluci\u00f3n positiva en cuanto a concienciaci\u00f3n. \u00abCreo que se est\u00e1n haciendo cada vez m\u00e1s esfuerzos en comunicar lo importante que es la investigaci\u00f3n, no solo la traslacional, que es muy f\u00e1cil ver la relevancia de una investigaci\u00f3n m\u00e1s aplicada que va a tratar un paciente, sino la b\u00e1sica, entender por qu\u00e9 ocurren ciertos procesos biol\u00f3gicos que son esos los que abren la puerta luego a hacer descubrimientos relevantes en la cl\u00ednica\u00bb, a\u00f1ade.<\/p>\n<p>Nacido en la localidad cacere\u00f1a de Plasencia, el joven investigador realiz\u00f3 gran parte de su formaci\u00f3n en Salamanca, doctorado incluido. M\u00e1s tarde, pas\u00f3 cinco a\u00f1os en la ciudad suiza de Lausana, donde estableci\u00f3 los cimientos de su carrera cient\u00edfica. \u00abSalamanca es un enclave estrat\u00e9gico para hacer investigaci\u00f3n y adem\u00e1s as\u00ed lo avalan los n\u00fameros. Me parece que todas las ERCs de Castilla Le\u00f3n est\u00e1n aqu\u00ed, salvo una o dos. Yo mismo tuve la libertad para elegir y decid\u00ed volver sabiendo lo que hab\u00eda. Principalmente, en el campo de la biomedicina. Est\u00e1 muy claro, por este c\u00edrculo que tenemos aqu\u00ed. Al fin y cabo, nosotros nos nutrimos de los estudiantes que salen de la universidad, y tener la relaci\u00f3n con la parte cl\u00ednica que aporta el Hospital pues le da un gran valor a\u00f1adido\u00bb, concluye.<\/p>\n","protected":false},"excerpt":{"rendered":"Capturar la arquitectura del tejido para replicar una suerte de avatar que permita trabajar sobre un modelo casi&hellip;\n","protected":false},"author":2,"featured_media":114434,"comment_status":"","ping_status":"","sticky":false,"template":"","format":"standard","meta":{"footnotes":""},"categories":[92],"tags":[801,22783,1066,31921,6324,25,24,165,681,1249,3614,166,23,120],"class_list":{"0":"post-114433","1":"post","2":"type-post","3":"status-publish","4":"format-standard","5":"has-post-thumbnail","7":"category-salud","8":"tag-arquitectura","9":"tag-becas","10":"tag-cancer","11":"tag-celulas-madre","12":"tag-erc","13":"tag-es","14":"tag-espana","15":"tag-health","16":"tag-medicina","17":"tag-plasencia","18":"tag-salamanca","19":"tag-salud","20":"tag-spain","21":"tag-tecnologia"},"share_on_mastodon":{"url":"","error":""},"_links":{"self":[{"href":"https:\/\/www.europesays.com\/es\/wp-json\/wp\/v2\/posts\/114433","targetHints":{"allow":["GET"]}}],"collection":[{"href":"https:\/\/www.europesays.com\/es\/wp-json\/wp\/v2\/posts"}],"about":[{"href":"https:\/\/www.europesays.com\/es\/wp-json\/wp\/v2\/types\/post"}],"author":[{"embeddable":true,"href":"https:\/\/www.europesays.com\/es\/wp-json\/wp\/v2\/users\/2"}],"replies":[{"embeddable":true,"href":"https:\/\/www.europesays.com\/es\/wp-json\/wp\/v2\/comments?post=114433"}],"version-history":[{"count":0,"href":"https:\/\/www.europesays.com\/es\/wp-json\/wp\/v2\/posts\/114433\/revisions"}],"wp:featuredmedia":[{"embeddable":true,"href":"https:\/\/www.europesays.com\/es\/wp-json\/wp\/v2\/media\/114434"}],"wp:attachment":[{"href":"https:\/\/www.europesays.com\/es\/wp-json\/wp\/v2\/media?parent=114433"}],"wp:term":[{"taxonomy":"category","embeddable":true,"href":"https:\/\/www.europesays.com\/es\/wp-json\/wp\/v2\/categories?post=114433"},{"taxonomy":"post_tag","embeddable":true,"href":"https:\/\/www.europesays.com\/es\/wp-json\/wp\/v2\/tags?post=114433"}],"curies":[{"name":"wp","href":"https:\/\/api.w.org\/{rel}","templated":true}]}}