{"id":114453,"date":"2025-09-14T13:24:08","date_gmt":"2025-09-14T13:24:08","guid":{"rendered":"https:\/\/www.europesays.com\/es\/114453\/"},"modified":"2025-09-14T13:24:08","modified_gmt":"2025-09-14T13:24:08","slug":"madrid-se-blinda-ante-las-protestas-propalestinas-de-la-vuelta-ciclista","status":"publish","type":"post","link":"https:\/\/www.europesays.com\/es\/114453\/","title":{"rendered":"Madrid se blinda ante las protestas propalestinas de La Vuelta Ciclista"},"content":{"rendered":"<p><img alt=\"Varios ciclistas pasan por una\" class=\"global-image\" decoding=\"async\" fetchpriority=\"high\" height=\"1280\" loading=\"eager\" src=\"https:\/\/www.europesays.com\/es\/wp-content\/uploads\/2025\/09\/L3OPXJI53ZBLPNHWJOEKIYXXHY.jpg\" width=\"1920\"\/>Varios ciclistas pasan por una zona con protestas propalestinas durante la 20\u00aa etapa de la Vuelta Ciclista a Espa\u00f1a, a 13 de septiembre de 2025, en Navacerrada, Madrid (Espa\u00f1a). (Rafael Bastante &#8211; Europa Press)<\/p>\n<p class=\"paragraph\">Un total de<b> 1.100 agentes de la Polic\u00eda y otros 400 de la Guardia Civil <\/b>desplegados por la Delegaci\u00f3n de Gobierno de Madrid vigilar\u00e1n este domingo la etapa final de <a href=\"https:\/\/www.infobae.com\/espana\/2025\/09\/13\/la-vuelta-recorta-5-kilometros-la-ultima-etapa-de-este-domingo-en-madrid-en-medio-de-las-protestas-propalestinas\/?outputType=amp-type\" target=\"_blank\" rel=\"noreferrer nofollow noopener\" title=\"https:\/\/www.infobae.com\/espana\/2025\/09\/13\/la-vuelta-recorta-5-kilometros-la-ultima-etapa-de-este-domingo-en-madrid-en-medio-de-las-protestas-propalestinas\/?outputType=amp-type\">La Vuelta ciclista a Espa\u00f1a<\/a>, ante las protestas propalestinas que est\u00e1n acompa\u00f1ando la carrera casi a diario en las dos \u00faltimas semanas.<\/p>\n<p class=\"paragraph\">Bajo el lema <b>\u2018La \u00fanica meta: Palestina libre<\/b>\u2019, el Comit\u00e9 palestino del Movimiento de Boicot, Desinversi\u00f3n y Sanciones (BDS) ha convocado, a trav\u00e9s de las redes sociales, <a href=\"https:\/\/www.infobae.com\/america\/agencias\/2025\/09\/13\/madrid-recibe-el-domingo-una-etapa-final-de-la-vuelta-ciclista-a-espana-marcada-por-las-protestas-propalestinas\/\" target=\"_blank\" rel=\"noreferrer nofollow noopener\" title=\"https:\/\/www.infobae.com\/america\/agencias\/2025\/09\/13\/madrid-recibe-el-domingo-una-etapa-final-de-la-vuelta-ciclista-a-espana-marcada-por-las-protestas-propalestinas\/\">protestas pac\u00edficas <\/a>en varios puntos del recorrido de esta vig\u00e9simo primera y \u00faltima etapa, habitualmente un paseo por Madrid en honor al ganador.<\/p>\n<p class=\"paragraph\">Dirigentes de IU, <a href=\"https:\/\/www.infobae.com\/espana\/agencias\/2025\/09\/12\/podemos-acusa-al-gobierno-de-militarizar-madrid-ante-la-protesta-propalestina-convocada-por-el-final-de-la-vuelta\/\" target=\"_blank\" rel=\"noreferrer nofollow noopener\" title=\"https:\/\/www.infobae.com\/espana\/agencias\/2025\/09\/12\/podemos-acusa-al-gobierno-de-militarizar-madrid-ante-la-protesta-propalestina-convocada-por-el-final-de-la-vuelta\/\">Podemos <\/a>y M\u00e1s Madrid han alentado a la participaci\u00f3n en las movilizaciones \u201cpor el fin del genocidio del pueblo palestino\u201d y contra la participaci\u00f3n del equipo<b> Israel-Pemier Tech <\/b>en la carrera.<\/p>\n<p class=\"paragraph\">La \u00faltima etapa es<b> un recorrido de 106,6 km<\/b> con salida en Alalpardo a las cinco menos cuarto de la tarde y llegada prevista a Madrid capital a las 19:39 horas, para dar diez vueltas al tradicional circuito por la Castellana con sus correspondientes diez pasos por meta. La organizaci\u00f3n de La Vuelta recort\u00f3 5 kil\u00f3metros -el paso por Aravaca- en esta \u00faltima jornada por \u201cmotivos de circulaci\u00f3n\u201d para evitar pasar por la A6. El despliegue policial extraordinario se suma al operativo fijo de La Vuelta integrado por <b>132 agentes de la Guardia Civil, y m\u00e1s de 70 efectivos de la Polic\u00eda Nacional<\/b>.<\/p>\n<p class=\"paragraph\">En la pen\u00faltima etapa, ayer s\u00e1bado, una persona fue detenida acusada de atentar contra un agente de la autoridad en una de las concentraciones, <b>una sentada a 18 kil\u00f3metros de la meta<\/b> que oblig\u00f3 a parar por momentos la caravana de veh\u00edculos de carrera y a los corredores a esquivar el corte de la v\u00eda. <\/p>\n<p class=\"paragraph\">*Informaci\u00f3n elaborada por EFE<\/p>\n","protected":false},"excerpt":{"rendered":"Varios ciclistas pasan por una zona con protestas propalestinas durante la 20\u00aa etapa de la Vuelta Ciclista a&hellip;\n","protected":false},"author":2,"featured_media":114454,"comment_status":"","ping_status":"","sticky":false,"template":"","format":"standard","meta":{"footnotes":""},"categories":[273],"tags":[313,312,168,25,24,23,167],"class_list":{"0":"post-114453","1":"post","2":"type-post","3":"status-publish","4":"format-standard","5":"has-post-thumbnail","7":"category-ciclismo","8":"tag-ciclismo","9":"tag-cycling","10":"tag-deportes","11":"tag-es","12":"tag-espana","13":"tag-spain","14":"tag-sports"},"share_on_mastodon":{"url":"","error":""},"_links":{"self":[{"href":"https:\/\/www.europesays.com\/es\/wp-json\/wp\/v2\/posts\/114453","targetHints":{"allow":["GET"]}}],"collection":[{"href":"https:\/\/www.europesays.com\/es\/wp-json\/wp\/v2\/posts"}],"about":[{"href":"https:\/\/www.europesays.com\/es\/wp-json\/wp\/v2\/types\/post"}],"author":[{"embeddable":true,"href":"https:\/\/www.europesays.com\/es\/wp-json\/wp\/v2\/users\/2"}],"replies":[{"embeddable":true,"href":"https:\/\/www.europesays.com\/es\/wp-json\/wp\/v2\/comments?post=114453"}],"version-history":[{"count":0,"href":"https:\/\/www.europesays.com\/es\/wp-json\/wp\/v2\/posts\/114453\/revisions"}],"wp:featuredmedia":[{"embeddable":true,"href":"https:\/\/www.europesays.com\/es\/wp-json\/wp\/v2\/media\/114454"}],"wp:attachment":[{"href":"https:\/\/www.europesays.com\/es\/wp-json\/wp\/v2\/media?parent=114453"}],"wp:term":[{"taxonomy":"category","embeddable":true,"href":"https:\/\/www.europesays.com\/es\/wp-json\/wp\/v2\/categories?post=114453"},{"taxonomy":"post_tag","embeddable":true,"href":"https:\/\/www.europesays.com\/es\/wp-json\/wp\/v2\/tags?post=114453"}],"curies":[{"name":"wp","href":"https:\/\/api.w.org\/{rel}","templated":true}]}}