{"id":114457,"date":"2025-09-14T13:26:07","date_gmt":"2025-09-14T13:26:07","guid":{"rendered":"https:\/\/www.europesays.com\/es\/114457\/"},"modified":"2025-09-14T13:26:07","modified_gmt":"2025-09-14T13:26:07","slug":"el-coviran-se-lo-cree-pero-necesita-un-paso-al-frente-de-zach-hankins","status":"publish","type":"post","link":"https:\/\/www.europesays.com\/es\/114457\/","title":{"rendered":"El Covir\u00e1n se lo cree pero necesita un paso al frente de Zach Hankins"},"content":{"rendered":"<p>Con tres partidos ya en su mochila de la pretemporada, el Covir\u00e1n Granada ha empezado a ense\u00f1ar algunos de las que ser\u00e1n sus signos de  &#8230; distinci\u00f3n cuando la temporada oficial de la Liga Endesa arranque a partir del primer fin de semana de octubre. Como ya hizo ante UCAM Murcia y Caesa Cartagena, el equipo dirigido por Ram\u00f3n D\u00edaz no dudo en apostar por un alto de ritmo de juego en la Copa Andaluc\u00eda celebrada este s\u00e1bado en C\u00f3rdoba ante un rival de tron\u00edo como el Unicaja. Y lo cierto es que las sensaciones que dej\u00f3 el equipo rojinegro \u2013m\u00e1s negro que rojo esta campa\u00f1a\u2013 fueron bastante buenas, dando la cara hasta pr\u00e1cticamente el final frente a un equipo que gan\u00f3 cuatro t\u00edtulos el pasado curso y que viajar\u00e1 ahora a Singapur para defender su t\u00edtulo de la Copa Intercontinental.<\/p>\n<p class=\"v-p\">Sin complejos ante los costasole\u00f1os, el Covir\u00e1n se impuso en los cuartos impares \u201321-26 en el primero y 19-25 en el tercero\u2013, pero cedi\u00f3 m\u00e1s claramente en los pares: 24-14 el segundo y 25-16 el definitivo. De aqu\u00ed puede extraerse una conclusi\u00f3n, y es que el encuentro se le pudo hacer algo &#8216;largo&#8217; a los de D\u00edaz, escenario totalmente l\u00f3gico ante un rival superior y con un punto m\u00e1s de rodaje, dada su necesidad de competir por t\u00edtulos ya la pr\u00f3xima semana. Sin embargo, la buena noticia fue que, si bien ante UCAM y Cartagena, el nivel del Covir\u00e1n cay\u00f3 claramente tras el descanso, en el derbi auton\u00f3mico el fuelle dur\u00f3 m\u00e1s, hasta avanzado ya el \u00faltimo parcial, momento en el que el Unicaja fragu\u00f3 la distancia que acab\u00f3 siendo definitiva.<\/p>\n<p class=\"v-p\">Adem\u00e1s, el equipo granadino supo &#8216;cuidar&#8217; razonablemente bien el bal\u00f3n. Sum\u00f3 diez p\u00e9rdidas, una cifra m\u00e1s que aceptable para estar en pretemporada, implantando un ritmo de juego tanta alto y teniendo un rival enfrente con la capacidad defensiva del Unicaja de Ibon Navarro. Ese fue sin duda otro punto rese\u00f1able, como tambi\u00e9n la decidida apuesta por un alt\u00edsimo volumen de tiros de tres que D\u00edaz quiere imprimir en este equipo, de forma heredada de su experiencia americana. El Covir\u00e1n, que lanz\u00f3 m\u00e1s tiros de tres (35) que de dos (32) empez\u00f3 el partido brillante en ese aspecto, anotando sus seis primeros triples, aunque luego l\u00f3gicamente el porcentaje decay\u00f3 hasta un 37% (13\/35). \u00abLa mentalidad est\u00e1 encima de la mesa, el equipo sabe lo que queremos y si fallamos seguiremos tirando; el objetivo tiene que ser estar cerca de un 40%, que es lo que nos har\u00e1 ganar partidos\u00bb, avis\u00f3 D\u00edaz tras el choque.<\/p>\n<p>Juego interior<\/p>\n<p class=\"v-p\">En todo caso, por mucho que el aficionado rojinegro vaya a acostumbrarse a ver a su equipo usar mucho la l\u00ednea de 6&#8217;75 metros, en la idea de D\u00edaz resulta imprescindible una buena aportaci\u00f3n de sus interiores. Bozic y Burjanadze ser\u00e1n claves en el &#8216;4&#8217;, generando mucho juego en el poste bajo y pudiendo tambi\u00e9n amenazar desde el per\u00edmetro. Mientras, en el puesto de &#8216;5&#8217; ninguna de las piezas tiene tiro exterior, por lo que el trabajo ir\u00e1 mucho m\u00e1s destinado al rebote, la intimidaci\u00f3n y el bloqueo directo, tanto en defensa del rival como generando con el propio.<\/p>\n<p class=\"v-p\">En ese sentido, ahora mismo hay dos figuras claramente diferenciadas. La cara es Babatunde Olumuyiwa, jugador poco virtuoso, pero que conoce muy bien la competici\u00f3n espa\u00f1ola y sabe muy bien el trabajo que ha de hacer. Ante el Unicaja, dio una buena rotaci\u00f3n con 4 puntos, 4 rebotes y 2 tapones en apenas 15 minutos. Eso s\u00ed, en un par de ocasiones de extralimit\u00f3 en ataque y cometi\u00f3 dos p\u00e9rdidas evitables. Fuera de eso, conoce su oficio y seguramente cumplir\u00e1 con \u00e9l.<\/p>\n<p class=\"v-p\">Bastante m\u00e1s desubicado por el momento est\u00e1 Zach Hankins, llamado a ser la referencia en la pintura, pero al que le est\u00e1 costando adaptarse a los rigores t\u00e1cticos y f\u00edsicos que exigir\u00e1 la Liga Endesa. 6 puntos (3\/8 en tiros) y 3 rebotes fueron su hoja de servicios en un partido en el que tuvo problemas de faltas. En ataque le falt\u00f3 energ\u00eda para finalizar mejor y en defensa dos triples decisivos de Kravish llegaron porque el norteamericano del Covir\u00e1n no sali\u00f3 a defenderle. Mucho trabajo a\u00fan con Hankins, al que D\u00edaz le ha pedido que se ponga en forma. Si no, es muy dif\u00edcil jugar a este ritmo para un &#8216;5&#8217; tan puro.<\/p>\n","protected":false},"excerpt":{"rendered":"Con tres partidos ya en su mochila de la pretemporada, el Covir\u00e1n Granada ha empezado a ense\u00f1ar algunos&hellip;\n","protected":false},"author":2,"featured_media":114458,"comment_status":"","ping_status":"","sticky":false,"template":"","format":"standard","meta":{"footnotes":""},"categories":[269],"tags":[299,298,3446,554,168,25,24,3419,9780,18007,4191,23,167,9779],"class_list":{"0":"post-114457","1":"post","2":"type-post","3":"status-publish","4":"format-standard","5":"has-post-thumbnail","7":"category-baloncesto","8":"tag-baloncesto","9":"tag-basketball","10":"tag-coviran","11":"tag-cree","12":"tag-deportes","13":"tag-es","14":"tag-espana","15":"tag-frente","16":"tag-hankins","17":"tag-necesita","18":"tag-paso","19":"tag-spain","20":"tag-sports","21":"tag-zach"},"share_on_mastodon":{"url":"","error":""},"_links":{"self":[{"href":"https:\/\/www.europesays.com\/es\/wp-json\/wp\/v2\/posts\/114457","targetHints":{"allow":["GET"]}}],"collection":[{"href":"https:\/\/www.europesays.com\/es\/wp-json\/wp\/v2\/posts"}],"about":[{"href":"https:\/\/www.europesays.com\/es\/wp-json\/wp\/v2\/types\/post"}],"author":[{"embeddable":true,"href":"https:\/\/www.europesays.com\/es\/wp-json\/wp\/v2\/users\/2"}],"replies":[{"embeddable":true,"href":"https:\/\/www.europesays.com\/es\/wp-json\/wp\/v2\/comments?post=114457"}],"version-history":[{"count":0,"href":"https:\/\/www.europesays.com\/es\/wp-json\/wp\/v2\/posts\/114457\/revisions"}],"wp:featuredmedia":[{"embeddable":true,"href":"https:\/\/www.europesays.com\/es\/wp-json\/wp\/v2\/media\/114458"}],"wp:attachment":[{"href":"https:\/\/www.europesays.com\/es\/wp-json\/wp\/v2\/media?parent=114457"}],"wp:term":[{"taxonomy":"category","embeddable":true,"href":"https:\/\/www.europesays.com\/es\/wp-json\/wp\/v2\/categories?post=114457"},{"taxonomy":"post_tag","embeddable":true,"href":"https:\/\/www.europesays.com\/es\/wp-json\/wp\/v2\/tags?post=114457"}],"curies":[{"name":"wp","href":"https:\/\/api.w.org\/{rel}","templated":true}]}}