{"id":114483,"date":"2025-09-14T13:42:09","date_gmt":"2025-09-14T13:42:09","guid":{"rendered":"https:\/\/www.europesays.com\/es\/114483\/"},"modified":"2025-09-14T13:42:09","modified_gmt":"2025-09-14T13:42:09","slug":"el-bada-huesca-inicia-la-temporada-con-un-serio-correctivo-en-valladolid-35-25","status":"publish","type":"post","link":"https:\/\/www.europesays.com\/es\/114483\/","title":{"rendered":"El Bada Huesca inicia la temporada con un serio correctivo en Valladolid (35-25)"},"content":{"rendered":"<p class=\"paragraph\">El <a href=\"https:\/\/www.heraldo.es\/tags\/temas\/balonmano.html\" title=\"Balonmano\" rel=\"nofollow noopener\" target=\"_blank\">Bada Huesca<\/a> no pudo estrenarse con victoria en <a href=\"https:\/\/www.heraldo.es\/tags\/temas\/liga_asobal.html\" title=\"Liga Asobal\" rel=\"nofollow noopener\" target=\"_blank\">Liga Asobal<\/a> y <b>cay\u00f3 en la primera jornada en su visita al Atl\u00e9tico Valladolid (35-25)<\/b>. Un primer examen exigente para el conjunto aragon\u00e9s, que no fue capaz de tomar la iniciativa del choque ante un rival mucho m\u00e1s maduro. El primer tiempo comenz\u00f3 abierto, con alternativas para ambos equipos. El cuadro aragon\u00e9s lograba ponerse por delante gracias a la mano de Samu Cordi\u00e9s y Nenadic, pero replicaba un Valladolid que no quer\u00eda perder la estela del partido. El conjunto local fue ganando peso gracias a jugadores como Serrano o Ribeiro, y logr\u00f3 situar una renta inicial de tres goles (10-7).<\/p>\n<p class=\"paragraph\">Fue un toque de atenci\u00f3n para el Bada, que puso el empate 10-10 gracias a un par de lanzamientos lejanos de Tchitombi y una aproximaci\u00f3n de Ian Moya. Sin embargo, el Valladolid volv\u00eda a mostrar su superioridad una vez mediado el primer acto, cuando impuso su ley y abri\u00f3 la primera brecha significante:<b> parcial de 6-0 para poner un 17-11 y gozar de una renta psicol\u00f3gica antes del descanso<\/b>. El encuentro se march\u00f3 a los vestuarios con un 18-14, y los de Jos\u00e9 Nolasco deb\u00edan probar otras cosas para poder sacar petr\u00f3leo del\u00a0Polideportivo Huerta del Rey.<\/p>\n<p class=\"paragraph\">El Bada cre\u00eda en la remontada y se puso el mono de trabajo tras la reanudaci\u00f3n. El equipo manten\u00eda la actitud y no se despegaba en el marcador gracias al acierto de Charly y Paulo en los costados. <b>El cuadro oscense resist\u00eda en el marcador y segu\u00eda con vida en el partido (23-18)<\/b>, pero le costaba horrores frenar las cometidas de un Valladolid que comenzaba a anotar con mucha facilidad. Con ello y el acierto en el tiro exterior de hombres como Carvalho y Pablo Herrero, sumado a la falta de punter\u00eda de los de Nolasco en los \u00faltimos compases de partido, termin\u00f3 por regalar al cuadro vallisoletano un parcial letal de 7-0.<\/p>\n<p class=\"paragraph\">Del 25-20 el partido se traslad\u00f3 a un 32-20 que pudo maquillar el equipo de Nolasco en los minutos finales gracias a la mano de Su\u00e1rez y Nenadic. Al t\u00e9rmino del partido, <b>victoria justa para el conjunto local (35-25) ante un Bada Huesca todav\u00eda a medio hacer<\/b>. Una derrota que tambi\u00e9n debe servirle al cuadro de Jos\u00e9 Nolasco como aviso por la exigencia a la que se va a ver sometido el equipo en la presente campa\u00f1a. Como si no fuera consciente el t\u00e9cnico despu\u00e9s de quince a\u00f1os en la \u00e9lite.<\/p>\n<p>Ficha t\u00e9cnica<\/p>\n<p class=\"paragraph\"><b>Atl\u00e9tico Valladolid Recoletas<\/b>: Juan Manuel Bar (2), Serrano (4), Jos\u00e9 Toledo (2), Ribeiro (3), Oliveira (6), Abdelazize (1), D\u00edaz (2) -siete inicial-, P\u00e9rez (portero suplente), Karapalevski (3), Jozinovic (1), Fodorean (3), Cabral (2), Pisonero (1), Camino (1),\u00a0Herrero (2) y Tao Gey-Emparan (2).<\/p>\n<p class=\"paragraph\"><b>Bada Huesca<\/b>: Gabor Decsi, Charly P\u00e9rez (1), Paulo (3), Parera (1), Su\u00e1rez, Frank Cordi\u00e9s (5), Ian Moya (4) (siete inicial), Drasko Nenadic (2), Daniel P\u00e9rez (2), Tchitombi (1), Ben Tekaya, Samu Cordi\u00e9s (5), de Souza y \u00d3scar (1).<\/p>\n<p class=\"paragraph\"><b>\u00c1rbitros<\/b>: Daniel Toro Ponce y Albert P\u00e9rez Acedo. Excluyeron a Lucas Ribeiro, Pablo Herrero, Fodorean, Ribeiro y Jozinovic del Atl\u00e9tico Valladolid, y a Tchitombi, Charly P\u00e9rez, Artur Parera y Nenadic del Bada Huesca.<\/p>\n<p class=\"paragraph\"><b>Incidencias<\/b>: Partido correspondiente a la jornada 1 de la Liga Asobal, disputado en el Polideportivo Huerta del Rey de Valladolid.<\/p>\n<p class=\"paragraph\"><b>Parciales cada cinco minutos<\/b>: 5-3, 8-4, 10-9, 14-11, 17-11, 18-14 (descanso), 19-15, 22-16, 23-18, 26-20, 33-21 y 35-25.<\/p>\n","protected":false},"excerpt":{"rendered":"El Bada Huesca no pudo estrenarse con victoria en Liga Asobal y cay\u00f3 en la primera jornada en&hellip;\n","protected":false},"author":2,"featured_media":114484,"comment_status":"","ping_status":"","sticky":false,"template":"","format":"standard","meta":{"footnotes":""},"categories":[278],"tags":[38632,38631,6256,376,6255,4616,168,25,24,375,1675,885,23,167,38630],"class_list":{"0":"post-114483","1":"post","2":"type-post","3":"status-publish","4":"format-standard","5":"has-post-thumbnail","7":"category-balonmano","8":"tag-atletico-valladolid-bada-huesca","9":"tag-atletico-valladolid-balonmano-huesca","10":"tag-bada-huesca","11":"tag-balonmano","12":"tag-balonmano-huesca","13":"tag-clasificacion","14":"tag-deportes","15":"tag-es","16":"tag-espana","17":"tag-handball","18":"tag-liga-asobal","19":"tag-resultados","20":"tag-spain","21":"tag-sports","22":"tag-valladolid-bada-huesca"},"share_on_mastodon":{"url":"","error":""},"_links":{"self":[{"href":"https:\/\/www.europesays.com\/es\/wp-json\/wp\/v2\/posts\/114483","targetHints":{"allow":["GET"]}}],"collection":[{"href":"https:\/\/www.europesays.com\/es\/wp-json\/wp\/v2\/posts"}],"about":[{"href":"https:\/\/www.europesays.com\/es\/wp-json\/wp\/v2\/types\/post"}],"author":[{"embeddable":true,"href":"https:\/\/www.europesays.com\/es\/wp-json\/wp\/v2\/users\/2"}],"replies":[{"embeddable":true,"href":"https:\/\/www.europesays.com\/es\/wp-json\/wp\/v2\/comments?post=114483"}],"version-history":[{"count":0,"href":"https:\/\/www.europesays.com\/es\/wp-json\/wp\/v2\/posts\/114483\/revisions"}],"wp:featuredmedia":[{"embeddable":true,"href":"https:\/\/www.europesays.com\/es\/wp-json\/wp\/v2\/media\/114484"}],"wp:attachment":[{"href":"https:\/\/www.europesays.com\/es\/wp-json\/wp\/v2\/media?parent=114483"}],"wp:term":[{"taxonomy":"category","embeddable":true,"href":"https:\/\/www.europesays.com\/es\/wp-json\/wp\/v2\/categories?post=114483"},{"taxonomy":"post_tag","embeddable":true,"href":"https:\/\/www.europesays.com\/es\/wp-json\/wp\/v2\/tags?post=114483"}],"curies":[{"name":"wp","href":"https:\/\/api.w.org\/{rel}","templated":true}]}}