{"id":114499,"date":"2025-09-14T13:52:14","date_gmt":"2025-09-14T13:52:14","guid":{"rendered":"https:\/\/www.europesays.com\/es\/114499\/"},"modified":"2025-09-14T13:52:14","modified_gmt":"2025-09-14T13:52:14","slug":"siempre-me-gusto-la-policromia-de-monforte","status":"publish","type":"post","link":"https:\/\/www.europesays.com\/es\/114499\/","title":{"rendered":"Siempre me gust\u00f3 la policrom\u00eda de Monforte"},"content":{"rendered":"<p>El <a target=\"_blank\" href=\"https:\/\/www.elprogreso.es\/tags\/monforte\/\" rel=\"nofollow noopener\">monfortino<\/a>\u00a0<strong>Carlos Gonz\u00e1lez Albo <\/strong>disfruta pintando <strong>paisajes<\/strong>, tanto del interior como de la zona costera en la que vive. Inspirado en la <strong>fotograf\u00eda <\/strong>present\u00f3 la exposici\u00f3n<strong> Ribeira Sacra<\/strong>\u00a0en su ciudad natal durante la \u00faltima quincena de julio y la primera de agosto. Ahora prepara su siguiente muestra, que tendr\u00e1 lugar en<strong> Sober <\/strong>el pr\u00f3ximo mes de <strong>abril.<\/strong><\/p>\n<p><strong>\u00bfQu\u00e9 le inspir\u00f3 a centrar esta muestra en paisajes de la Ribeira Sacra?<\/strong><br \/>Soy pintor realista y monfortino de pura cepa. Me gusta la fotograf\u00eda y de la \u00e9poca en la que sal\u00eda con la c\u00e1mara ten\u00eda mucho material de paisajes de la Ribeira Sacra, tanto de la zona Mi\u00f1o como de la Sil. Las dos tienen mucha magia y por eso hice una exposici\u00f3n basada en cuadros inspirados en estas fotograf\u00edas en Monforte.<\/p>\n<p><strong>\u00bfPor qu\u00e9 eligi\u00f3 este escenario?<\/strong><br \/>Me gust\u00f3 siempre la policrom\u00eda de mi ciudad y no hab\u00eda un lugar mejor para exponer estas pinturas. Uno de los cuadros que m\u00e1s ha gustado en la exposici\u00f3n, la cuarta en mi trayectoria, y que vend\u00ed a un licenciado en arte fue de un vi\u00f1edo en oto\u00f1o, con los colores rojizos de las hojas contrastando con los verdes de la monta\u00f1a y al fondo el r\u00edo Sil. Aunque para m\u00ed el dinero no es lo m\u00e1s importante, s\u00ed que es un orgullo y una satisfacci\u00f3n que te compren tus cuadros y en ese aspecto la exposici\u00f3n fue muy bien. Vend\u00ed 17 de los 27 cuadros expuestos.\u00a0<\/p>\n<p><strong>\u00bfC\u00f3mo ha sido la acogida del p\u00fablico?<\/strong><br \/>Lo cremat\u00edstico influye, pero m\u00e1s lo hace que guste y eso es lo que ha pasado con esta muestra. De arte entendemos todos, solo es ponerse delante de una obra y sentir que te llena. Ver que lo he conseguido ya es suficiente para m\u00ed. Las exposiciones son fundamentales para un pintor, para ver qu\u00e9 despiertas en el p\u00fablico.<\/p>\n<p><strong>\u00bfQu\u00e9 busca transmitir al espectador a trav\u00e9s de sus paisajes?<\/strong><br \/>La sensibilidad, tocar ese punto del alma. Quiero que disfruten de la gama de colores que uso y que les transporte al lugar y el ambiente.<\/p>\n<p><strong>\u00bfHay alg\u00fan mensaje emocional o cultural sobre la Ribeira Sacra que busque trasladar con su obra?\u00a0<\/strong><br \/>Sobre todo quiero que les conmueva, que sientan que est\u00e1n ah\u00ed mirando el paisaje. La indiferencia es lo \u00fanico que no quiero despertar. Quiero que algo de mi cuadro tire del espectador y le conmocione, eso es lo m\u00e1ximo a lo que puedo aspirar como pintor.\u00a0<\/p>\n<p><strong>\u00bfEs principalmente un ejercicio est\u00e9tico o tambi\u00e9n una reflexi\u00f3n identitaria o cultural?<\/strong><br \/>Adem\u00e1s de por un tema personal, ya que soy de la zona, la Ribeira Sacra me llama est\u00e9ticamente por la belleza del paisaje interior de Galicia. Los americanos tienen el Gran Ca\u00f1\u00f3n, nosotros la Ribeira Sacra que nos habla con los colores del paso del tiempo.<\/p>\n<p><strong>\u00bfTiene planeadas nuevas exposiciones para el futuro?<\/strong><br \/>Ya tengo otra apalabrada, &#8216;Galicia interior, mar y flores&#8217; que se har\u00e1 en abril en la casa de la cultura de Sober. Habr\u00e1 diez cuadros de la Ribeira Sacra y otros del mar en las R\u00edas Baixas.<\/p>\n","protected":false},"excerpt":{"rendered":"El monfortino\u00a0Carlos Gonz\u00e1lez Albo disfruta pintando paisajes, tanto del interior como de la zona costera en la que&hellip;\n","protected":false},"author":2,"featured_media":114500,"comment_status":"","ping_status":"","sticky":false,"template":"","format":"standard","meta":{"footnotes":""},"categories":[173],"tags":[229,233,231,230,4194,232,234,146,147,25,24,244,27284,503,38637,23],"class_list":{"0":"post-114499","1":"post","2":"type-post","3":"status-publish","4":"format-standard","5":"has-post-thumbnail","7":"category-arte-y-diseno","8":"tag-arte","9":"tag-arte-y-diseno","10":"tag-arts","11":"tag-arts-and-design","12":"tag-cuadros","13":"tag-design","14":"tag-diseno","15":"tag-entertainment","16":"tag-entretenimiento","17":"tag-es","18":"tag-espana","19":"tag-fotografia","20":"tag-monforte","21":"tag-pintura","22":"tag-ribeira-sacra","23":"tag-spain"},"share_on_mastodon":{"url":"","error":""},"_links":{"self":[{"href":"https:\/\/www.europesays.com\/es\/wp-json\/wp\/v2\/posts\/114499","targetHints":{"allow":["GET"]}}],"collection":[{"href":"https:\/\/www.europesays.com\/es\/wp-json\/wp\/v2\/posts"}],"about":[{"href":"https:\/\/www.europesays.com\/es\/wp-json\/wp\/v2\/types\/post"}],"author":[{"embeddable":true,"href":"https:\/\/www.europesays.com\/es\/wp-json\/wp\/v2\/users\/2"}],"replies":[{"embeddable":true,"href":"https:\/\/www.europesays.com\/es\/wp-json\/wp\/v2\/comments?post=114499"}],"version-history":[{"count":0,"href":"https:\/\/www.europesays.com\/es\/wp-json\/wp\/v2\/posts\/114499\/revisions"}],"wp:featuredmedia":[{"embeddable":true,"href":"https:\/\/www.europesays.com\/es\/wp-json\/wp\/v2\/media\/114500"}],"wp:attachment":[{"href":"https:\/\/www.europesays.com\/es\/wp-json\/wp\/v2\/media?parent=114499"}],"wp:term":[{"taxonomy":"category","embeddable":true,"href":"https:\/\/www.europesays.com\/es\/wp-json\/wp\/v2\/categories?post=114499"},{"taxonomy":"post_tag","embeddable":true,"href":"https:\/\/www.europesays.com\/es\/wp-json\/wp\/v2\/tags?post=114499"}],"curies":[{"name":"wp","href":"https:\/\/api.w.org\/{rel}","templated":true}]}}