{"id":114503,"date":"2025-09-14T13:56:07","date_gmt":"2025-09-14T13:56:07","guid":{"rendered":"https:\/\/www.europesays.com\/es\/114503\/"},"modified":"2025-09-14T13:56:07","modified_gmt":"2025-09-14T13:56:07","slug":"viaje-al-origen-del-mito-del-cervantes-homosexual-que-recupera-amenabar-no-hay-que-colocarlo-ni-en-una-peana-de-marmol-ni-en-una-carroza-del-orgullo-el-mundo","status":"publish","type":"post","link":"https:\/\/www.europesays.com\/es\/114503\/","title":{"rendered":"Viaje al origen del mito del Cervantes homosexual que recupera Amen\u00e1bar: &quot;No hay que colocarlo ni en una peana de m\u00e1rmol ni en una carroza del Orgullo&quot; &#8211; El Mundo"},"content":{"rendered":"<ol>\n<li><a href=\"https:\/\/news.google.com\/rss\/articles\/CBMie0FVX3lxTE15aGpaNkFrOGZTTzVObnh0YTFfc2hsblMwa0tDNTlwXzdwT1NnUGs0NTQwRmhoeGtFaEY4MERwYnU5ckFlNFBPODR2TFhtY1g3a0hWMFZPb0lqRGxyalJVUC1Ta2hmRjZ5TEtwMzFndUowMzhncHRuTExUTdIBe0FVX3lxTE9rRWpvNkdkakk1ZTRrNWpkaHV3RnF3VEdJLVl1b0MxalZBVmFMNi1YaVNGWHpTR20tbTRVd0VBN1o4QTRfX2Ria0k4UlZjMVNEZ3pWcXhTelhvb3p4V2ZNR05QNUIxdGVOdXFCbU04TWRZbDNiNTlnQkR3OA?oc=5\" target=\"_blank\" rel=\"nofollow noopener\">Viaje al origen del mito del Cervantes homosexual que recupera Amen\u00e1bar: \u00abNo hay que colocarlo ni en una peana de m\u00e1rmol ni en una carroza del Orgullo\u00bb<\/a>&nbsp;&nbsp;El Mundo<\/li>\n<li><a href=\"https:\/\/news.google.com\/rss\/articles\/CBMijAJBVV95cUxNQU55ZGZzWF9CbGFEUGU1TkNBSmFvSlo5OFU3LUlTSy1xaWNJekFWS2VNUGw4YkhsTnE2X2FrcGtnVXY1c0JKanRadmltMWhKS0EzYW1adU1jMzBBYVJJLTQwZzNnUXNueFJsTms5OWNjNnNrUDczNGkzMjN4bkJnZkFzZXdVcEx5NlhVbndHaGtLSnk3QUtJRjdUY3FSalZ3WFlWeWlRRmpPc0k3OUhDSlVQS214SDBtVEhSOFMxc3hvWXN6aXFENkZfX2J0RGZDUjNuRTlkcnRNVGZuTWVNcDRYYkUzeURYbEVwbXpOMEhXbTFWQmtXQzFuUjVEOTdmaEFGb1Q0bzUxSXVr?oc=5\" target=\"_blank\" rel=\"nofollow noopener\">El comentario de Arturo P\u00e9rez-Reverte sobre la nueva pel\u00edcula de Amen\u00e1bar: \u00abHay dos minutos pol\u00e9micos que<\/a>&nbsp;&nbsp;Onda Cero<\/li>\n<li><a href=\"https:\/\/news.google.com\/rss\/articles\/CBMirgFBVV95cUxQUzh6aDlHaVIzMnlwemFjeUFLdXAxRUpTVldjVUhPeWY0TnFtanNCclBrNVBGSWx5WWNQV0FRUXdGaUFqV3M1cVFLS3lEbUItUzZIQkJOVWNXemtOYTNBcmF1bFNUd0dRTDlmdDZtTC1GS0I0UF9ULWZBR2J4WF9xYWZtcXVsQ0Y5VU9hN2k0WFREOVVvV2xCcld0ZnVaQjVEUVJyendBMkJMZXdmQXc?oc=5\" target=\"_blank\" rel=\"nofollow noopener\">Cervantes: la historia real de los personajes de &#8216;El cautivo&#8217; que Amen\u00e1bar no cuenta<\/a>&nbsp;&nbsp;ABC<\/li>\n<li><a href=\"https:\/\/news.google.com\/rss\/articles\/CBMisgFBVV95cUxPNEpmZHRsLXBMR0t3YS1JU1FTbGFNMnE3Rjc1Rm11c2xGUzlIXy14REk5dHcyNEQ5WnNZSFlMOHNpLWlIWTNtQ3Y5WUctajB5SlJlVUQ1bl9KUVc1cTd3clg1b2FOZmRCRnlfSzZRYTVYZVh4c0lxQ3pOTVByN19OOGpPUS01TmV5empvMjNWVjRDM3p1YkEwdHA0QWJBckg0VTZITVJuWGtKbUZodVFmTWlB?oc=5\" target=\"_blank\" rel=\"nofollow noopener\">El embrollo \u00abqueer\u00bb del joven Cervantes<\/a>&nbsp;&nbsp;La Voz de Galicia<\/li>\n<li><a href=\"https:\/\/news.google.com\/rss\/articles\/CBMivgFBVV95cUxQV01lTThxRTIyaG1FV1hkTC1ZamxuUHYtVldDX2U1RlBibmllUktodFJ5NUtjQzUwZ2xWMTVIdEgxelRkc1ZJTkd6Q09qdnRRMVljYUtYMF94Ymdwd3dkM2JTdlRfemJiTnU1UkI3bHZRNlZqMzVvbkJndTJNWUJDUTdDRTdTdUhoZzdBVUxWUXZya0hEa2JUUHROUTlpd0k0WHhnZVRodkw0Qno5QmJmMGkzYUdEVzF3Y2J2alhR0gHDAUFVX3lxTE1ZWTVHampLT1hQYk9TRWNBQWdNN0hFVHpsbjRLdTA1T3AyQTZYNFNsSGpxa0cxS2JUOWQxdXBJREUyTWJHRDNsZU5yQ2h3N3NCTlZjWkRxLXRmTE9vTXBnQ01NY2ZOUldlalJnUE1MUG5VeWRqVWNhZUI5VWliQzV6WlVVU3B4TTByY2FGU1JTRC1Ta2owMVFETExXMzRVQTduT3Etckl6Nld3d1lyRVg0MVlHdEhnYThzS2NQYWZ4TWEyRQ?oc=5\" target=\"_blank\" rel=\"nofollow noopener\">Alejandro Amen\u00e1bar: \u201cCreo que Cervantes era gay entre comillas\u201d<\/a>&nbsp;&nbsp;La Vanguardia<\/li>\n<\/ol>\n","protected":false},"excerpt":{"rendered":"Viaje al origen del mito del Cervantes homosexual que recupera Amen\u00e1bar: \u00abNo hay que colocarlo ni en una&hellip;\n","protected":false},"author":2,"featured_media":114504,"comment_status":"","ping_status":"","sticky":false,"template":"","format":"standard","meta":{"footnotes":""},"categories":[169],"tags":[13339,177,5293,146,147,25,24,176,34786,175,23],"class_list":{"0":"post-114503","1":"post","2":"type-post","3":"status-publish","4":"format-standard","5":"has-post-thumbnail","7":"category-cine","8":"tag-alejandro-amenabar","9":"tag-cine","10":"tag-cronica","11":"tag-entertainment","12":"tag-entretenimiento","13":"tag-es","14":"tag-espana","15":"tag-film","16":"tag-miguel-de-cervantes","17":"tag-movies","18":"tag-spain"},"share_on_mastodon":{"url":"","error":""},"_links":{"self":[{"href":"https:\/\/www.europesays.com\/es\/wp-json\/wp\/v2\/posts\/114503","targetHints":{"allow":["GET"]}}],"collection":[{"href":"https:\/\/www.europesays.com\/es\/wp-json\/wp\/v2\/posts"}],"about":[{"href":"https:\/\/www.europesays.com\/es\/wp-json\/wp\/v2\/types\/post"}],"author":[{"embeddable":true,"href":"https:\/\/www.europesays.com\/es\/wp-json\/wp\/v2\/users\/2"}],"replies":[{"embeddable":true,"href":"https:\/\/www.europesays.com\/es\/wp-json\/wp\/v2\/comments?post=114503"}],"version-history":[{"count":0,"href":"https:\/\/www.europesays.com\/es\/wp-json\/wp\/v2\/posts\/114503\/revisions"}],"wp:featuredmedia":[{"embeddable":true,"href":"https:\/\/www.europesays.com\/es\/wp-json\/wp\/v2\/media\/114504"}],"wp:attachment":[{"href":"https:\/\/www.europesays.com\/es\/wp-json\/wp\/v2\/media?parent=114503"}],"wp:term":[{"taxonomy":"category","embeddable":true,"href":"https:\/\/www.europesays.com\/es\/wp-json\/wp\/v2\/categories?post=114503"},{"taxonomy":"post_tag","embeddable":true,"href":"https:\/\/www.europesays.com\/es\/wp-json\/wp\/v2\/tags?post=114503"}],"curies":[{"name":"wp","href":"https:\/\/api.w.org\/{rel}","templated":true}]}}