{"id":114511,"date":"2025-09-14T14:00:11","date_gmt":"2025-09-14T14:00:11","guid":{"rendered":"https:\/\/www.europesays.com\/es\/114511\/"},"modified":"2025-09-14T14:00:11","modified_gmt":"2025-09-14T14:00:11","slug":"por-que-este-experto-de-harvard-afirma-que-3i-atlas-es-una-nave-alienigena-la-polarizacion","status":"publish","type":"post","link":"https:\/\/www.europesays.com\/es\/114511\/","title":{"rendered":"\u00bfPor qu\u00e9 este experto de Harvard afirma que 3I\/ATLAS es una nave alien\u00edgena? La polarizaci\u00f3n"},"content":{"rendered":"<p>Desde 2011, Avi Loeb es director del departamento de Astronom\u00eda de Harvard. Ha creado la Iniciativa de Agujeros Negros de Harvard (el primer centro interdisciplinario centrado en el estudio de los agujeros negros). Es, tambi\u00e9n, <b>director del Instituto de Teor\u00eda y Computaci\u00f3n (ITC) del Centro de Astrof\u00edsica Harvard-Smithsonian<\/b>. Vamos, no es un ne\u00f3fito. Y ahora se ha centrado en estudiar el visitante estelar 3I\/ATLAS. <\/p>\n<p>El 1 de julio, el Sistema de \u00daltima Alerta de Impacto Terrestre de Asteroides (ATLAS) <a title=\"detect\u00f3\" href=\"https:\/\/atlas.fallingstar.com\/\" target=\"_blank\" rel=\"nofollow noopener\">detect\u00f3<\/a> lo que inicialmente se crey\u00f3 que era un asteroide. A medida que avanzaban los c\u00e1lculos de su \u00f3rbita, se descubri\u00f3 que proven\u00eda de fuera de nuestro sistema solar, el tercer objeto interestelar jam\u00e1s detectado. El primero fue 1I\/Oumuamua en 2017 y dos a\u00f1os despu\u00e9s el cometa 2I\/Borisov, golpe\u00f3 a nuestras puertas. Pero <b>hay algo que hace que 3I\/ATLAS sea diferente.<\/b><\/p>\n<p>Desde su descubrimiento, los astr\u00f3nomos han intentado obtener toda la informaci\u00f3n posible sobre este nuevo intruso interestelar, lo que demostrado no ser f\u00e1cil: <b>su nube de polvo y gases, conocida como coma, oculta el n\u00facleo y evita analizarlo a fondo. <\/b><\/p>\n<p>Una de las primeras cosas que se descubri\u00f3 sobre 3I\/ATLAS fue que, de hecho, <b>se trataba de algo procedente de fuera de nuestro sistema solar, expulsado de otro sistema estelar durante la formaci\u00f3n de planetas.<\/b><\/p>\n<p>Sabemos que proviene de otro sistema por la velocidad a la que viaja, mucho mayor que la velocidad de escape del sistema solar: es tan r\u00e1pido que la gravedad del Sol no puede detenerlo. Tanto que, <a href=\"https:\/\/science.nasa.gov\/solar-system\/comets\/3i-atlas\/\" rel=\"nofollow noopener\" target=\"_blank\">a unos 200.000 km\/h<\/a>, <b>es el objeto m\u00e1s r\u00e1pido que ha atravesado el sistema solar.<\/b><\/p>\n<p>Lo que hace especular que tambi\u00e9n podr\u00eda ser <a title=\"el objeto m\u00e1s antiguo\" href=\"https:\/\/www.bbc.com\/news\/articles\/cx23g5jpj9go\" target=\"_blank\" rel=\"nofollow noopener\">el objeto m\u00e1s antiguo<\/a> que haya pasado por nuestro sistema solar. Pero hay m\u00e1s detalles que podr\u00edan convertirlo en \u00fanico. No solo ha <a href=\"https:\/\/www.larazon.es\/ciencia\/objeto-interestelar-3iatlas-vuelve-sorprender-esta-creciendo-cola-b30m_2025091068bfed49bf8802738973db51.html\" rel=\"nofollow noopener\" target=\"_blank\">cambiado de forma<\/a>, <a href=\"https:\/\/www.larazon.es\/ciencia\/atlas3i-solo-cambia-forma-tambien-color-sabemos-razon_2025091368c515e6ca99f73feef267fd.html\" rel=\"nofollow noopener\" target=\"_blank\">tambi\u00e9n de color<\/a>. <b>Y ahora se ha producido otra modificaci\u00f3n: su polarizaci\u00f3n. <\/b><\/p>\n<p>De acuerdo con <a href=\"https:\/\/arxiv.org\/pdf\/2509.05181\" rel=\"nofollow noopener\" target=\"_blank\">un estudio<\/a> liderado por el mencionado Avi Loeb esto podr\u00eda indicar un origen tecnol\u00f3gico. \u201cLa combinaci\u00f3n de un \u00e1ngulo de inversi\u00f3n bajo y una polarizaci\u00f3n negativa extrema no tiene precedentes entre cometas y asteroides \u2013 se\u00f1ala el estudio -, lo que convierte a 3I\/ATLAS en el primer objeto conocido con dicho comportamiento. Adem\u00e1s de esta nueva anomal\u00eda, <b>3I\/ATLAS present\u00f3 otras que lo hacen \u00fanico, lo que permite considerar su origen tecnol\u00f3gico como una alternativa viable\u201d.<\/b><\/p>\n<p>Es obvio lo que significa \u201corigen tecnol\u00f3gico\u201d, pero \u00bfa qu\u00e9 se refiere el cambio de polarizaci\u00f3n? En pocas palabras, es la forma en que la luz se desprende, incluyendo su campo el\u00e9ctrico y magn\u00e9tico y, en este caso,<b> es muy diferente a lo observado en otros cometas. As\u00ed, en lugar de que la luz vaya en direcciones diferentes, aparece en una sola direcci\u00f3n.<\/b><\/p>\n<p>Esto podr\u00eda deberse a que las part\u00edculas que se han desprendido del n\u00facleo y flotan a su alrededor, tienen un tama\u00f1o, forma, distribuci\u00f3n o composici\u00f3n inusuales, <b>en comparaci\u00f3n con las part\u00edculas que tienden a desprenderse de los n\u00facleos de los cometas <\/b>del sistema solar. <\/p>\n<p>Si a eso le sumamos una composici\u00f3n: tanto <a href=\"https:\/\/science.nasa.gov\/blogs\/3iatlas\/2025\/08\/25\/nasas-webb-space-telescope-observes-interstellar-comet\/\" rel=\"nofollow noopener\" target=\"_blank\">el Telescopio Espacial James Webb<\/a> como <a title=\"SphereX\" href=\"https:\/\/spherex.caltech.edu\/news\/3i-atlas-co2-coma\" target=\"_blank\" rel=\"nofollow noopener\">SphereX<\/a>, el telescopio espacial de la Universidad Caltech, descubrieron <b>una abundancia de di\u00f3xido de carbono<\/b> en comparaci\u00f3n con lo que se observa en los cometas del sistema solar. <\/p>\n<p>S\u00ed, es cierto que todo esto <b>hace que 3I\/ATLAS sea diferente a lo que se observa en nuestro sistema solar<\/b>. Y tambi\u00e9n es cierto que viene de otros lejanos, pero eso, por s\u00ed solo, no significa que sea parte de una tecnolog\u00eda alien\u00edgena <\/p>\n<p>En breve 3I\/ATLAS, desaparecer\u00e1 bajo el resplandor solar en las pr\u00f3ximas semanas y reaparecer\u00e1 en diciembre. Los astr\u00f3nomos deber\u00edan tener tiempo suficiente para estudiarlo a medida que abandone el sistema solar, ya que ser\u00e1 visible durante aproximadamente un a\u00f1o. <b>Quiz\u00e1s entonces tengamos m\u00e1s respuestas. <\/b><\/p>\n","protected":false},"excerpt":{"rendered":"Desde 2011, Avi Loeb es director del departamento de Astronom\u00eda de Harvard. Ha creado la Iniciativa de Agujeros&hellip;\n","protected":false},"author":2,"featured_media":114512,"comment_status":"","ping_status":"","sticky":false,"template":"","format":"standard","meta":{"footnotes":""},"categories":[81],"tags":[119,123,124,25,24,117,121,122,23,118,120],"class_list":{"0":"post-114511","1":"post","2":"type-post","3":"status-publish","4":"format-standard","5":"has-post-thumbnail","7":"category-ciencia-y-tecnologia","8":"tag-ciencia","9":"tag-ciencia-y-tecnologia","10":"tag-cienciaytecnologia","11":"tag-es","12":"tag-espana","13":"tag-science","14":"tag-science-and-technology","15":"tag-scienceandtechnology","16":"tag-spain","17":"tag-technology","18":"tag-tecnologia"},"share_on_mastodon":{"url":"","error":""},"_links":{"self":[{"href":"https:\/\/www.europesays.com\/es\/wp-json\/wp\/v2\/posts\/114511","targetHints":{"allow":["GET"]}}],"collection":[{"href":"https:\/\/www.europesays.com\/es\/wp-json\/wp\/v2\/posts"}],"about":[{"href":"https:\/\/www.europesays.com\/es\/wp-json\/wp\/v2\/types\/post"}],"author":[{"embeddable":true,"href":"https:\/\/www.europesays.com\/es\/wp-json\/wp\/v2\/users\/2"}],"replies":[{"embeddable":true,"href":"https:\/\/www.europesays.com\/es\/wp-json\/wp\/v2\/comments?post=114511"}],"version-history":[{"count":0,"href":"https:\/\/www.europesays.com\/es\/wp-json\/wp\/v2\/posts\/114511\/revisions"}],"wp:featuredmedia":[{"embeddable":true,"href":"https:\/\/www.europesays.com\/es\/wp-json\/wp\/v2\/media\/114512"}],"wp:attachment":[{"href":"https:\/\/www.europesays.com\/es\/wp-json\/wp\/v2\/media?parent=114511"}],"wp:term":[{"taxonomy":"category","embeddable":true,"href":"https:\/\/www.europesays.com\/es\/wp-json\/wp\/v2\/categories?post=114511"},{"taxonomy":"post_tag","embeddable":true,"href":"https:\/\/www.europesays.com\/es\/wp-json\/wp\/v2\/tags?post=114511"}],"curies":[{"name":"wp","href":"https:\/\/api.w.org\/{rel}","templated":true}]}}