{"id":114531,"date":"2025-09-14T14:15:12","date_gmt":"2025-09-14T14:15:12","guid":{"rendered":"https:\/\/www.europesays.com\/es\/114531\/"},"modified":"2025-09-14T14:15:12","modified_gmt":"2025-09-14T14:15:12","slug":"mas-que-una-galeria-de-arte-en-zizur-mayor","status":"publish","type":"post","link":"https:\/\/www.europesays.com\/es\/114531\/","title":{"rendered":"m\u00e1s que una galer\u00eda de arte, en Zizur Mayor"},"content":{"rendered":"<p>                                                                 Nuestro mayor deseo es poner el arte y la cultura al alcance de todos\u201d, afirma Ana Isabel \u00c1lvarez Garc\u00eda, responsable de la <a href=\"https:\/\/www.artea2.com\/\" rel=\"nofollow noreferrer noopener\" target=\"_blank\">Galer\u00eda ArteA2<\/a>, en Zizur Mayor. Y lo cumple. Su espacio se ha convertido en <strong>un lugar de encuentro innovador e integrador entre artistas y p\u00fablico<\/strong>.<\/p>\n<p>En las clases de pintura y dibujo se transmite las diferentes formas de ver y entender el arte, con clases totalmente personalizadas para principiantes y alumnos con experiencia. Est\u00e1n ya <strong>abiertas las inscripciones del nuevo curso 2025\/26.<\/strong>\n<\/p>\n<p>Con los a\u00f1os, <a href=\"https:\/\/www.artea2.com\/\" rel=\"nofollow noreferrer noopener\" target=\"_blank\">ArteA2<\/a> ha ampliado su actividad y se ha especializado en la <strong>enmarcaci\u00f3n personalizada de todo tipo de piezas<\/strong>, siempre con un asesoramiento cercano y profesional. \u201cContamos con variedad decorativa de molduras de aluminio y madera, variedad de cristales, brillo, mate, museo, espejo\u201d.<br \/>\nPor supuesto, la esencia de <a href=\"https:\/\/www.artea2.com\/\" rel=\"nofollow noreferrer noopener\" target=\"_blank\">ArteA2 <\/a>sigue siendo la galer\u00eda de arte, son 18 a\u00f1os abriendo espacio para el arte. Dando difusi\u00f3n al arte contempor\u00e1neo y sus tendencias, en todas las disciplinas. Hasta este s\u00e1bado 13 se puede ver la obra de<strong> Mart\u00edn de Diego S\u00e1daba \u00ab<\/strong>el mismo d\u00eda a las 12h nos deleitara con una visita guiada de su obra\u00bb.<\/p>\n<p>La nueva temporada de exposiciones la abrir\u00e1 <strong>Carlos L\u00f3pez el 20 de septiembre<\/strong>, artista tudelano especializado en texturas, paisajes y arte contempor\u00e1neo.<\/p>\n","protected":false},"excerpt":{"rendered":"Nuestro mayor deseo es poner el arte y la cultura al alcance de todos\u201d, afirma Ana Isabel \u00c1lvarez&hellip;\n","protected":false},"author":2,"featured_media":114532,"comment_status":"","ping_status":"","sticky":false,"template":"","format":"standard","meta":{"footnotes":""},"categories":[173],"tags":[229,233,38642,231,230,38643,232,234,38644,146,147,25,24,38640,38641,23],"class_list":{"0":"post-114531","1":"post","2":"type-post","3":"status-publish","4":"format-standard","5":"has-post-thumbnail","7":"category-arte-y-diseno","8":"tag-arte","9":"tag-arte-y-diseno","10":"tag-arte-zizur-mayor","11":"tag-arts","12":"tag-arts-and-design","13":"tag-cursos-pintura-zizur","14":"tag-design","15":"tag-diseno","16":"tag-enmarcacion-zizur","17":"tag-entertainment","18":"tag-entretenimiento","19":"tag-es","20":"tag-espana","21":"tag-galeria-arte","22":"tag-galeria-zizur","23":"tag-spain"},"share_on_mastodon":{"url":"","error":""},"_links":{"self":[{"href":"https:\/\/www.europesays.com\/es\/wp-json\/wp\/v2\/posts\/114531","targetHints":{"allow":["GET"]}}],"collection":[{"href":"https:\/\/www.europesays.com\/es\/wp-json\/wp\/v2\/posts"}],"about":[{"href":"https:\/\/www.europesays.com\/es\/wp-json\/wp\/v2\/types\/post"}],"author":[{"embeddable":true,"href":"https:\/\/www.europesays.com\/es\/wp-json\/wp\/v2\/users\/2"}],"replies":[{"embeddable":true,"href":"https:\/\/www.europesays.com\/es\/wp-json\/wp\/v2\/comments?post=114531"}],"version-history":[{"count":0,"href":"https:\/\/www.europesays.com\/es\/wp-json\/wp\/v2\/posts\/114531\/revisions"}],"wp:featuredmedia":[{"embeddable":true,"href":"https:\/\/www.europesays.com\/es\/wp-json\/wp\/v2\/media\/114532"}],"wp:attachment":[{"href":"https:\/\/www.europesays.com\/es\/wp-json\/wp\/v2\/media?parent=114531"}],"wp:term":[{"taxonomy":"category","embeddable":true,"href":"https:\/\/www.europesays.com\/es\/wp-json\/wp\/v2\/categories?post=114531"},{"taxonomy":"post_tag","embeddable":true,"href":"https:\/\/www.europesays.com\/es\/wp-json\/wp\/v2\/tags?post=114531"}],"curies":[{"name":"wp","href":"https:\/\/api.w.org\/{rel}","templated":true}]}}