{"id":114533,"date":"2025-09-14T14:17:16","date_gmt":"2025-09-14T14:17:16","guid":{"rendered":"https:\/\/www.europesays.com\/es\/114533\/"},"modified":"2025-09-14T14:17:16","modified_gmt":"2025-09-14T14:17:16","slug":"7-series-para-hacer-maraton-en-la-cuenta-atras-de-los-emmy","status":"publish","type":"post","link":"https:\/\/www.europesays.com\/es\/114533\/","title":{"rendered":"7 series para hacer marat\u00f3n en la cuenta atr\u00e1s de los Emmy"},"content":{"rendered":"<p id=\"ecxQVNURVh\" data-wc=\"3\"><strong>1. The pitt<\/strong><\/p>\n<p id=\"e6HJk8ly3C\" data-wc=\"36\">Considerada la heredera de Urgencias desde su estreno \u2014de hecho su protagonista, el doctor Robby, es<strong>\u00a0Noah Wyle , uno de los actores de la legendaria serie<\/strong>\u2014, esta serie ha sido la <strong>sorpresa de la temporada.\u00a0<\/strong><\/p>\n<p id=\"epuFuhTfl_Y\" data-wc=\"72\">A lo largo de 15 episodios, en cada uno de ellos cuenta, hora por hora, <strong>lo que experimenta un grupo de estudiantes m\u00e9dicos en un turno de urgencias.\u00a0<\/strong><a class=\"hm-link ho-link\" href=\"https:\/\/www.hola.com\/actualidad\/20250208812049\/the-pitt-noah-wyle-urgencias-a-muerte-series-espanyolas\/\" data-mrf-recirculation=\"article-body-link\" rel=\"nofollow noopener\" target=\"_blank\">No abandonamos el hospital, salvo alg\u00fan flashback de lo que vivi\u00f3 el doctor Robby durante la pandemia<\/a>. Y ah\u00ed reside el <strong>secreto de su \u00e9xito:<\/strong> es trepidante y no se <strong>escatima la realidad de la medicina de urgencias<\/strong>, con sus <strong>dramas y sus logros.\u00a0<\/strong><\/p>\n<p id=\"eopaDuduUG\" data-wc=\"3\"><strong>D\u00f3nde verla:<\/strong> HBOMax<\/p>\n<p>  <img src=\"https:\/\/www.europesays.com\/es\/wp-content\/uploads\/2025\/09\/bccb8e1b2d12-patrick-marron-ball-noah-wyle-tracy-ifeachor.jpg\"   width=\"1920\" height=\"1280\" loading=\"lazy\" decoding=\"async\" alt=\"Media Image\" fetchpriority=\"auto\" class=\"image ho-image\"\/>\u00a9 HBOMax<\/p>\n<p id=\"ehmZuvdZOH\" data-wc=\"3\"><strong>2. The Studio<\/strong><\/p>\n<p id=\"e7QGI-JFdM\" data-wc=\"58\">Imagina que <strong>tu sue\u00f1o de convertirte en el mayor productor de Hollywood\u00a0<\/strong>pasa por que consigas el<strong>\u00a0gran blockbuster\u00a0de la temporada<\/strong>, que <strong>salve al estudio de la quiebra.\u00a0<\/strong>Eso es <a class=\"hm-link ho-link\" href=\"https:\/\/www.hola.com\/actualidad\/20250804847890\/las-10-series-perfectas-de-netflix-a-prime-para-disfrutar-en-familia-estas-vacaciones\/\" data-mrf-recirculation=\"article-body-link\" rel=\"nofollow noopener\" target=\"_blank\">lo que cuenta esta comedia de Seth Rogen a lo largo de 10 episodios<\/a> y con miles de cameos que van <strong>desde Martin Scorsese a Olivia Wilde.\u00a0<\/strong><\/p>\n<p id=\"eMKwjic06z\" data-wc=\"3\"><strong>D\u00f3nde verla:<\/strong> AppleTV+<\/p>\n<p>  <img src=\"https:\/\/www.europesays.com\/es\/wp-content\/uploads\/2025\/09\/7755a22fdcb4-thestudiophoto011004.jpg\"   width=\"1080\" height=\"1800\" loading=\"lazy\" decoding=\"async\" alt=\"Media Image\" fetchpriority=\"auto\" class=\"image ho-image\"\/>\u00a9 AppleTV+<\/p>\n<p id=\"eaYTMdWwEnc\" data-wc=\"5\"><strong>3.\u00a0The Last of Us<\/strong><\/p>\n<p id=\"e6dGLf1Oxz\" data-wc=\"55\">El <strong>gran \u00e9xito que supuso su primera temporada<\/strong> no decay\u00f3 con la segunda, <a class=\"hm-link ho-link\" href=\"https:\/\/www.hola.com\/actualidad\/20250214813221\/the-last-of-us-zanja-polemica-por-fisico-nuevo-personaje-temporada-2\/\" data-mrf-recirculation=\"article-body-link\" rel=\"nofollow noopener\" target=\"_blank\">en un a\u00f1o en el que Pedro Pascal se ha consolidado como uno de los actores del momento.<\/a> Recordamos: una<strong>\u00a0infecci\u00f3n por un hongo que convierte a los hombres en zombis<\/strong> provoca una encarnizada lucha por la <strong>supervivencia en todo el planeta. \u00a0<\/strong><\/p>\n<p id=\"eRKmtfJ0eE\" data-wc=\"3\"><strong>D\u00f3nde verla:\u00a0<\/strong>HBOMax<\/p>\n<p>  <img src=\"https:\/\/www.europesays.com\/es\/wp-content\/uploads\/2025\/09\/0be0b9802002-215505028231944000x6000.jpg\"   width=\"1080\" height=\"1800\" loading=\"lazy\" decoding=\"async\" alt=\"Media Image\" fetchpriority=\"auto\" class=\"image ho-image\"\/>\u00a9 HBOMax<\/p>\n<p id=\"e2dDUjyeKi\" data-wc=\"3\"><strong>4. Black Mirror<\/strong><\/p>\n<p id=\"ewotZ-vw1P\" data-wc=\"48\">La v<a class=\"hm-link ho-link\" href=\"https:\/\/www.hola.com\/actualidad\/20250412826082\/black-mirror-septima-temporada\/\" data-mrf-recirculation=\"article-body-link\" rel=\"nofollow noopener\" target=\"_blank\">eterana serie epis\u00f3dica sobre la relaci\u00f3n de los humanos con las nuevas tecnolog\u00edas ha alcanzado su s\u00e9ptima temporada.<\/a> Como todas las series de estas caracter\u00edsticas, <strong>tiene altibajos, pero sigue manteniendo inter\u00e9s y calidad<\/strong>, y dentro <a class=\"hm-link ho-link\" href=\"https:\/\/www.hola.com\/actualidad\/20240803710233\/emma-corrin-rami-malek-un-anyo-amor-anillo-misterioso\/\" data-mrf-recirculation=\"article-body-link\" rel=\"nofollow noopener\" target=\"_blank\">podemos ver a un nutrido pu\u00f1ado de buenos int\u00e9rpretes, como Emma Corrin.<\/a><\/p>\n<p id=\"eEOJ_CkhXX\" data-wc=\"3\"><strong>D\u00f3nde verla:<\/strong> Netflix<\/p>\n<p>  <img src=\"https:\/\/www.europesays.com\/es\/wp-content\/uploads\/2025\/09\/f22a78b2711b-bm7hotelreverieunit00390rt.jpg\"   width=\"1080\" height=\"1800\" loading=\"lazy\" decoding=\"async\" alt=\"Media Image\" fetchpriority=\"auto\" class=\"image ho-image\"\/>\u00a9 Netflix<\/p>\n<p id=\"eD5Wkz8qtoE\" data-wc=\"3\"><strong>5. La diplom\u00e1tica<\/strong><\/p>\n<p id=\"ecGLWw9zwZ\" data-wc=\"56\">Una<strong>\u00a0joven diplom\u00e1tica es nombrada embajadora de EE. UU. en Reino Unido<\/strong> en un momento de <strong>gran tensi\u00f3n geopol\u00edtica.<\/strong> Podr\u00eda ser una aburrida <strong>serie sobre negociaciones pol\u00edticas y conflictos internacionales<\/strong>, pero se trata de una entretenida ficci\u00f3n con di\u00e1logos brillantes, toques de iron\u00eda y alg\u00fan giro de guion de los que te dejan pegado al sof\u00e1.<\/p>\n<p id=\"eNMHwyFpro\" data-wc=\"3\"><strong>\u00a0D\u00f3nde verla:<\/strong> Netflix<\/p>\n<p>  <img src=\"https:\/\/www.europesays.com\/es\/wp-content\/uploads\/2025\/09\/1409fb0809ea-diplomat103unit00426rc.jpg\"   width=\"1080\" height=\"1800\" loading=\"lazy\" decoding=\"async\" alt=\"Media Image\" fetchpriority=\"auto\" class=\"image ho-image\"\/>\u00a9 Netflix<\/p>\n<p id=\"eXd8ciKctXA\" data-wc=\"3\"><strong>6. Slow Horses<\/strong><\/p>\n<p id=\"ebZwJ-Ht9a\" data-wc=\"62\">A <strong>punto de llegar su 5\u00aa temporada (24 de septiembre),<\/strong> esta serie sobre el Refugio, el departamento al que arrumban a los agentes del servicio de inteligencia brit\u00e1nico MI5, tiene millones de fans. Y no es para menos: est\u00e1 plagada de inteligencia, ternura y humor. <a class=\"hm-link ho-link\" href=\"https:\/\/www.hola.com\/actualidad\/20240916718471\/saoirse-ronan-y-jack-lowden-reaparecen-en-los-emmy-tras-su-boda-sorpresa\/\" data-mrf-recirculation=\"article-body-link\" rel=\"nofollow noopener\" target=\"_blank\">Y adem\u00e1s en ella podemos ver a Jack Lowden, el futuro Mr. Darcy de Orgullo y prejuicio.<\/a><\/p>\n<p id=\"eIqnE1I9wF\" data-wc=\"3\"><strong>D\u00f3nde verla:\u00a0<\/strong>AppleTV+<\/p>\n<p>  <img src=\"https:\/\/www.europesays.com\/es\/wp-content\/uploads\/2025\/09\/bba1a0dddcfe-slowhorsesphoto040403.jpg\"   width=\"1080\" height=\"1800\" loading=\"lazy\" decoding=\"async\" alt=\"Media Image\" fetchpriority=\"auto\" class=\"image ho-image\"\/>\u00a9 AppleTV+<\/p>\n<p id=\"ejdJogU2f_r\" data-wc=\"2\"><strong>7. Paradise<\/strong><\/p>\n<p id=\"ejZuImx14L\" data-wc=\"61\">Fans de This is Us: <strong>esta es la nueva serie de sus creadores, aunque poco tiene que ver<\/strong> \u2014en argumento\u2014 con la serie familiar que nos encandil\u00f3 durante seis temporadas. En esta empezamos con el asesinato del presidente de EE.UU. y<strong>\u00a0con un agente que se obsesiona con averiguar qui\u00e9n est\u00e1 detr\u00e1s.\u00a0<\/strong>Pero lo que hay detr\u00e1s es un mundo aparte. \u00a0<\/p>\n<p id=\"eOEFLWm5tG\" data-wc=\"3\"><strong>D\u00f3nde verla:<\/strong> Disney+<\/p>\n<p>  <img src=\"https:\/\/www.europesays.com\/es\/wp-content\/uploads\/2025\/09\/71e1fe70aa09-1728200681v1-scaled.jpg\"   width=\"1080\" height=\"1800\" loading=\"lazy\" decoding=\"async\" alt=\"Media Image\" fetchpriority=\"auto\" class=\"image ho-image\"\/>\u00a9 Disney+<\/p>\n<p>No te pierdas&#8230;<\/p>\n<p class=\"HOLA-ESPA-A_10c2--SUBTITULO-COCTEL ParaOverride-7\" id=\"e2oiBoYfq0k\" data-wc=\"3\"><strong data-gid=\"eGq4hVorOi\">Yo, joe wright<\/strong><\/p>\n<p class=\"HOLA-ESPA-A_5b--TEXTO-NORMAL ParaOverride-8\" id=\"eex6R5m0mhx\" data-wc=\"5\">Las herencias siempre traen dramas<\/p>\n<p class=\"HOLA-ESPA-A_5--TEXTO-1--PARRAFO ParaOverride-9\" id=\"enDOwM0niGU\" data-wc=\"74\">La\u00a0<strong>muerte de un magnate brit<\/strong><strong>\u00e1nico de las finanzas<\/strong> y, sobre todo, la lectura de su testamento, <strong>causa un terremoto en el seno de la familia Wright,<\/strong> cuyo epicentro se sit\u00faa en su viuda, mucho m\u00e1s joven que \u00e9l. Pero <strong>el terremoto tiene una r<\/strong><strong>\u00e9plica inesperada: lo que se pensaba como suicidio en realidad ha sido un asesinato<\/strong>, as\u00ed que a la sucesi\u00f3n de discusiones, reproches, envidias y denuncias se une una investigaci\u00f3n policial.\u00a0<\/p>\n<p>  <img src=\"https:\/\/www.europesays.com\/es\/wp-content\/uploads\/2025\/09\/edcb8391dc3f-p29924313eh10aa.jpg\"   width=\"1920\" height=\"1080\" loading=\"lazy\" decoding=\"async\" alt=\"Media Image\" fetchpriority=\"auto\" class=\"image ho-image\"\/>\u00a9 Movistar+<\/p>\n<p class=\"HOLA-ESPA-A_5--TEXTO-1--PARRAFO ParaOverride-9\" id=\"eAt1h39vdn\" data-wc=\"73\">Y todo esto en<strong>\u00a0seis episodios cargados de dramas familiares, econ\u00f3micos, sentimentales, con un guion eficaz, lleno de giros, mala baba e iron\u00eda,<\/strong> y tambi\u00e9n momentos de ternura o emoci\u00f3n, adem\u00e1s de un grupo de buen\u00edsimos actores a los que seguro que has visto en otras series brit\u00e1nicas. Los acontecimientos, seg\u00fan van desarroll\u00e1ndose, hacen que <strong>el espectador tome partido por alguno de los personajes,<\/strong> pero eso est\u00e1 en constante cambio. \u00bfDe qui\u00e9n fiarse?\u00a0<\/p>\n<p class=\"HOLA-ESPA-A_5--TEXTO-1--PARRAFO ParaOverride-10\" id=\"ea2ZtcnwuAl9\" data-wc=\"9\"><strong data-gid=\"eExVnHCXzW\">Nos\u00a0<\/strong><strong data-gid=\"eMjb6aT0q3i\">encanta porque&#8230;<\/strong>\u00a0las <strong>rencillas familiares no dan tregua<\/strong><strong>.\u00a0<\/strong><\/p>\n<p class=\"HOLA-ESPA-A_5--TEXTO-1--PARRAFO ParaOverride-10\" id=\"eNQs4SXALX26\" data-wc=\"3\"><strong data-gid=\"enrZZYbyFP\">D\u00f3nde\u00a0<\/strong><strong data-gid=\"ebR73GHo-mA\">verla:<\/strong>\u00a0Movistar+<\/p>\n<p class=\"HOLA-ESPA-A_10c2--SUBTITULO-COCTEL ParaOverride-2\" id=\"eVKSlo3LDSr\" data-wc=\"2\"><strong data-gid=\"elcCcQ2vRp\">La novia<\/strong><\/p>\n<p class=\"HOLA-ESPA-A_10c2--SUBTITULO-COCTEL ParaOverride-6\" id=\"esMCE4UG6ej\" data-wc=\"45\">Laura (Robin Wright) parece tenerlo todo: <strong>una carrera deslumbrante, un matrimonio feliz y su hijo, Daniel.<\/strong> Pero su vida perfecta parece resquebrajarse cuando Daniel trae a casa a Cherry (Olivia Cooke), su novia. Tras un tenso comienzo,<strong>\u00a0Laura est\u00e1 convencida de que Cherry oculta algo.\u00a0<\/strong><\/p>\n<p>  <img src=\"https:\/\/www.europesays.com\/es\/wp-content\/uploads\/2025\/09\/4fbdc4815899-the-girlfriend-3.jpg\"   width=\"1080\" height=\"1080\" loading=\"lazy\" decoding=\"async\" alt=\"Media Image\" fetchpriority=\"auto\" class=\"image ho-image\"\/>\u00a9 Amazon Prime<\/p>\n<p class=\"HOLA-ESPA-A_10c2--SUBTITULO-COCTEL ParaOverride-6\" id=\"e1JuJOfzRL\" data-wc=\"12\"><strong>La veremos porque&#8230;<\/strong>\u00a0No ve\u00edamos a Robin Wright desde\u00a0House of Cards.<\/p>\n<p class=\"HOLA-ESPA-A_10c2--SUBTITULO-COCTEL ParaOverride-6\" id=\"ewyQTjefVAn\" data-wc=\"5\"><strong data-gid=\"eRgM3PoDnc\">Estreno:<\/strong> 10\/09 en Prime Video<\/p>\n<p class=\"HOLA-ESPA-A_10c2--SUBTITULO-COCTEL ParaOverride-2\" id=\"evx_U8ajwjz\" data-wc=\"2\"><strong data-gid=\"eLYONekn5X\">La agencia<\/strong><\/p>\n<p class=\"HOLA-ESPA-A_10c2--SUBTITULO-COCTEL ParaOverride-6\" id=\"e1XoppocgqGF\" data-wc=\"46\">En una <strong>importante agencia de representaci\u00f3n art\u00edstica<\/strong>, cuatro agentes (interpretados por Javier Guti\u00e9rrez, Manuela Velasco, Carlos Bardem y Fiorella Faltoyano) junto a sus asistentes y los artistas que desfilan por all\u00ed se genera un universo \u00fanico, competitivo y a veces dif\u00edcil de compaginar con la vida.\u00a0<\/p>\n<p class=\"HOLA-ESPA-A_10c2--SUBTITULO-COCTEL ParaOverride-6\" id=\"ekF_19Bz-U\" data-wc=\"11\"><strong>La veremos porque&#8230;<\/strong>\u00a0Es un mundo muy desconocido y muy atractivo.<\/p>\n<p class=\"HOLA-ESPA-A_10c2--SUBTITULO-COCTEL ParaOverride-6\" id=\"emeJ8xxeRbtf\" data-wc=\"4\"><strong data-gid=\"eiQWgCk7Vf\">\u00a0<\/strong><strong data-gid=\"eV5RsWlJeES\">Estreno:\u00a0<\/strong>10\/09 en Telecinco<\/p>\n","protected":false},"excerpt":{"rendered":"1. The pitt Considerada la heredera de Urgencias desde su estreno \u2014de hecho su protagonista, el doctor Robby,&hellip;\n","protected":false},"author":2,"featured_media":114534,"comment_status":"","ping_status":"","sticky":false,"template":"","format":"standard","meta":{"footnotes":""},"categories":[171],"tags":[3900,517,3899,7065,146,147,25,24,805,23,214],"class_list":{"0":"post-114533","1":"post","2":"type-post","3":"status-publish","4":"format-standard","5":"has-post-thumbnail","7":"category-tv","8":"tag-hola","9":"tag-actualidad","10":"tag-contenido-sensible","11":"tag-el-buscador-de-series","12":"tag-entertainment","13":"tag-entretenimiento","14":"tag-es","15":"tag-espana","16":"tag-series","17":"tag-spain","18":"tag-tv"},"share_on_mastodon":{"url":"","error":""},"_links":{"self":[{"href":"https:\/\/www.europesays.com\/es\/wp-json\/wp\/v2\/posts\/114533","targetHints":{"allow":["GET"]}}],"collection":[{"href":"https:\/\/www.europesays.com\/es\/wp-json\/wp\/v2\/posts"}],"about":[{"href":"https:\/\/www.europesays.com\/es\/wp-json\/wp\/v2\/types\/post"}],"author":[{"embeddable":true,"href":"https:\/\/www.europesays.com\/es\/wp-json\/wp\/v2\/users\/2"}],"replies":[{"embeddable":true,"href":"https:\/\/www.europesays.com\/es\/wp-json\/wp\/v2\/comments?post=114533"}],"version-history":[{"count":0,"href":"https:\/\/www.europesays.com\/es\/wp-json\/wp\/v2\/posts\/114533\/revisions"}],"wp:featuredmedia":[{"embeddable":true,"href":"https:\/\/www.europesays.com\/es\/wp-json\/wp\/v2\/media\/114534"}],"wp:attachment":[{"href":"https:\/\/www.europesays.com\/es\/wp-json\/wp\/v2\/media?parent=114533"}],"wp:term":[{"taxonomy":"category","embeddable":true,"href":"https:\/\/www.europesays.com\/es\/wp-json\/wp\/v2\/categories?post=114533"},{"taxonomy":"post_tag","embeddable":true,"href":"https:\/\/www.europesays.com\/es\/wp-json\/wp\/v2\/tags?post=114533"}],"curies":[{"name":"wp","href":"https:\/\/api.w.org\/{rel}","templated":true}]}}