{"id":114535,"date":"2025-09-14T14:19:10","date_gmt":"2025-09-14T14:19:10","guid":{"rendered":"https:\/\/www.europesays.com\/es\/114535\/"},"modified":"2025-09-14T14:19:10","modified_gmt":"2025-09-14T14:19:10","slug":"marvel-ya-tenia-a-su-doctor-doom-perfecto-y-lo-dejaron-escapar","status":"publish","type":"post","link":"https:\/\/www.europesays.com\/es\/114535\/","title":{"rendered":"Marvel ya ten\u00eda a su Doctor Doom perfecto, y lo dejaron escapar"},"content":{"rendered":"<p class=\"\">Los \u201cy si&#8230;\u201d a la hora de hablar del casting de pel\u00edculas populares es interminable, pero algunos casos son m\u00e1s interesantes que otros. Sabemos (<a href=\"https:\/\/as.com\/meristation\/cine\/primera-imagen-oficial-del-doctor-doom-de-robert-downey-jr-en-vengadores-doomsday-n\/\" target=\"_self\" rel=\"nofollow noopener\" title=\"https:\/\/as.com\/meristation\/cine\/primera-imagen-oficial-del-doctor-doom-de-robert-downey-jr-en-vengadores-doomsday-n\/\">o creemos saber<\/a>, porque mucho se est\u00e1n esperando un giro sorpresa) que el vital papel de<a href=\"https:\/\/as.com\/meristation\/cine\/la-mision-de-dr-doom-en-vengadores-doomsday-parece-haberse-desvelado-y-significa-problemas-para-un-personaje-que-creiamos-desaparecido-n\/\" target=\"_self\" rel=\"nofollow noopener\" title=\"https:\/\/as.com\/meristation\/cine\/la-mision-de-dr-doom-en-vengadores-doomsday-parece-haberse-desvelado-y-significa-problemas-para-un-personaje-que-creiamos-desaparecido-n\/\"> Dr Doom<\/a> para el MCU recae, de forma misteriosa, sobre <b>Robert Downey Jr<\/b>, precisamente conocido por elevar el cine de superh\u00e9roes gracias a su papel como Iron Man. Pero si nos ponemos a analizar, sin tener en cuenta repercusi\u00f3n medi\u00e1tica, qu\u00e9 actores podr\u00edan llevar con soltura el enorme peso del trono de Latveria, <b>la idea de Mads Mikkelsen cobra una fuerza extraordinaria<\/b>.<\/p>\n<p><img decoding=\"async\" src=\"https:\/\/www.europesays.com\/es\/wp-content\/uploads\/2025\/09\/PWNBT22XYJGRVBHE2KDCJ5VCPE.jpg\" alt=\"hannibal mads mikkelsen hannibal lecter jack el destripador asesinos en serie historia series netfluix hannibal temporada 4 tudum series de terror\" class=\"mm__img\"   width=\"1200\" height=\"675\" loading=\"lazy\"\/><\/p>\n<p>Ampliar<\/p>\n<p>Un villano o antih\u00e9roe extraordinario<\/p>\n<p class=\"\">Resulta que <b>Mikkelsen ya estuvo ligado al papel de Victor Von Muerte<\/b>, en concreto para <a href=\"https:\/\/as.com\/meristation\/cine\/que-fue-los-protagonistas-de-los-4-fantasticos-de-2005-con-chris-evans-y-jessica-alba-f\/\" target=\"_self\" rel=\"nofollow noopener\" title=\"https:\/\/as.com\/meristation\/cine\/que-fue-los-protagonistas-de-los-4-fantasticos-de-2005-con-chris-evans-y-jessica-alba-f\/\">la pel\u00edcula de \u2018Los 4 Fant\u00e1sticos\u2019 en 2005<\/a>, el primer intento serio de Marvel por llevar a la \u201cPrimera Familia\u201d Marvel al cine (hay un precedente, pero es una pel\u00edcula de serie B <a href=\"https:\/\/as.com\/meristation\/cine\/los-4-fantasticos-tienen-una-pelicula-noventera-que-se-realizo-con-la-intencion-de-que-nadie-la-viera-n\/\" target=\"_self\" rel=\"nofollow noopener\" title=\"https:\/\/as.com\/meristation\/cine\/los-4-fantasticos-tienen-una-pelicula-noventera-que-se-realizo-con-la-intencion-de-que-nadie-la-viera-n\/\">realizada en circunstancias muy particulare<\/a>s, con m\u00e1s coraz\u00f3n que medios y un prop\u00f3sito poco art\u00edstico). Son varios los actores de peso que estuvieron ligados a esa pel\u00edcula, y uno de ellos era Mads Mikkelsen.<\/p>\n<p class=\"\">El actor dan\u00e9s ya estaba m\u00e1s que monitorizado por Hollywood y era cuesti\u00f3n de tiempo que saltara a producciones m\u00e1s medi\u00e1ticas <b>despu\u00e9s de una prol\u00edfica carrera en el cine n\u00f3rdico<\/b>, con apariciones en cintas nominadas al Oscar como \u2018After the Wedding\u2019. El gran salto le llegar\u00eda con su magn\u00edfico rol como Le Chiffre en <a href=\"https:\/\/as.com\/meristation\/cine\/el-thriller-de-accion-del-que-muchos-dudaron-en-su-estreno-que-acabo-destruyendo-tres-coches-de-250000-euros-n\/\" target=\"_self\" rel=\"nofollow noopener\" title=\"https:\/\/as.com\/meristation\/cine\/el-thriller-de-accion-del-que-muchos-dudaron-en-su-estreno-que-acabo-destruyendo-tres-coches-de-250000-euros-n\/\">\u2018Casino Royale<\/a>\u2019, pero por esa \u00e9poca tambi\u00e9n audit\u00f3 para \u2018Los 4 Fant\u00e1sticos\u2019 y, concretamente, lo hizo para encarnar a Doctor Doom, un papel que, dado lo que sabemos del int\u00e9rprete Hannibal Lecter, hubiera bordado con esa capacidad para emitir una presencia tan terror\u00edfica como sofisticada. <\/p>\n<p><img decoding=\"async\" src=\"https:\/\/www.europesays.com\/es\/wp-content\/uploads\/2025\/09\/A3ZQTPN2FREJBDGTWLOTGSNWOQ.jpg\" alt=\"robert downey jr doctor doom muerte marvel\" class=\"mm__img\"   width=\"1200\" height=\"675\" loading=\"lazy\"\/><\/p>\n<p>Ampliar<\/p>\n<p>robert downey jr doctor doom muerte marvel<\/p>\n<p class=\"\">En vez de para ese papel, la producci\u00f3n de la pel\u00edcula de Marvel se interes\u00f3 en \u00e9l <a href=\"https:\/\/as.com\/meristation\/2021\/04\/21\/noticias\/1619004260_766736.html\" target=\"_self\" rel=\"nofollow noopener\" title=\"https:\/\/as.com\/meristation\/2021\/04\/21\/noticias\/1619004260_766736.html\">para interpretar a Reed Richards<\/a>, <b>una lectura que el propio actor recuerda con cierta acritud<\/b>: \u201cUn buen amigo m\u00edo lo consigui\u00f3, Ioan Gruffudd. S\u00e9 que gran parte de los castings son s\u00f3lo primeras impresiones. Pero me parece de mala educaci\u00f3n pedir a la gente que entre en una habitaci\u00f3n y diga una l\u00ednea mientras finge que tiene brazos de 24 metros como el hombre de goma. \u2018Coge esa taza de caf\u00e9 de ah\u00ed\u2019, es como, \u2018\u00bfest\u00e1s loco?\u2019. Ni siquiera existe la escena. <b>Fue un poco humillante<\/b>\u201d, asegur\u00f3 Mikkelsen.<\/p>\n<p>Un paso por el MCU que supo a poco y con un gran potencial<\/p>\n<p class=\"\">Finalmente, el papel de Doctor Muerte recay\u00f3 en una figura m\u00e1s medi\u00e1tica: <b>Julian McMahon, con un halo medi\u00e1tico notable gracias a \u2018Embrujadas\u2019 y \u2018A Golpe de Bistur\u00ed\u2019(\u2019Nip\/Tuck\u2019)<\/b>. Pero Marvel se volver\u00eda a cruzar en la carrera de Mikkelsen para encarnar a Kaecilius en \u2018Doctor Strange en el Multiverso de la Locura\u2019, <b>un papel muy desaprovechado en opini\u00f3n de muchos, que hubiera ganado con m\u00e1s tiempo y exposici\u00f3n.<\/b> El caso es que el actor disfrut\u00f3 much\u00edsimo del rodaje y se espera que vuelva a encarnar ese rol en el futuro, pero la idea general es que podr\u00eda ser un personaje de m\u00e1s entidad en el MCU que el lacayo de Dormammu.<\/p>\n<p><img decoding=\"async\" src=\"https:\/\/www.europesays.com\/es\/wp-content\/uploads\/2025\/09\/ZGIGRDYLARPSBL4NEDJRISR7RU.jpg\" alt=\"\" class=\"mm__img\"   width=\"1200\" height=\"675\" loading=\"lazy\"\/><\/p>\n<p>Ampliar<\/p>\n<p class=\"\">Coincidencias de la vida, en ese cruce de caminos que parece que fue \u2018Los 4 Fant\u00e1sticos\u2019 <a href=\"https:\/\/as.com\/meristation\/cine\/robert-downey-jr-estuvo-a-punto-de-ser-el-doctor-doom-en-esta-otra-pelicula-de-marvel-n\/\" target=\"_self\" rel=\"nofollow noopener\" title=\"https:\/\/as.com\/meristation\/cine\/robert-downey-jr-estuvo-a-punto-de-ser-el-doctor-doom-en-esta-otra-pelicula-de-marvel-n\/\">tambi\u00e9n se consider\u00f3 seriamente a Robert Downey Jumior en el papel de Doctor Doom<\/a>, en una prueba m\u00e1s de que el mundo puede ser un pa\u00f1uelo y hay cosas que est\u00e1n m\u00e1s conectadas de lo que creemos. <b>En cualqu\u00a1er caso, se ha apostado todo a Muerte<\/b> y habr\u00e1 que esperar que los m\u00e1ximos responsables de la multimillonaria franquicia sepan lo que est\u00e1n haciendo. <\/p>\n<p>Noticias relacionadas<\/p>\n<p class=\"\">Suscr\u00edbete al <a href=\"https:\/\/www.youtube.com\/@meristation\" target=\"_self\" rel=\"nofollow noopener\" title=\"https:\/\/www.youtube.com\/@meristation\">canal de MeriStation en YouTube<\/a>, tu web de videojuegos y entretenimiento para conocer todas las noticias y novedades sobre el mundo del videojuego, cine, series, manga y anime. An\u00e1lisis, entrevistas, tr\u00e1ileres, gameplays, p\u00f3dcast y mucho m\u00e1s. Tambi\u00e9n te animamos a seguir <a href=\"https:\/\/www.tiktok.com\/@meristation\" rel=\"nofollow noopener\" title=\"https:\/\/www.tiktok.com\/@meristation\" target=\"_blank\">nuestra cuenta de TikTok<\/a>. <\/p>\n<p class=\"\">\u00a1S\u00edguenos en ambas y, si est\u00e1s interesado en licenciar este contenido, pincha <a href=\"https:\/\/profesional.elpais.com\/soluciones-sindicacion?utm_medium=interno&amp;utm_source=crosslinking&amp;utm_campaign=sindicacion_as_pie_articulos\" target=\"_blank\" rel=\"nofollow noopener\" title=\"https:\/\/profesional.elpais.com\/soluciones-sindicacion?utm_medium=interno&amp;utm_source=crosslinking&amp;utm_campaign=sindicacion_as_pie_articulos\">aqu\u00ed<\/a>!<\/p>\n<p><script async src=\"\/\/www.tiktok.com\/embed.js\"><\/script><\/p>\n","protected":false},"excerpt":{"rendered":"Los \u201cy si&#8230;\u201d a la hora de hablar del casting de pel\u00edculas populares es interminable, pero algunos casos&hellip;\n","protected":false},"author":2,"featured_media":114536,"comment_status":"","ping_status":"","sticky":false,"template":"","format":"standard","meta":{"footnotes":""},"categories":[169],"tags":[177,146,147,25,24,176,175,23],"class_list":{"0":"post-114535","1":"post","2":"type-post","3":"status-publish","4":"format-standard","5":"has-post-thumbnail","7":"category-cine","8":"tag-cine","9":"tag-entertainment","10":"tag-entretenimiento","11":"tag-es","12":"tag-espana","13":"tag-film","14":"tag-movies","15":"tag-spain"},"share_on_mastodon":{"url":"","error":""},"_links":{"self":[{"href":"https:\/\/www.europesays.com\/es\/wp-json\/wp\/v2\/posts\/114535","targetHints":{"allow":["GET"]}}],"collection":[{"href":"https:\/\/www.europesays.com\/es\/wp-json\/wp\/v2\/posts"}],"about":[{"href":"https:\/\/www.europesays.com\/es\/wp-json\/wp\/v2\/types\/post"}],"author":[{"embeddable":true,"href":"https:\/\/www.europesays.com\/es\/wp-json\/wp\/v2\/users\/2"}],"replies":[{"embeddable":true,"href":"https:\/\/www.europesays.com\/es\/wp-json\/wp\/v2\/comments?post=114535"}],"version-history":[{"count":0,"href":"https:\/\/www.europesays.com\/es\/wp-json\/wp\/v2\/posts\/114535\/revisions"}],"wp:featuredmedia":[{"embeddable":true,"href":"https:\/\/www.europesays.com\/es\/wp-json\/wp\/v2\/media\/114536"}],"wp:attachment":[{"href":"https:\/\/www.europesays.com\/es\/wp-json\/wp\/v2\/media?parent=114535"}],"wp:term":[{"taxonomy":"category","embeddable":true,"href":"https:\/\/www.europesays.com\/es\/wp-json\/wp\/v2\/categories?post=114535"},{"taxonomy":"post_tag","embeddable":true,"href":"https:\/\/www.europesays.com\/es\/wp-json\/wp\/v2\/tags?post=114535"}],"curies":[{"name":"wp","href":"https:\/\/api.w.org\/{rel}","templated":true}]}}