{"id":114541,"date":"2025-09-14T14:22:08","date_gmt":"2025-09-14T14:22:08","guid":{"rendered":"https:\/\/www.europesays.com\/es\/114541\/"},"modified":"2025-09-14T14:22:08","modified_gmt":"2025-09-14T14:22:08","slug":"lola-indigo-se-retira-temporalmente-de-la-musica-la-voz-de-galicia","status":"publish","type":"post","link":"https:\/\/www.europesays.com\/es\/114541\/","title":{"rendered":"Lola \u00cdndigo se retira temporalmente de la m\u00fasica &#8211; La Voz de Galicia"},"content":{"rendered":"<ol>\n<li><a href=\"https:\/\/news.google.com\/rss\/articles\/CBMiwgFBVV95cUxQeUdDblFQT3U3RUoxelpNbjJNWWdOYmw3VVdOMG1Tdm9Od1FOTk00MjFOLXEtR0hmUUFBSGUtTTJoUGN0cjNSRkswcXJ1TkNBNV9TSXNjSDBpdmpNdWYxeXNoT0h4cWlWWXpZR1VMVFhHTjQzQmJzMy1rNDl3ZjV4YVFheHFPN2xqVWdTUEM1Vk5ITEV6a2RLZnRVNlA2S0JPNFhhMHFKZERkT1gtQjNqekNZejlJVThiemlBZnBHYjR6QdIB3gFBVV95cUxNWWY2Mlhkdm5LTHFlZGctOFVNbWNRclU5WGlER3JMaVI0UGtmZmNyMWluVmpDTlE4alZ4bFlHUlEzY09PbjdBMERzSXhuSnVVNDhxR0paYnpheXlyUE9EUVhlcU5ZMGxhRXZhTGpPaFBlRm9pR3AxOFFFZDNyZW8xVjE4S3hsUi1RRTN0WjFYa3VneHdzcmRBRnJ2a0tQU1k5R0REcmN0YU9oQ2pRSnJPXzJUQnBkUjJJdE5qSGEzMC1VZDhXNVF1QVBTbjBIMDhyUkVxclJacnpTS08wS1E?oc=5\" target=\"_blank\" rel=\"nofollow noopener\">Lola \u00cdndigo se retira temporalmente de la m\u00fasica<\/a>&nbsp;&nbsp;La Voz de Galicia<\/li>\n<li><a href=\"https:\/\/news.google.com\/rss\/articles\/CBMihAFBVV95cUxPdko3bXp1S0kxYmQtWlhmVGZITklrclZCRGRjSTE1Q2trOS1fSUhmdExwRXB3bjFRQUhjTDQ1U09QbVhCOWJKbXVIMnV0eWF6YVE2YzhaMVFpdzhNa2tDZGVVWllpM3NRLUQtZmk3emk3VHBoVFdHb1pBQ29EcERkMzk3UUzSAYQBQVVfeXFMUHA5NWswajNsZktDTXp5eGp1UlNPSkIwOC1TYzlHRlJUUEpxXzdvWF91Y3ZPUkk2MDNKNFlIMUt5dnJQWWFOTmNDaVR4eFhzVlVUa1V5RGtoM0Q0Y1dEakhtWUQwRmZJdE13Wk5rOUtKZHZoNTFwSllVejJtX2VPYXpsUVBJ?oc=5\" target=\"_blank\" rel=\"nofollow noopener\">Lola \u00cdndigo anuncia que se toma \u00abun descanso\u00bb de la m\u00fasica: \u00abEsto agotada mentalmente\u00bb<\/a>&nbsp;&nbsp;El Mundo<\/li>\n<li><a href=\"https:\/\/news.google.com\/rss\/articles\/CBMi3AFBVV95cUxObmxoQ2FlcEtvUDE5UWQ1NHphR2c5bzAwdEVRYWxiSEo0dTNIdmdYUFFnQTRndXdnVl9ZWjc0MkEtZ0pKS3Y5b2U4TXN3VHJqbzIzS1hMRmhvRHdHbUVwTlktYWNwWDRNa21rYms4RXhsdTQ3cEVoajNlVXhVeGFsRkgzYkg0OGhJZGxacUR3a0lRaW1wRGc5WE1wODc2SkwtN2lrOGtkWE1iV2xTSDNhZFhKZlBCSjNZanByRjNKXzhMdXpIUzY0TDJqdkZwRVVnOEV4RDFIMXlXTXJi?oc=5\" target=\"_blank\" rel=\"nofollow noopener\">Lola \u00cdndigo anuncia un par\u00f3n musical: \u201cEstoy agotada mentalmente, es el sue\u00f1o de mi vida, pero para estar aqu\u00ed necesito un break\u201d<\/a>&nbsp;&nbsp;La Vanguardia<\/li>\n<li><a href=\"https:\/\/news.google.com\/rss\/articles\/CBMirAFBVV95cUxPOFdQZjRsWWJEYWtOSTQwMy0tSTFzN2J1eF9nWEotanZWWnY1WFVDZXNVckdETUtfQmQya0trSFRSZTVkR3NxSGg5ZWttdTBxYW8tSkROM0FOVXVxbEwtSy1NSXdrMTBaZEh5ZEtVaC16cTdJUDlYalk4TFAxZnJSRlRPNktBVWxsWlBmUk5PazRmdUhhN2gzZmtvT1g0RlJXM2szc2hIYmhoVjNH0gG4AUFVX3lxTE1DcGdZc21hVEdtTUJvUTk0clZMdU5CcWlsSThQTkdPa2h1VWQtbFE5cGFmbkRpN1RvcWhUS2g2aXViNDN1dTFfaVcyWS1LRVB0MUQ5NVA2YUE0VmtraC1lMS02UDNrMmkzNVJkQ0VnblhJWWdzN3B1OTR0RFFDU1FHS0kwUU4yMDVhLUYzcmVicGZ5X183bnBmSzAxTXdOaHo0VDM0dWp3SzVJbUpqcXgzQ21uOXhwYVM?oc=5\" target=\"_blank\" rel=\"nofollow noopener\">Lola \u00cdndigo anuncia que se retira temporalmente del mundo de la m\u00fasica<\/a>&nbsp;&nbsp;Telecinco<\/li>\n<li><a href=\"https:\/\/news.google.com\/rss\/articles\/CBMiqwFBVV95cUxOZlkzYUJkeFFEVl80NzByY3RtS2pWa3l3WUV3OUhHMURMUTczZFFKdkFjcUxGU2ZjMnc4YTRJdk5kV0RGWlB5SjZnQ3FVNnNDRGdmcEEzUnMwVGUtUWRrZkt4aVR0TlBRNlZ3Mi1TZWR3NnZUZzlFVktJaWJPRVBndmF2bFVlNDZnNEppUE1LNnN3MHNqajJ6VENOWkhvd0F2eUctQm5rekpHQTQ?oc=5\" target=\"_blank\" rel=\"nofollow noopener\">Lola \u00cdndigo se retira temporalmente: \u00abEstoy agotada mentalmente\u00bb<\/a>&nbsp;&nbsp;20Minutos<\/li>\n<\/ol>\n","protected":false},"excerpt":{"rendered":"Lola \u00cdndigo se retira temporalmente de la m\u00fasica&nbsp;&nbsp;La Voz de Galicia Lola \u00cdndigo anuncia que se toma \u00abun&hellip;\n","protected":false},"author":2,"featured_media":114542,"comment_status":"","ping_status":"","sticky":false,"template":"","format":"standard","meta":{"footnotes":""},"categories":[91],"tags":[146,147,25,24,185,23],"class_list":{"0":"post-114541","1":"post","2":"type-post","3":"status-publish","4":"format-standard","5":"has-post-thumbnail","7":"category-entretenimiento","8":"tag-entertainment","9":"tag-entretenimiento","10":"tag-es","11":"tag-espana","12":"tag-musica","13":"tag-spain"},"share_on_mastodon":{"url":"","error":""},"_links":{"self":[{"href":"https:\/\/www.europesays.com\/es\/wp-json\/wp\/v2\/posts\/114541","targetHints":{"allow":["GET"]}}],"collection":[{"href":"https:\/\/www.europesays.com\/es\/wp-json\/wp\/v2\/posts"}],"about":[{"href":"https:\/\/www.europesays.com\/es\/wp-json\/wp\/v2\/types\/post"}],"author":[{"embeddable":true,"href":"https:\/\/www.europesays.com\/es\/wp-json\/wp\/v2\/users\/2"}],"replies":[{"embeddable":true,"href":"https:\/\/www.europesays.com\/es\/wp-json\/wp\/v2\/comments?post=114541"}],"version-history":[{"count":0,"href":"https:\/\/www.europesays.com\/es\/wp-json\/wp\/v2\/posts\/114541\/revisions"}],"wp:featuredmedia":[{"embeddable":true,"href":"https:\/\/www.europesays.com\/es\/wp-json\/wp\/v2\/media\/114542"}],"wp:attachment":[{"href":"https:\/\/www.europesays.com\/es\/wp-json\/wp\/v2\/media?parent=114541"}],"wp:term":[{"taxonomy":"category","embeddable":true,"href":"https:\/\/www.europesays.com\/es\/wp-json\/wp\/v2\/categories?post=114541"},{"taxonomy":"post_tag","embeddable":true,"href":"https:\/\/www.europesays.com\/es\/wp-json\/wp\/v2\/tags?post=114541"}],"curies":[{"name":"wp","href":"https:\/\/api.w.org\/{rel}","templated":true}]}}