{"id":114545,"date":"2025-09-14T14:24:09","date_gmt":"2025-09-14T14:24:09","guid":{"rendered":"https:\/\/www.europesays.com\/es\/114545\/"},"modified":"2025-09-14T14:24:09","modified_gmt":"2025-09-14T14:24:09","slug":"mercadona-estrena-seccion-este-lunes-en-cuatro-supermercados-en-espana","status":"publish","type":"post","link":"https:\/\/www.europesays.com\/es\/114545\/","title":{"rendered":"Mercadona estrena secci\u00f3n este lunes en cuatro supermercados en Espa\u00f1a"},"content":{"rendered":"<p class=\"v-mdl-ath__p v-mdl-ath__p--6\">\nDomingo, 14 de septiembre 2025, 09:54<\/p>\n<p class=\"v-p\"><a href=\"https:\/\/www.lasprovincias.es\/economia\/trabajo\/mercadona-medicos-sueldos-20250730131935-nt.html\" title=\"www.lasprovincias.es\" data-voc-vtm-id=\"in-text-traffic\" data-mrf-link=\"www.lasprovincias.es\" rel=\"nofollow noopener\" target=\"_blank\">Mercadona<\/a> no deja de crecer y d\u00eda tras d\u00eda trabaja para perfeccionar su producto. Uno de los servicios que ha incorporado en los \u00faltimos a\u00f1os y que m\u00e1s gusta a los clientes es su secci\u00f3n de &#8216;Listo para comer&#8217;, en la que pueden disfrutar de comidas preparadas para llevarse directamente a su casa y no tener que cocinar.<\/p>\n<p class=\"v-p\">Actualmente, cuentan ya con m\u00e1s de 1.110 tiendas con esta secci\u00f3n en Espa\u00f1a y Portugal, que cada mes van abriendo m\u00e1s. De hecho, en septiembre habr\u00e1 hasta 18 nuevas por todo el territorio espa\u00f1ol. Conviene recordar que all\u00ed los clientes pueden encontrar una gran variedad de platos y tambi\u00e9n existen mesas y una nevera con bebidas fr\u00edas.<\/p>\n<p><a href=\"http:\/\/www.lasprovincias.es\/sociedad\/ines-nieto-licenciada-farmacia-productos-mercadona-recomiendo-20250819005956-nt.html#vtm_modulosEngag=mod-rel:economia:noticia:1:cmp:1-not\" class=\"v-a-link\" aria-label=\"Imagen\" rel=\"nofollow noopener\" target=\"_blank\"><\/p>\n<p><img decoding=\"async\" loading=\"lazy\" src=\"https:\/\/www.europesays.com\/es\/wp-content\/uploads\/2025\/09\/Mercadona-k1JE--366x256@Las Provincias.jpg\" class=\"v-a-img\" width=\"258\" height=\"180\" alt=\"\" data-voc-vtm-id=\"in-text-traffic\"\/><\/p>\n<p><\/a><\/p>\n<p class=\"v-p\">Este lunes 15 de septiembre habr\u00e1 hasta cuatro nuevas aperturas de esta secci\u00f3n. Una de ellas ser\u00e1 en Barcelona, en la C\/ Vene\u00e7uela, 139. La segunda en Vigo (Pontevedra), en la Avda. Madrid, 108. La tercera en Melilla, en la C\/ del Marqu\u00e9s de los V\u00e9lez, 9 y la cuarta en Cieza (Murcia), en la Ctra. N-301 Km. 354.<\/p>\n<p class=\"v-p\">Adem\u00e1s, el viernes 19 habr\u00e1 otra en el supermercado de Esplugues de Llobregat (Barcelona), en la C\/ 8 de Mar\u00e7, 75. De aqu\u00ed a final de mes quedar\u00e1n todav\u00eda seis m\u00e1s. El 22 de septiembre en Mon\u00f3var (Alicante), en la Ronda General Verd\u00fa, y en Alhaur\u00edn de la Torre (M\u00e1laga), en la Avda. de los Cortijos.<\/p>\n<p class=\"v-p\">El 25 de septiembre en Gij\u00f3n (Asturias), en la Ctra. AS-II, Km-22 y el 29 de septiembre dos m\u00e1s: en Olivenza (Badajoz), C.\u00ba del Polvor\u00edn, y en Badalona (Barcelona), C\/ Seu D&#8217;urgell, 44. La \u00faltima del mes tendr\u00e1 lugar en Las Palmas de Gran Canaria, en la Avda. Juan Carlos I, 29 (CC Las Ramblas).<\/p>\n<p class=\"v-p\">A principios de a\u00f1o Mercadona confirm\u00f3 un <a href=\"https:\/\/www.lasprovincias.es\/economia\/mercadona-confirma-nuevo-sistema-pescaderia-supermercados-acortado-20250111004738-nt.html\" data-voc-vtm-id=\"in-text-traffic\" title=\"sistema alternativo de pescader\u00edas\" rel=\"nofollow noopener\" target=\"_blank\">sistema alternativo de pescader\u00edas<\/a> e introdujo un <a href=\"https:\/\/www.lasprovincias.es\/economia\/mercadona-introduce-novedad-entrada-supermercados-20250125190505-nt.html\" data-voc-vtm-id=\"in-text-traffic\" title=\"nuevo parking en la entrada de sus supermercados.\" rel=\"nofollow noopener\" target=\"_blank\">nuevo parking en la entrada de sus supermercados.<\/a> Adem\u00e1s, la cadena de alimentaci\u00f3n implement\u00f3 un <a href=\"https:\/\/www.lasprovincias.es\/economia\/mercadona-introduce-tres-novedades-productos-facilitar-compra-20250327173507-nt.html\" target=\"_blank\" data-voc-vtm-id=\"in-text-traffic\" title=\"novedoso c\u00f3digo QR\" rel=\"nofollow noopener\">novedoso c\u00f3digo QR<\/a> que permite mejorar la trazabilidad de algunos productos y, por \u00faltimo, instal\u00f3 un peque\u00f1o espacio con <a href=\"https:\/\/www.lasprovincias.es\/economia\/empresas\/mercadona-incorpora-servicio-cafe-llevar-20250220224500-nt.html\" target=\"_blank\" data-voc-vtm-id=\"in-text-traffic\" title=\"m\u00e1quina de caf\u00e9 para llevar\" rel=\"nofollow noopener\">m\u00e1quina de caf\u00e9 para llevar<\/a>.<\/p>\n<p>Comenta<\/p>\n<p>Reporta un error<\/p>\n","protected":false},"excerpt":{"rendered":"Domingo, 14 de septiembre 2025, 09:54 Mercadona no deja de crecer y d\u00eda tras d\u00eda trabaja para perfeccionar&hellip;\n","protected":false},"author":2,"featured_media":114546,"comment_status":"","ping_status":"","sticky":false,"template":"","format":"standard","meta":{"footnotes":""},"categories":[80],"tags":[82,954,95,94,25,24,1719,1051,4973,13684,23,3212],"class_list":{"0":"post-114545","1":"post","2":"type-post","3":"status-publish","4":"format-standard","5":"has-post-thumbnail","7":"category-economia","8":"tag-business","9":"tag-cuatro","10":"tag-economia","11":"tag-economy","12":"tag-es","13":"tag-espana","14":"tag-estrena","15":"tag-lunes","16":"tag-mercadona","17":"tag-seccion","18":"tag-spain","19":"tag-supermercados"},"share_on_mastodon":{"url":"","error":""},"_links":{"self":[{"href":"https:\/\/www.europesays.com\/es\/wp-json\/wp\/v2\/posts\/114545","targetHints":{"allow":["GET"]}}],"collection":[{"href":"https:\/\/www.europesays.com\/es\/wp-json\/wp\/v2\/posts"}],"about":[{"href":"https:\/\/www.europesays.com\/es\/wp-json\/wp\/v2\/types\/post"}],"author":[{"embeddable":true,"href":"https:\/\/www.europesays.com\/es\/wp-json\/wp\/v2\/users\/2"}],"replies":[{"embeddable":true,"href":"https:\/\/www.europesays.com\/es\/wp-json\/wp\/v2\/comments?post=114545"}],"version-history":[{"count":0,"href":"https:\/\/www.europesays.com\/es\/wp-json\/wp\/v2\/posts\/114545\/revisions"}],"wp:featuredmedia":[{"embeddable":true,"href":"https:\/\/www.europesays.com\/es\/wp-json\/wp\/v2\/media\/114546"}],"wp:attachment":[{"href":"https:\/\/www.europesays.com\/es\/wp-json\/wp\/v2\/media?parent=114545"}],"wp:term":[{"taxonomy":"category","embeddable":true,"href":"https:\/\/www.europesays.com\/es\/wp-json\/wp\/v2\/categories?post=114545"},{"taxonomy":"post_tag","embeddable":true,"href":"https:\/\/www.europesays.com\/es\/wp-json\/wp\/v2\/tags?post=114545"}],"curies":[{"name":"wp","href":"https:\/\/api.w.org\/{rel}","templated":true}]}}