{"id":114551,"date":"2025-09-14T14:27:23","date_gmt":"2025-09-14T14:27:23","guid":{"rendered":"https:\/\/www.europesays.com\/es\/114551\/"},"modified":"2025-09-14T14:27:23","modified_gmt":"2025-09-14T14:27:23","slug":"rozalen-triunfa-con-su-concierto-a-los-pies-del-castillo-de-alcala-de-guadaira","status":"publish","type":"post","link":"https:\/\/www.europesays.com\/es\/114551\/","title":{"rendered":"Rozal\u00e9n triunfa con su concierto a los pies del Castillo de Alcal\u00e1 de Guada\u00edra"},"content":{"rendered":"<p>El Festival del Patio+Metr\u00f3polis organizado por la Diputaci\u00f3n de Sevilla, con la colaboraci\u00f3n del Ayuntamiento a trav\u00e9s de la Delegaci\u00f3n de Cultura, trajo anoche a Rozal\u00e9n a la explanada del Auditorio Riberas del Guada\u00edra.<br \/>\n  \u00a0\n  <\/p>\n<p>Lleno de p\u00fablico y emociones para un concierto con una gran escenograf\u00eda y extraordinario por parte de la artista manchega, que cuenta en su elenco con el teclista y arreglista alcalare\u00f1o \u00c1lvaro Gandul, quien ser\u00e1 distinguido con motivo del 21 de Septiembre D\u00eda de Alcal\u00e1.<br \/>\n  \u00a0\n  <\/p>\n<p>La alcaldesa Ana Isabel Jim\u00e9nez y el delegado de Cultura, Christopher Rivas, junto al diputado provincial de Cultura, Casimiro Fern\u00e1ndez Linares, saludaron y transmitieron los mejores deseos a la cantante en la previa del espect\u00e1culo.<br \/>\n  \u00a0\n  <\/p>\n<p>Rozal\u00e9n es una de las voces m\u00e1s comprometidas y queridas de la m\u00fasica espa\u00f1ola actual. Combina sensibilidad, mensaje social y un repertorio cargado de emoci\u00f3n. Con discos como El \u00e1rbol y el bosque o Cuando el r\u00edo suena. Ha sabido tender puentes entre generaciones gracias a su autenticidad y cercan\u00eda en el escenario.<br \/>\n  \u00a0\n  <\/p>\n<p>De este modo, Alcal\u00e1 de Guada\u00edra ha sido una de las escalas del Festival del Patio+Metr\u00f3polis en su segunda edici\u00f3n que, tras el concierto de Duncan Dhu en Utrera y el de Rozal\u00e9n en el Auditorio continuar\u00e1 con Fangoria y Nancys Rubias, el 14 de septiembre, en el Recinto Multiusos El Abrazo de La Rinconada; Coque Malla, el 21 de septiembre, en el Auditorio Los del R\u00edo de Dos Hermanas, y Camela, el 10 de octubre, en el Recinto H\u00edpico de Mairena del Aljarafe.\n  <\/p>\n<p>\u00a0\n  <\/p>\n<p>\u00a0\n      <\/p>\n","protected":false},"excerpt":{"rendered":"El Festival del Patio+Metr\u00f3polis organizado por la Diputaci\u00f3n de Sevilla, con la colaboraci\u00f3n del Ayuntamiento a trav\u00e9s de&hellip;\n","protected":false},"author":2,"featured_media":114552,"comment_status":"","ping_status":"","sticky":false,"template":"","format":"standard","meta":{"footnotes":""},"categories":[5],"tags":[24471,24470,24478,24469,1250,17,18,777,209,24474,168,24489,2026,24491,24480,25,24,13,14,24488,24487,24490,24492,24473,11,2178,3624,15235,891,6850,19,20,6688,24483,24054,24497,4044,24493,9,10,15,16,24477,24482,24415,24472,12365,24496,1922,24485,24481,24479,24475,24484,19497,24486,1171,23,24494,12,24476,4664,21,22,24495],"class_list":{"0":"post-114551","1":"post","2":"type-post","3":"status-publish","4":"format-standard","5":"has-post-thumbnail","7":"category-titulares","8":"tag-accesibilidad","9":"tag-administracion-electronica","10":"tag-agenda-de-actividades","11":"tag-alcala-de-guadaira","12":"tag-ayuntamiento","13":"tag-breaking-news","14":"tag-breakingnews","15":"tag-ciudad","16":"tag-cultura","17":"tag-datos-abiertos","18":"tag-deportes","19":"tag-desarrollo-economico","20":"tag-educacion","21":"tag-edusi","22":"tag-equipamientos","23":"tag-es","24":"tag-espana","25":"tag-featured-news","26":"tag-featurednews","27":"tag-feria-de-alcala","28":"tag-fiestas-mayores","29":"tag-formacion-y-empleo","30":"tag-gestion-tributaria","31":"tag-gobierno-abierto","32":"tag-headlines","33":"tag-igualdad","34":"tag-infancia","35":"tag-infraestructura","36":"tag-inmigrantes","37":"tag-juventud","38":"tag-latest-news","39":"tag-latestnews","40":"tag-medio-ambiente","41":"tag-molinos","42":"tag-movilidad-urbana","43":"tag-movilidad-y-transporte","44":"tag-mujeres","45":"tag-museo-de-alcala","46":"tag-news","47":"tag-noticias","48":"tag-noticias-destacadas","49":"tag-noticiasdestacadas","50":"tag-oferta-de-empleo","51":"tag-oromana","52":"tag-participacion-ciudadana","53":"tag-personas-con-discapacidad","54":"tag-personas-mayores","55":"tag-punto-limpio","56":"tag-redes-sociales","57":"tag-secretaria","58":"tag-sede-electronica","59":"tag-servicio-de-quejas-y-sugerencias","60":"tag-servicios-destacados","61":"tag-servicios-municipales","62":"tag-servicios-sociales","63":"tag-servicios-urbanos","64":"tag-sevilla","65":"tag-spain","66":"tag-teatro-auditorio-riberas-del-guadaira","67":"tag-titulares","68":"tag-tramites-y-servicios","69":"tag-turismo","70":"tag-ultimas-noticias","71":"tag-ultimasnoticias","72":"tag-universidad-popular"},"share_on_mastodon":{"url":"","error":""},"_links":{"self":[{"href":"https:\/\/www.europesays.com\/es\/wp-json\/wp\/v2\/posts\/114551","targetHints":{"allow":["GET"]}}],"collection":[{"href":"https:\/\/www.europesays.com\/es\/wp-json\/wp\/v2\/posts"}],"about":[{"href":"https:\/\/www.europesays.com\/es\/wp-json\/wp\/v2\/types\/post"}],"author":[{"embeddable":true,"href":"https:\/\/www.europesays.com\/es\/wp-json\/wp\/v2\/users\/2"}],"replies":[{"embeddable":true,"href":"https:\/\/www.europesays.com\/es\/wp-json\/wp\/v2\/comments?post=114551"}],"version-history":[{"count":0,"href":"https:\/\/www.europesays.com\/es\/wp-json\/wp\/v2\/posts\/114551\/revisions"}],"wp:featuredmedia":[{"embeddable":true,"href":"https:\/\/www.europesays.com\/es\/wp-json\/wp\/v2\/media\/114552"}],"wp:attachment":[{"href":"https:\/\/www.europesays.com\/es\/wp-json\/wp\/v2\/media?parent=114551"}],"wp:term":[{"taxonomy":"category","embeddable":true,"href":"https:\/\/www.europesays.com\/es\/wp-json\/wp\/v2\/categories?post=114551"},{"taxonomy":"post_tag","embeddable":true,"href":"https:\/\/www.europesays.com\/es\/wp-json\/wp\/v2\/tags?post=114551"}],"curies":[{"name":"wp","href":"https:\/\/api.w.org\/{rel}","templated":true}]}}