{"id":114555,"date":"2025-09-14T14:29:10","date_gmt":"2025-09-14T14:29:10","guid":{"rendered":"https:\/\/www.europesays.com\/es\/114555\/"},"modified":"2025-09-14T14:29:10","modified_gmt":"2025-09-14T14:29:10","slug":"pepin-liria-protagonista-del-primer-aperitivo-taurino-de-radio-murcia-ocio-y-cultura","status":"publish","type":"post","link":"https:\/\/www.europesays.com\/es\/114555\/","title":{"rendered":"Pep\u00edn Liria, protagonista del primer Aperitivo Taurino de Radio Murcia | Ocio y cultura"},"content":{"rendered":"<p class=\"loc\">MURCIA<\/p>\n<p>El Restaurante Hispano de Murcia vuelve a acoger, un a\u00f1o m\u00e1s, los Aperitivos Taurinos de Radio Murcia, que ha celebrado este domingo su estreno con un invitado de excepci\u00f3n: Pep\u00edn Liria. El torero ceheginero, figura clave en la historia reciente de la tauromaquia regional, ha compartido una animada tertulia junto a Jos\u00e9 Francisco Bayona, presentador de los Aperitivos Taurinos, y el periodista Fernando Vera, quien este a\u00f1o firma las cr\u00f3nicas taurinas en La Opini\u00f3n de Murcia.<\/p>\n<p><img decoding=\"async\" src=\"https:\/\/www.europesays.com\/es\/wp-content\/uploads\/2025\/09\/HVC5ZNHOTBCOHEPZYVXLP4ZAHI.jpg\" width=\"4\" height=\"3\"  loading=\"lazy\"\/><\/p>\n<p>Cadena SER<\/p>\n<p>Ampliar<img decoding=\"async\" src=\"https:\/\/www.europesays.com\/es\/wp-content\/uploads\/2025\/09\/1757860150_950_HVC5ZNHOTBCOHEPZYVXLP4ZAHI.jpg\" width=\"4\" height=\"3\" loading=\"lazy\"\/><\/p>\n<p>Cadena SER<\/p>\n<p>Cerrar<\/p>\n<p>Durante el encuentro, Pep\u00edn Liria ha hablado de su estrecha relaci\u00f3n con la Feria de Murcia, donde ha sido y sigue siendo un aut\u00e9ntico \u00eddolo para la afici\u00f3n. Tambi\u00e9n ha adelantado su pr\u00f3xima cita en los ruedos: el 5 de octubre en Hell\u00edn, donde dar\u00e1 la alternativa a Manuel Caballero hijo, en un cartel cargado de simbolismo.<\/p>\n<p>Adem\u00e1s, Liria ha reflexionado sobre su nueva etapa como ganadero, una faceta que vive con la misma pasi\u00f3n que su carrera como matador, y ha analizado la actualidad del toreo, aportando su visi\u00f3n sobre el presente y futuro de la fiesta.<\/p>\n<p>El ambiente del Hispano ha servido de marco perfecto para este primer encuentro taurino, que promete ser uno de los espacios m\u00e1s seguidos durante la Feria.<\/p>\n<p>As\u00ed ha comenzado esta primera tertulia taurina, gracias al impulso el Gobierno de la Regi\u00f3n de Murcia.<\/p>\n","protected":false},"excerpt":{"rendered":"MURCIA El Restaurante Hispano de Murcia vuelve a acoger, un a\u00f1o m\u00e1s, los Aperitivos Taurinos de Radio Murcia,&hellip;\n","protected":false},"author":2,"featured_media":114556,"comment_status":"","ping_status":"","sticky":false,"template":"","format":"standard","meta":{"footnotes":""},"categories":[277],"tags":[373,168,25,24,23,167,374],"class_list":{"0":"post-114555","1":"post","2":"type-post","3":"status-publish","4":"format-standard","5":"has-post-thumbnail","7":"category-toreo","8":"tag-bullfighting","9":"tag-deportes","10":"tag-es","11":"tag-espana","12":"tag-spain","13":"tag-sports","14":"tag-toreo"},"share_on_mastodon":{"url":"","error":""},"_links":{"self":[{"href":"https:\/\/www.europesays.com\/es\/wp-json\/wp\/v2\/posts\/114555","targetHints":{"allow":["GET"]}}],"collection":[{"href":"https:\/\/www.europesays.com\/es\/wp-json\/wp\/v2\/posts"}],"about":[{"href":"https:\/\/www.europesays.com\/es\/wp-json\/wp\/v2\/types\/post"}],"author":[{"embeddable":true,"href":"https:\/\/www.europesays.com\/es\/wp-json\/wp\/v2\/users\/2"}],"replies":[{"embeddable":true,"href":"https:\/\/www.europesays.com\/es\/wp-json\/wp\/v2\/comments?post=114555"}],"version-history":[{"count":0,"href":"https:\/\/www.europesays.com\/es\/wp-json\/wp\/v2\/posts\/114555\/revisions"}],"wp:featuredmedia":[{"embeddable":true,"href":"https:\/\/www.europesays.com\/es\/wp-json\/wp\/v2\/media\/114556"}],"wp:attachment":[{"href":"https:\/\/www.europesays.com\/es\/wp-json\/wp\/v2\/media?parent=114555"}],"wp:term":[{"taxonomy":"category","embeddable":true,"href":"https:\/\/www.europesays.com\/es\/wp-json\/wp\/v2\/categories?post=114555"},{"taxonomy":"post_tag","embeddable":true,"href":"https:\/\/www.europesays.com\/es\/wp-json\/wp\/v2\/tags?post=114555"}],"curies":[{"name":"wp","href":"https:\/\/api.w.org\/{rel}","templated":true}]}}