{"id":114561,"date":"2025-09-14T14:35:10","date_gmt":"2025-09-14T14:35:10","guid":{"rendered":"https:\/\/www.europesays.com\/es\/114561\/"},"modified":"2025-09-14T14:35:10","modified_gmt":"2025-09-14T14:35:10","slug":"ike-iroegbu-fichaje-de-un-mes-para-el-valencia-basket","status":"publish","type":"post","link":"https:\/\/www.europesays.com\/es\/114561\/","title":{"rendered":"Ike Iroegbu, fichaje de un mes para el Valencia Basket"},"content":{"rendered":"<p class=\"ft-text\"><a class=\"ft-link ft-link--decoration\" href=\"https:\/\/www.superdeporte.es\/valencia-basket\/2025\/09\/12\/valencia-basket-quiere-fichar-refuerzo-inicio-temporada-121510816.html\" rel=\"nofollow noopener\" target=\"_blank\"><strong>El Valencia Basket se ha movido r\u00e1pido en el mercado<\/strong><\/a><strong> <\/strong>y tras los percances en forma de lesiones de Jean Montero, Brancou Badio y L\u00f3pez-Arostegui, ha logrado fichar ya a un jugador con experiencia en la Liga para ayudar en el tramo final de la pretemporada, en la Supercopa y en el inicio de la temporada.<\/p>\n<p class=\"ft-text\"><strong>El elegido ha sido el base norteamericano con pasaporte nigeriano <\/strong><a class=\"ft-link ft-link--decoration\" href=\"https:\/\/www.acb.com\/jugador\/temporada-a-temporada\/id\/30002683\" rel=\"nofollow noopener\" target=\"_blank\">Ike Iroegbu<\/a> (1,88m, Sacramento (California), 14\/03\/1995, 30 a\u00f1os), que firma por un mes. Iroegbu conoce la Liga Endesa ya que las dos \u00faltimas temporadas las disput\u00f3 con el B\u00e0squet Girona con una media en sus 65 partidos en la acb de 13,8 puntos, 2,4 rebotes y 3,3 asistencias para 11,4 de valoraci\u00f3n, destacando especialmente en la primera de esas campa\u00f1as, en la que acab\u00f3 como uno de los m\u00e1ximos anotadores de la Liga Endesa.<\/p>\n<p>Un trotamundos del baloncesto<\/p>\n<p class=\"ft-text\"><strong>El californiano Ikenna Ugochukwu Iroegbu hizo su formaci\u00f3n de instituto en la prestigiosa Oak Hill Academy<\/strong>, lo que le dio la posibilidad de hacer una etapa de cuatro a\u00f1os con los Cougars de Washington State. Pese a un buen a\u00f1o senior (12,6 puntos, 4,2 rebotes y 3,6 asistencias) no consigui\u00f3 un hueco en la NBA pese a participar en la Liga de Verano. Los \u00c1ngeles Clippers quisieron verle en su equipo asociado de la Liga de Desarrollo pero tras una temporada en la G-League, comenz\u00f3 su aventura en el baloncesto europeo en Alemania.<\/p>\n<p class=\"ft-text\"><strong>El Science City Jena le dio su primera oportunidad en este lado del oc\u00e9ano<\/strong> y destac\u00f3 tanto que llam\u00f3 la atenci\u00f3n del Lietkabelis Panevezys lituano, con el que acab\u00f3 la temporada 2018-19. Tras un regreso a la G-League en la inacabada campa\u00f1a 2019-20, volvi\u00f3 a Europa para en las dos campa\u00f1as siguientes probarse en Francia, de nuevo Alemania e Israel. En el curso 2022-23, fue el Treviso Basket el que apost\u00f3 por Ike y este respondi\u00f3 con los mejores n\u00fameros de su trayectoria europea: 16,4 puntos para ser el s\u00e9ptimo m\u00e1ximo anotador de la Lega, 3,3 rebotes y 2,6 asistencias para 14,6 de valoraci\u00f3n. Una actuaci\u00f3n que le abri\u00f3 las puertas de la Liga Endesa.<\/p>\n<p><img decoding=\"async\" src=\"https:\/\/www.europesays.com\/es\/wp-content\/uploads\/2025\/09\/f9f686a3-fbb7-4676-85e3-4e85e294cdd4_alta-libre-aspect-ratio_default_0.jpg\" width=\"1200\" height=\"1296\" alt=\"Ike Iroegbu, en su \u00faltimo partido en La Fonteta.\" class=\"ft-helper-img-rd\" loading=\"lazy\" hasdataaida=\"true\"\/><\/p>\n<p class=\"ft-helper-fontColor-quaternary ft-helper-fontSize-body-S ft-helper-spacer-t-xxs\">Ike Iroegbu, en su \u00faltimo partido en La Fonteta.  \/ acb Photo \/ M. A. Polo<\/p>\n<p>Estabilidad en Girona<\/p>\n<p class=\"ft-text\">Tras haber destacado ya en la pretemporada con el B\u00e0squet Girona, <a class=\"ft-link ft-link--decoration\" href=\"https:\/\/www.superdeporte.es\/valencia-basket\/2023\/09\/23\/derrota-inesperada-pitos-fonteta-final-92472060.html\" rel=\"nofollow noopener\" target=\"_blank\">Iroegbu se estren\u00f3 en el baloncesto espa\u00f1ol metiendo 16 puntos en la Fonteta<\/a> para el triunfo del equipo catal\u00e1n en la primera jornada de la temporada 2023-24. Solo tard\u00f3 un partido m\u00e1s en llegar a los 20 y dej\u00f3 claras muestras de su capacidad ofensiva con los 27 puntos que le meti\u00f3 a Unicaja, los 30 que le hizo a MoraBanc Andorra, los 25 que le convirti\u00f3 al Bar\u00e7a o los 28 que hizo ante Valencia Basket en el partido de vuelta en Fontajau.<\/p>\n<p class=\"ft-text\">Siendo pieza clave para la permanencia del equipo gerundense, <strong>acab\u00f3 el a\u00f1o como el cuarto m\u00e1ximo anotador de la acb con 15,3 puntos<\/strong> y demostrando su capacidad de desborde siendo el tercero que m\u00e1s visitaba la l\u00ednea de tiros libres (4,7) como consecuencia de las 4,7 faltas que recibi\u00f3 por partido.<\/p>\n<p class=\"ft-text\"><strong>En el equipo de Fontajau repiti\u00f3 para una segunda campa\u00f1a por primera vez en su trayectoria y supo adaptarse a un juego m\u00e1s coral<\/strong> pese a que sus n\u00fameros bajaron un poco por su menor uso de los lanzamientos hasta los 12,2 puntos, 2,5 rebotes y 3,3 asistencias. Aunque tambi\u00e9n tuvo momentos de efervescencia ofensiva como los 25 puntos que le meti\u00f3 al Bar\u00e7a para ayudar a su equipo a sumar la primera de una racha de cuatro victorias seguidas para salir de la zona peligrosa de la clasificaci\u00f3n. Y mejor\u00f3 su aportaci\u00f3n en otras facetas como el rebote, las asistencias o el control de las p\u00e9rdidas de bal\u00f3n.<\/p>\n","protected":false},"excerpt":{"rendered":"El Valencia Basket se ha movido r\u00e1pido en el mercado y tras los percances en forma de lesiones&hellip;\n","protected":false},"author":2,"featured_media":114562,"comment_status":"","ping_status":"","sticky":false,"template":"","format":"standard","meta":{"footnotes":""},"categories":[269],"tags":[299,1918,298,168,622,25,24,557,21574,10666,977,23,167,19255,235,2916],"class_list":{"0":"post-114561","1":"post","2":"type-post","3":"status-publish","4":"format-standard","5":"has-post-thumbnail","7":"category-baloncesto","8":"tag-baloncesto","9":"tag-basket","10":"tag-basketball","11":"tag-deportes","12":"tag-equipo","13":"tag-es","14":"tag-espana","15":"tag-fichaje","16":"tag-fichajes-valencia-basket","17":"tag-masculino","18":"tag-primer","19":"tag-spain","20":"tag-sports","21":"tag-temporal","22":"tag-valencia","23":"tag-valencia-basket"},"share_on_mastodon":{"url":"","error":""},"_links":{"self":[{"href":"https:\/\/www.europesays.com\/es\/wp-json\/wp\/v2\/posts\/114561","targetHints":{"allow":["GET"]}}],"collection":[{"href":"https:\/\/www.europesays.com\/es\/wp-json\/wp\/v2\/posts"}],"about":[{"href":"https:\/\/www.europesays.com\/es\/wp-json\/wp\/v2\/types\/post"}],"author":[{"embeddable":true,"href":"https:\/\/www.europesays.com\/es\/wp-json\/wp\/v2\/users\/2"}],"replies":[{"embeddable":true,"href":"https:\/\/www.europesays.com\/es\/wp-json\/wp\/v2\/comments?post=114561"}],"version-history":[{"count":0,"href":"https:\/\/www.europesays.com\/es\/wp-json\/wp\/v2\/posts\/114561\/revisions"}],"wp:featuredmedia":[{"embeddable":true,"href":"https:\/\/www.europesays.com\/es\/wp-json\/wp\/v2\/media\/114562"}],"wp:attachment":[{"href":"https:\/\/www.europesays.com\/es\/wp-json\/wp\/v2\/media?parent=114561"}],"wp:term":[{"taxonomy":"category","embeddable":true,"href":"https:\/\/www.europesays.com\/es\/wp-json\/wp\/v2\/categories?post=114561"},{"taxonomy":"post_tag","embeddable":true,"href":"https:\/\/www.europesays.com\/es\/wp-json\/wp\/v2\/tags?post=114561"}],"curies":[{"name":"wp","href":"https:\/\/api.w.org\/{rel}","templated":true}]}}