{"id":114565,"date":"2025-09-14T14:37:08","date_gmt":"2025-09-14T14:37:08","guid":{"rendered":"https:\/\/www.europesays.com\/es\/114565\/"},"modified":"2025-09-14T14:37:08","modified_gmt":"2025-09-14T14:37:08","slug":"el-tierno-momento-de-maria-garcia-de-jaime-con-su-hija-en-una-turistica-localidad-vizcaina","status":"publish","type":"post","link":"https:\/\/www.europesays.com\/es\/114565\/","title":{"rendered":"El tierno momento de Mar\u00eda Garc\u00eda de Jaime con su hija en una tur\u00edstica localidad vizca\u00edna"},"content":{"rendered":"<p class=\"v-mdl-ath__p v-mdl-ath__p--6\">\nDomingo, 14 de septiembre 2025, 13:19<\/p>\n<p class=\"v-p\">La influencer Mar\u00eda Garc\u00eda de Jaime y su familia se encuentran estos d\u00edas en Bizkaia de visita a una de sus mejores amigas. Ella acaba de ser madre y los conocidos creadores de contenido han decidido pasar el fin de semana en tierras vizca\u00ednas para conocer al reci\u00e9n nacido.<\/p>\n<p class=\"v-p\">Lo cont\u00f3 Garc\u00eda de Jaime en su perfil de Instagram. \u00ab24 horas en Bilbao conociendo a una personita que nos ha robado el coraz\u00f3n \ufe0fy 2 personas muy felices sin soltarse la mano en todo el d\u00eda\u00bb, escribi\u00f3 junto a un tierno v\u00eddeo con una de sus hijas en Plentzia. <\/p>\n<p class=\"v-p\">En las im\u00e1genes se las ve a ambas chocando las palmas y toc\u00e1ndose el trasero en una especia de coreograf\u00eda ensayada. \u00abEl momento de ir a conocer al beb\u00e9 de una de tus mejores amigas con tu hija recomiendo no salt\u00e1rselo\u00bb, inst\u00f3 la influencer a sus fans. Entre sus seguidores se encuentran Marta Pombo y su marido Luis Zamalloa, que r\u00e1pidamente ha identificado el lugar donde se encontraba Garc\u00eda de Jaime: \u00abEs que que bonito es Plentzia eeeh&#8230;.\u00bb<\/p>\n<p class=\"v-p\">Mar\u00eda Garc\u00eda de Jaime y su pareja Tom\u00e1s P\u00e1ramo se hicieron famosos por convertirse en padres muy j\u00f3venes. Ella solo ten\u00eda 19 a\u00f1os cuando se qued\u00f3 embarazada y empez\u00f3 a compartir consejos en sus redes sociales de c\u00f3mo se pod\u00eda compaginar la crianza con los estudios universitarios. Ahora acumulan casi medio mill\u00f3n de seguidores cada uno.<\/p>\n<p class=\"v-p\">Con solo 26 a\u00f1os la pareja ya ha formado una familia numerosa. Tomi, as\u00ed lo llaman ellos, fue el primero en llegar. Unos meses despu\u00e9s lleg\u00f3 Catalina y hace dos a\u00f1os naci\u00f3 Federico, el \u00faltimo del clan. \u00abNos hace mucha ilusi\u00f3n que nuestros hijos se lleven tan pocos a\u00f1os, porque eso es una suerte para ellos\u00bb, lleg\u00f3 a decir en su d\u00eda Mar\u00eda Garc\u00eda de Jaime.<\/p>\n<p class=\"v-p\">A pesar de la juventud de ambos y de tener tres ni\u00f1os a su cargo, Mar\u00eda Garc\u00eda de Jaime y Tom\u00e1s P\u00e1ramo tambi\u00e9n tienen tiempo para los negocios. Fundaron una marca de ropa, escribieron un libro (&#8216;Botas de colores para d\u00edas de lluvia&#8217;) entre los dos y protagonizaron su propio documental.<\/p>\n<p>Comenta<\/p>\n<p>Reporta un error<\/p>\n","protected":false},"excerpt":{"rendered":"Domingo, 14 de septiembre 2025, 13:19 La influencer Mar\u00eda Garc\u00eda de Jaime y su familia se encuentran estos&hellip;\n","protected":false},"author":2,"featured_media":114566,"comment_status":"","ping_status":"","sticky":false,"template":"","format":"standard","meta":{"footnotes":""},"categories":[174],"tags":[255,146,147,25,24,256,3142,3983,17213,6598,1932,2812,23,24808,29833,1513],"class_list":{"0":"post-114565","1":"post","2":"type-post","3":"status-publish","4":"format-standard","5":"has-post-thumbnail","7":"category-famosos","8":"tag-celebrities","9":"tag-entertainment","10":"tag-entretenimiento","11":"tag-es","12":"tag-espana","13":"tag-famosos","14":"tag-garcia","15":"tag-hija","16":"tag-jaime","17":"tag-localidad","18":"tag-maria","19":"tag-momento","20":"tag-spain","21":"tag-tierno","22":"tag-turistica","23":"tag-vizcaina"},"share_on_mastodon":{"url":"","error":""},"_links":{"self":[{"href":"https:\/\/www.europesays.com\/es\/wp-json\/wp\/v2\/posts\/114565","targetHints":{"allow":["GET"]}}],"collection":[{"href":"https:\/\/www.europesays.com\/es\/wp-json\/wp\/v2\/posts"}],"about":[{"href":"https:\/\/www.europesays.com\/es\/wp-json\/wp\/v2\/types\/post"}],"author":[{"embeddable":true,"href":"https:\/\/www.europesays.com\/es\/wp-json\/wp\/v2\/users\/2"}],"replies":[{"embeddable":true,"href":"https:\/\/www.europesays.com\/es\/wp-json\/wp\/v2\/comments?post=114565"}],"version-history":[{"count":0,"href":"https:\/\/www.europesays.com\/es\/wp-json\/wp\/v2\/posts\/114565\/revisions"}],"wp:featuredmedia":[{"embeddable":true,"href":"https:\/\/www.europesays.com\/es\/wp-json\/wp\/v2\/media\/114566"}],"wp:attachment":[{"href":"https:\/\/www.europesays.com\/es\/wp-json\/wp\/v2\/media?parent=114565"}],"wp:term":[{"taxonomy":"category","embeddable":true,"href":"https:\/\/www.europesays.com\/es\/wp-json\/wp\/v2\/categories?post=114565"},{"taxonomy":"post_tag","embeddable":true,"href":"https:\/\/www.europesays.com\/es\/wp-json\/wp\/v2\/tags?post=114565"}],"curies":[{"name":"wp","href":"https:\/\/api.w.org\/{rel}","templated":true}]}}