{"id":114569,"date":"2025-09-14T14:39:09","date_gmt":"2025-09-14T14:39:09","guid":{"rendered":"https:\/\/www.europesays.com\/es\/114569\/"},"modified":"2025-09-14T14:39:09","modified_gmt":"2025-09-14T14:39:09","slug":"ruben-lazaro-bagues-el-escritor-zaragozano-que-conquista-la-fantasia-con-arcano-vikingo","status":"publish","type":"post","link":"https:\/\/www.europesays.com\/es\/114569\/","title":{"rendered":"Rub\u00e9n L\u00e1zaro Bag\u00fces, el escritor zaragozano que conquista la fantas\u00eda con Arcano Vikingo"},"content":{"rendered":"<p><strong>Rub\u00e9n L\u00e1zaro Bag\u00fces<\/strong> es un <strong><a href=\"https:\/\/www.hoyaragon.es\/articulo\/noticias-aragon\/escritora-abogada-madre-es-marta-borraz-autora-anos-vida\/20250510091912096178.html\" rel=\"nofollow noopener\" target=\"_blank\">autor <\/a>novel nacido en Zaragoza<\/strong> que se ha embarcado en un proyecto ambicioso: una trilog\u00eda de fantas\u00eda basada en la <strong>mitolog\u00eda n\u00f3rdica<\/strong> y el <strong>Ragnarok<\/strong>, titulada Arcano Vikingo. Hasta la fecha ha publicado las <strong>dos primeras partes con la editorial Letrame<\/strong>, y ya se encuentra en proceso de escritura la tercera entrega, que espera lanzar el a\u00f1o pr\u00f3ximo.<\/p>\n<p>Una propuesta \u00e9pica y mitol\u00f3gica<\/p>\n<p>El primer volumen, Arcano Vikingo: El crep\u00fasculo de los dioses, se present\u00f3 en 2024. Su trama gira en torno a la <strong>desaparici\u00f3n del dios Balder<\/strong>, la <strong>melancol\u00eda de Od\u00edn<\/strong> y la <strong>conspiraci\u00f3n de gigantes y divinidades<\/strong> para aprovechar el vac\u00edo de poder. El protagonista, un joven guerrero, emprende un <strong>viaje hacia el norte en busca de respuestas<\/strong> y de su propio destino frente al <strong>Ragnarok<\/strong>.<\/p>\n<p>La saga ha logrado una <strong>buena acogida entre los lectores<\/strong>, que destacan su <strong>ambientaci\u00f3n cuidada<\/strong>, la <strong>recreaci\u00f3n del universo vikingo<\/strong> y la capacidad de mezclar <strong>acci\u00f3n<\/strong> con <strong>referencias a la mitolog\u00eda escandinava<\/strong>.<\/p>\n<p>Visibilidad y recorrido del autor<\/p>\n<p>M\u00e1s all\u00e1 de la escritura, <strong>L\u00e1zaro Bag\u00fces<\/strong> ha trabajado para <strong>dar visibilidad a su obra<\/strong>. Ha realizado <strong>presentaciones en Zaragoza y Madrid<\/strong>, ha participado en eventos literarios como <strong>Zaraletras<\/strong> y estuvo <strong>firmando ejemplares en Barcelona durante el D\u00eda del Libro<\/strong>. En septiembre participar\u00e1 en un <strong>encuentro de autores autopublicados en Madrid<\/strong>, donde continuar\u00e1 impulsando la difusi\u00f3n de la trilog\u00eda.<\/p>\n<p>El escritor mantiene tambi\u00e9n una <strong>presencia activa en redes sociales <\/strong>(@rubolaz y @arcanovikingo en Instagram), a trav\u00e9s de las que comparte avances, reflexiones y material complementario sobre Arcano Vikingo.<\/p>\n<p>Fortalezas y desaf\u00edos<\/p>\n<p>Entre los puntos fuertes de su obra est\u00e1n la <strong>ambientaci\u00f3n mitol\u00f3gica<\/strong>, el <strong>tono \u00e9pico<\/strong> y la <strong>atm\u00f3sfera de aventuras<\/strong>, capaces de atraer tanto a <strong>amantes de la fantas\u00eda cl\u00e1sica<\/strong> como a <strong>lectores m\u00e1s j\u00f3venes<\/strong>. No obstante, como muchos autores emergentes, se enfrenta a retos como lograr una <strong>mayor difusi\u00f3n<\/strong>, <strong>consolidar su comunidad lectora<\/strong> y abrirse paso en un <strong>mercado editorial muy competitivo<\/strong>.<\/p>\n<p>Mirando hacia adelante<\/p>\n<p>Actualmente, <strong>Rub\u00e9n L\u00e1zaro Bag\u00fces<\/strong> trabaja en el <strong>cierre de la trilog\u00eda<\/strong>. Con la tercera parte, aspira a dar un <strong>final digno a la saga<\/strong> y a reforzar su voz en el panorama de la <strong>literatura fant\u00e1stica<\/strong>. Mientras tanto, su ejemplo demuestra que el <strong>talento aragon\u00e9s<\/strong> sigue aportando frescura y pasi\u00f3n al g\u00e9nero, combinando <strong>tradici\u00f3n mitol\u00f3gica<\/strong> con una <strong>narrativa contempor\u00e1nea<\/strong> que busca hacerse un hueco entre los lectores.<\/p>\n","protected":false},"excerpt":{"rendered":"Rub\u00e9n L\u00e1zaro Bag\u00fces es un autor novel nacido en Zaragoza que se ha embarcado en un proyecto ambicioso:&hellip;\n","protected":false},"author":2,"featured_media":114570,"comment_status":"","ping_status":"","sticky":false,"template":"","format":"standard","meta":{"footnotes":""},"categories":[172],"tags":[224,38649,146,147,25,24,225,23],"class_list":{"0":"post-114569","1":"post","2":"type-post","3":"status-publish","4":"format-standard","5":"has-post-thumbnail","7":"category-libros","8":"tag-books","9":"tag-cultureta","10":"tag-entertainment","11":"tag-entretenimiento","12":"tag-es","13":"tag-espana","14":"tag-libros","15":"tag-spain"},"share_on_mastodon":{"url":"","error":""},"_links":{"self":[{"href":"https:\/\/www.europesays.com\/es\/wp-json\/wp\/v2\/posts\/114569","targetHints":{"allow":["GET"]}}],"collection":[{"href":"https:\/\/www.europesays.com\/es\/wp-json\/wp\/v2\/posts"}],"about":[{"href":"https:\/\/www.europesays.com\/es\/wp-json\/wp\/v2\/types\/post"}],"author":[{"embeddable":true,"href":"https:\/\/www.europesays.com\/es\/wp-json\/wp\/v2\/users\/2"}],"replies":[{"embeddable":true,"href":"https:\/\/www.europesays.com\/es\/wp-json\/wp\/v2\/comments?post=114569"}],"version-history":[{"count":0,"href":"https:\/\/www.europesays.com\/es\/wp-json\/wp\/v2\/posts\/114569\/revisions"}],"wp:featuredmedia":[{"embeddable":true,"href":"https:\/\/www.europesays.com\/es\/wp-json\/wp\/v2\/media\/114570"}],"wp:attachment":[{"href":"https:\/\/www.europesays.com\/es\/wp-json\/wp\/v2\/media?parent=114569"}],"wp:term":[{"taxonomy":"category","embeddable":true,"href":"https:\/\/www.europesays.com\/es\/wp-json\/wp\/v2\/categories?post=114569"},{"taxonomy":"post_tag","embeddable":true,"href":"https:\/\/www.europesays.com\/es\/wp-json\/wp\/v2\/tags?post=114569"}],"curies":[{"name":"wp","href":"https:\/\/api.w.org\/{rel}","templated":true}]}}