{"id":114581,"date":"2025-09-14T14:46:19","date_gmt":"2025-09-14T14:46:19","guid":{"rendered":"https:\/\/www.europesays.com\/es\/114581\/"},"modified":"2025-09-14T14:46:19","modified_gmt":"2025-09-14T14:46:19","slug":"samsung-responde-a-apple-lanzando-el-galaxy-s25-fe-para-dominar-la-gama-alta-y-tiene-rebaja-de-lanzamiento","status":"publish","type":"post","link":"https:\/\/www.europesays.com\/es\/114581\/","title":{"rendered":"Samsung responde a Apple lanzando el Galaxy S25 FE para dominar la gama alta (y tiene rebaja de lanzamiento)"},"content":{"rendered":"<p>Apple ha apostado fuerte con el lanzamiento de los nuevos iPhone 17, pero Samsung no se ha quedado con los brazos cruzados y se ha adelantado con el anuncio de un gama alta mucho m\u00e1s accesible que los modelos de la marca californiana. Hablamos del <b>Samsung Galaxy S25 FE<\/b>, que tambi\u00e9n llegar\u00e1 en las pr\u00f3ximas semanas y <b>ya se puede reservar con descuento<\/b>.<\/p>\n<p>Aunque su precio recomendado es de 819 euros, este novedoso tel\u00e9fono de <b>Samsung <\/b>ya tiene una oferta de lanzamiento que nos permite <b>ahorrar un total de 60 euros<\/b> en su reserva para conseguirlo por unos ajustados <a title=\"759 euros en Amazon\" href=\"https:\/\/www.amazon.es\/dp\/B0FLDL1K56\/?tag=lr-tecnologia-21\" rel=\"nofollow,sponsored noopener\" target=\"_blank\">759 euros en Amazon<\/a>. Vamos, que si ya de por s\u00ed era un terminal con un excelente equilibrio dentro de la gama alta, con descuento merece todav\u00eda m\u00e1s la pena. Y recuerda, esta promoci\u00f3n estar\u00e1 disponible por tiempo limitado y <b>saldr\u00e1 a la venta de manera oficial el pr\u00f3ximo 25 de septiembre<\/b>.<\/p>\n<p>Estrena el nuevo tel\u00e9fono Samsung Galaxy S25 FE con descuento<img decoding=\"async\" loading=\"lazy\" src=\"https:\/\/www.europesays.com\/es\/wp-content\/uploads\/2025\/09\/samsung-galaxy-s25_58.jpg\" alt=\"Samsung Galaxy S25 FE\" width=\"1000\" height=\"567\"\/><b>Samsung Galaxy S25 FE<\/b>Samsung <\/p>\n<p>El <a title=\"Samsung Galaxy S25 FE\" href=\"https:\/\/www.larazon.es\/tecnologia-consumo\/samsung-galaxy-s25-oficial-diseno-renovado-camaras-mejoradas-mucha-7-anos-actualizaciones_2025090468b94f4f8f77821956ae55d8.html\" target=\"_blank\" rel=\"nofollow noopener\">Samsung Galaxy S25 FE<\/a> (Fan Edition) llega para convertirse en <b>el gama alta m\u00e1s equilibrado de la marca<\/b>, ya que ofrece unas buenas prestaciones a precio m\u00e1s econ\u00f3mico para plantar cara a otras opciones de la competencia como el <a title=\"iPhone 16e de Apple\" href=\"https:\/\/www.larazon.es\/tecnologia\/iphone-16e-iphone-16-que-parecen-que-diferencian_2025021967b63957500f960001127c26.html\" target=\"_blank\" rel=\"nofollow noopener\">iPhone 16e de Apple<\/a>. La primera gran mejora con respecto a la anterior generaci\u00f3n nos la encontramos en el dise\u00f1o, el cual es m\u00e1s moderno y elegante. Cuenta con un <b>marco de aluminio reforzado<\/b>, una <a title=\"certificaci\u00f3n IP68\" href=\"https:\/\/www.larazon.es\/tecnologia\/20220924\/up6pqj2s7jby3egvfpbskphlbi.html\" target=\"_blank\" rel=\"nofollow noopener\">certificaci\u00f3n IP68<\/a>, un <b>grosor de 7,4 mm<\/b> y un <b>ligero peso de 190 gramos<\/b> que lo hace muy manejable.<\/p>\n<p>En cuanto al apartado visual, la protagonista es una <b>pantalla Dynamic AMOLED 2X LTPO de 6,7 pulgadas<\/b> que nos brinda una resoluci\u00f3n Full HD+, una <a title=\"tasa de refresco variable desde 60 Hz hasta 120 Hz\" href=\"https:\/\/www.larazon.es\/compras\/moviles-mayor-tasa-refresco-mercado-3v3r_20250107677ce82caf21750001487857.html\" target=\"_blank\" rel=\"nofollow noopener\">tasa de refresco variable desde 60 Hz hasta 120 Hz<\/a>, un <a title=\"brillo m\u00e1ximo que alcanza los 1.900 nits\" href=\"https:\/\/www.larazon.es\/compras\/moviles-mas-nivel-brillo-que-existen-actualmente-mercado-3v3r_20250121678f80c747e9a00001e06f88.html\" target=\"_blank\" rel=\"nofollow noopener\">brillo m\u00e1ximo que alcanza los 1.900 nits<\/a> y una tecnolog\u00eda Vision Booster caracter\u00edstica de la marca que mejora la visibilidad en exteriores. En otras palabras, la experiencia est\u00e1 a la altura de la gama alta. Y viene protegida con <b>Gorilla Glass Victus+<\/b> para sumar m\u00e1s puntos.<\/p>\n<p>Pasando a hablar sobre su hardware, en el interior de este terminal late con fuerza un <b>procesador Exynos 2400<\/b> que potencia de sobra para llevar a cabo cualquier tarea con fluidez y est\u00e1 preparado para sacarle partido a todas las funciones de Galaxy AI. Adem\u00e1s, funciona de la mano de una memoria RAM de 8 GB, lo que supone un ligero recorte en comparaci\u00f3n al resto de modelos de la familia Galaxy S25, y un almacenamiento 256 GB al tratarse de su versi\u00f3n m\u00e1s b\u00e1sica.<\/p>\n<p>Otro punto clave es que llega funcionando bajo la capa de personalizaci\u00f3n One UI 8 basada en <a title=\"Android 16\" href=\"https:\/\/andro4all.com\/android-16\/16-novedades-por-las-que-valdra-la-pena-actualizar-a-android-16\" target=\"_blank\" rel=\"nofollow noopener\">Android 16<\/a>, con la promesa de <b>7 a\u00f1os de actualizaciones completas<\/b>. Y si ponemos la vista en el apartado de c\u00e1maras, da la talla al incorporar un <b>sensor principal de 50 MP, un ultra gran angular de 12 MP para paisajes y un teleobjetivo de 8 MP<\/b>. Sin olvidarnos de su c\u00e1mara frontal de 12 MP, la cual asegura selfies y videollamadas con gran nitidez.<\/p>\n<p>Y para rematar, toca echar un vistazo r\u00e1pido a su autonom\u00eda, que es donde m\u00e1s conservador se ha mantenido este smartphone. Monta nada m\u00e1s y nada menos que una <b>bater\u00eda de 4.900 mAh<\/b> que aguanta todo un d\u00eda de uso completo, a la que se le suma una <b>carga r\u00e1pida de 45 W y carga inal\u00e1mbrica de 15 W<\/b>. Todo esto convierten al Samsung Galaxy S25 FE en una opci\u00f3n muy interesante, y m\u00e1s ahora que est\u00e1n a punto de salir a la venta los nuevos iPhone 17.<\/p>\n<p>Este art\u00edculo est\u00e1 pensado para ayudarte a descubrir productos de tu inter\u00e9s o para que tomes una mejor decisi\u00f3n de compra. Algunos de los enlaces que incluye son de afiliados, por lo que si realizas una compra a trav\u00e9s de ellos La Raz\u00f3n podr\u00eda recibir una peque\u00f1a comisi\u00f3n. Este hecho no influye en nuestras recomendaciones ni en el precio que pagas por el producto.<\/p>\n","protected":false},"excerpt":{"rendered":"Apple ha apostado fuerte con el lanzamiento de los nuevos iPhone 17, pero Samsung no se ha quedado&hellip;\n","protected":false},"author":2,"featured_media":114582,"comment_status":"","ping_status":"","sticky":false,"template":"","format":"standard","meta":{"footnotes":""},"categories":[81],"tags":[119,123,124,25,24,117,121,122,23,118,120],"class_list":{"0":"post-114581","1":"post","2":"type-post","3":"status-publish","4":"format-standard","5":"has-post-thumbnail","7":"category-ciencia-y-tecnologia","8":"tag-ciencia","9":"tag-ciencia-y-tecnologia","10":"tag-cienciaytecnologia","11":"tag-es","12":"tag-espana","13":"tag-science","14":"tag-science-and-technology","15":"tag-scienceandtechnology","16":"tag-spain","17":"tag-technology","18":"tag-tecnologia"},"share_on_mastodon":{"url":"","error":""},"_links":{"self":[{"href":"https:\/\/www.europesays.com\/es\/wp-json\/wp\/v2\/posts\/114581","targetHints":{"allow":["GET"]}}],"collection":[{"href":"https:\/\/www.europesays.com\/es\/wp-json\/wp\/v2\/posts"}],"about":[{"href":"https:\/\/www.europesays.com\/es\/wp-json\/wp\/v2\/types\/post"}],"author":[{"embeddable":true,"href":"https:\/\/www.europesays.com\/es\/wp-json\/wp\/v2\/users\/2"}],"replies":[{"embeddable":true,"href":"https:\/\/www.europesays.com\/es\/wp-json\/wp\/v2\/comments?post=114581"}],"version-history":[{"count":0,"href":"https:\/\/www.europesays.com\/es\/wp-json\/wp\/v2\/posts\/114581\/revisions"}],"wp:featuredmedia":[{"embeddable":true,"href":"https:\/\/www.europesays.com\/es\/wp-json\/wp\/v2\/media\/114582"}],"wp:attachment":[{"href":"https:\/\/www.europesays.com\/es\/wp-json\/wp\/v2\/media?parent=114581"}],"wp:term":[{"taxonomy":"category","embeddable":true,"href":"https:\/\/www.europesays.com\/es\/wp-json\/wp\/v2\/categories?post=114581"},{"taxonomy":"post_tag","embeddable":true,"href":"https:\/\/www.europesays.com\/es\/wp-json\/wp\/v2\/tags?post=114581"}],"curies":[{"name":"wp","href":"https:\/\/api.w.org\/{rel}","templated":true}]}}