{"id":114595,"date":"2025-09-14T14:54:11","date_gmt":"2025-09-14T14:54:11","guid":{"rendered":"https:\/\/www.europesays.com\/es\/114595\/"},"modified":"2025-09-14T14:54:11","modified_gmt":"2025-09-14T14:54:11","slug":"deporte-y-fiesta-en-el-t-golf-calvia","status":"publish","type":"post","link":"https:\/\/www.europesays.com\/es\/114595\/","title":{"rendered":"Deporte y fiesta en el T Golf Calvi\u00e0"},"content":{"rendered":"<p>El T Golf Calvi\u00e0 celebr\u00f3 este s\u00e1bado su d\u00e9cimo aniversario con un evento especial en el que no falt\u00f3 el deporte y la fiesta. A primera hora de la ma\u00f1ana empezaron a llegar los jugadores para participar en el torneo golf de esta cita se\u00f1alada en la que se celebran los diez a\u00f1os de estas instalaciones.<\/p>\n<p>La competici\u00f3n arranc\u00f3 sobre las 9:30 horas, en la que participaron socios de T Golf Calvi\u00e0, y finaliz\u00f3 con una comida y la entrega de premios.<\/p>\n<p><img loading=\"lazy\" decoding=\"async\" src=\"https:\/\/www.europesays.com\/es\/wp-content\/uploads\/2025\/09\/3472877.jpg\" border=\"0\" alt=\"Eq13092025001-14.jpg\" width=\"2048\" height=\"1366\"\/><\/p>\n<p>Ya por la tarde noche se llev\u00f3 a cabo el evento festivo de esta conmemoraci\u00f3n, que cont\u00f3 con la presencia de unos 200 asistentes, que empezaron a unirse a la cita alrededor de las 19:30 horas, y que se inici\u00f3 con el ya tradicional\u2006 \u2006fotocall.<\/p>\n<p><img loading=\"lazy\" decoding=\"async\" src=\"https:\/\/www.europesays.com\/es\/wp-content\/uploads\/2025\/09\/3472871.jpg\" border=\"0\" alt=\"fiesta golf foto ca\u00c3\u00b1ellas canellas 2.jpg\" width=\"2048\" height=\"1366\"\/>&#13;<br \/>\n&#13;<\/p>\n<p>La celebraci\u00f3n se desarroll\u00f3 por la tarde noche en un buen ambiente, amenizado con una variada gastronom\u00eda. Foto: M.A. CA\u00d1ELLAS<\/p>\n<p>&#13;<br \/>\n&#13;<\/p>\n<p>A medida que fueroon llegando los invitados se iban dirigiendo al rooftop, donde pudieron disfrutar de un c\u00f3ctel, y poco despu\u00e9s bajaron al club para disfrutar de un momento gastron\u00f3mico ya que les esperaban distintas mesas con una variada comida internacional, y todo amenizado con un buen ambiente y musica.<\/p>\n","protected":false},"excerpt":{"rendered":"El T Golf Calvi\u00e0 celebr\u00f3 este s\u00e1bado su d\u00e9cimo aniversario con un evento especial en el que no&hellip;\n","protected":false},"author":2,"featured_media":114596,"comment_status":"","ping_status":"","sticky":false,"template":"","format":"standard","meta":{"footnotes":""},"categories":[275],"tags":[168,25,24,329,492,23,167,2922,1529],"class_list":{"0":"post-114595","1":"post","2":"type-post","3":"status-publish","4":"format-standard","5":"has-post-thumbnail","7":"category-golf","8":"tag-deportes","9":"tag-es","10":"tag-espana","11":"tag-golf","12":"tag-sociedad","13":"tag-spain","14":"tag-sports","15":"tag-tendencias","16":"tag-ultima-hora"},"share_on_mastodon":{"url":"","error":""},"_links":{"self":[{"href":"https:\/\/www.europesays.com\/es\/wp-json\/wp\/v2\/posts\/114595","targetHints":{"allow":["GET"]}}],"collection":[{"href":"https:\/\/www.europesays.com\/es\/wp-json\/wp\/v2\/posts"}],"about":[{"href":"https:\/\/www.europesays.com\/es\/wp-json\/wp\/v2\/types\/post"}],"author":[{"embeddable":true,"href":"https:\/\/www.europesays.com\/es\/wp-json\/wp\/v2\/users\/2"}],"replies":[{"embeddable":true,"href":"https:\/\/www.europesays.com\/es\/wp-json\/wp\/v2\/comments?post=114595"}],"version-history":[{"count":0,"href":"https:\/\/www.europesays.com\/es\/wp-json\/wp\/v2\/posts\/114595\/revisions"}],"wp:featuredmedia":[{"embeddable":true,"href":"https:\/\/www.europesays.com\/es\/wp-json\/wp\/v2\/media\/114596"}],"wp:attachment":[{"href":"https:\/\/www.europesays.com\/es\/wp-json\/wp\/v2\/media?parent=114595"}],"wp:term":[{"taxonomy":"category","embeddable":true,"href":"https:\/\/www.europesays.com\/es\/wp-json\/wp\/v2\/categories?post=114595"},{"taxonomy":"post_tag","embeddable":true,"href":"https:\/\/www.europesays.com\/es\/wp-json\/wp\/v2\/tags?post=114595"}],"curies":[{"name":"wp","href":"https:\/\/api.w.org\/{rel}","templated":true}]}}