{"id":114599,"date":"2025-09-14T14:56:08","date_gmt":"2025-09-14T14:56:08","guid":{"rendered":"https:\/\/www.europesays.com\/es\/114599\/"},"modified":"2025-09-14T14:56:08","modified_gmt":"2025-09-14T14:56:08","slug":"el-movistar-suma-mas-talento-espanol-juanpe-lopez-ya-es-oficial","status":"publish","type":"post","link":"https:\/\/www.europesays.com\/es\/114599\/","title":{"rendered":"El Movistar suma m\u00e1s talento espa\u00f1ol: Juanpe L\u00f3pez ya es oficial"},"content":{"rendered":"<p class=\"\">Despu\u00e9s de siete campa\u00f1as en el<b> Lidl-Trek<\/b>, <b>Juan Pedro \u201cJuanpe\u201d L\u00f3pez (Lebrija, 28 a\u00f1os)<\/b> formar\u00e1 parte del <b>Movistar Team<\/b> a partir de la pr\u00f3xima temporada. Este domingo, la escuadra telef\u00f3nica oficializ\u00f3 un movimiento <a href=\"https:\/\/as.com\/ciclismo\/mas_ciclismo\/juanpe-lopez-al-movistar-n\/\" target=\"_self\" rel=\"nofollow noopener\" title=\"https:\/\/as.com\/ciclismo\/mas_ciclismo\/juanpe-lopez-al-movistar-n\/\"><b>adelantado por AS a mediados de julio<\/b><\/a>. \u201cCon su llegada, Movistar Team refuerza su bloque con un corredor experimentado, carism\u00e1tico y con ambici\u00f3n\u201d, celebr\u00f3 el equipo espa\u00f1ol, que firma al ciclista hasta 2027. <\/p>\n<p class=\"\">Con dos victorias en su palmar\u00e9s <b>(etapa y general en el Tour de los Alpes del a\u00f1o pasado)<\/b>, <b>Juanpe L\u00f3pez<\/b> dio un gran salto en su carrera en el <b>Giro de Italia de 2022<\/b>, <a href=\"https:\/\/as.com\/ciclismo\/2022\/05\/10\/giro_italia\/1652190769_823360.html\" target=\"_self\" rel=\"nofollow noopener\" title=\"https:\/\/as.com\/ciclismo\/2022\/05\/10\/giro_italia\/1652190769_823360.html\">cuando se visti\u00f3 de rosa durante diez d\u00edas<\/a>. En el Movistar, se unir\u00e1 a un grupo que conoce bien, pues suele compartir entrenamientos en Andorra con varios de los ciclistas telef\u00f3nicos, y seguir\u00e1 dando forma a un equipo que<b> se est\u00e1 reforzando con mucho talento nacional<\/b>. En este mercado, <a href=\"https:\/\/as.com\/ciclismo\/mas_ciclismo\/roger-adria-segundo-fichaje-del-movistar-n\/\" target=\"_self\" rel=\"nofollow noopener\" title=\"https:\/\/as.com\/ciclismo\/mas_ciclismo\/roger-adria-segundo-fichaje-del-movistar-n\/\">tambi\u00e9n han llegado <b>Ra\u00fal Garc\u00eda Pierna<\/b> y <b>Roger Adri\u00e0<\/b><\/a>. <\/p>\n<p>Noticias relacionadas<\/p>\n<p class=\"\">\u201c<b>Es un orgullo fichar por un equipo con los valores de Movistar Team<\/b>, un conjunto de casa despu\u00e9s de mi andadura fuera de Espa\u00f1a. Llega un momento en el que los cambios te pueden traer algo bueno y <b>el movimiento al equipo de casa es una ambici\u00f3n multiplicada<\/b> por dos\u201d, expres\u00f3 Juanpe en declaraciones para el Movistar. \u201cDar este paso es una gran oportunidad para m\u00ed, <b>quiero aportar al equipo la experiencia que tengo<\/b> y todav\u00eda me quedan unos a\u00f1os para dar el 100% de m\u00ed y dar lo mejor para el conjunto. Aprender de los compa\u00f1eros y aportar la experiencia y, sobre todo, intentar hacerlo lo mejor que pueda. Creo que es el equipo adaptado a m\u00ed y quiero disfrutarlo al 100%\u201d, a\u00f1adi\u00f3. <\/p>\n<p class=\"\"><b>\u00a1Tus opiniones importan!<\/b> Comenta en los art\u00edculos y suscr\u00edbete gratis a nuestra <a href=\"https:\/\/asfan.as.com\/newsletters\/\" target=\"_blank\" rel=\"nofollow noopener\" title=\"https:\/\/asfan.as.com\/newsletters\/\">newsletter<\/a> y a las alertas informativas en la <a href=\"https:\/\/as.com\/aplicacion-de-as-n\/\" target=\"_blank\" rel=\"nofollow noopener\" title=\"https:\/\/as.com\/aplicacion-de-as-n\/\">App<\/a> o el canal de <a href=\"https:\/\/www.whatsapp.com\/channel\/0029VaAasdA7j6g745nz9M10\" target=\"_blank\" rel=\"nofollow noopener\" title=\"https:\/\/www.whatsapp.com\/channel\/0029VaAasdA7j6g745nz9M10\">WhatsApp<\/a>. \u00bfBuscas licenciar contenido? Haz clic <a href=\"https:\/\/profesional.elpais.com\/soluciones-sindicacion?utm_medium=interno&amp;utm_source=crosslinking&amp;utm_campaign=sindicacion_as_pie_articulos\" target=\"_blank\" rel=\"nofollow noopener\" title=\"https:\/\/profesional.elpais.com\/soluciones-sindicacion?utm_medium=interno&amp;utm_source=crosslinking&amp;utm_campaign=sindicacion_as_pie_articulos\">aqu\u00ed<\/a><\/p>\n","protected":false},"excerpt":{"rendered":"Despu\u00e9s de siete campa\u00f1as en el Lidl-Trek, Juan Pedro \u201cJuanpe\u201d L\u00f3pez (Lebrija, 28 a\u00f1os) formar\u00e1 parte del Movistar&hellip;\n","protected":false},"author":2,"featured_media":114600,"comment_status":"","ping_status":"","sticky":false,"template":"","format":"standard","meta":{"footnotes":""},"categories":[273],"tags":[313,312,168,25,24,23,167],"class_list":{"0":"post-114599","1":"post","2":"type-post","3":"status-publish","4":"format-standard","5":"has-post-thumbnail","7":"category-ciclismo","8":"tag-ciclismo","9":"tag-cycling","10":"tag-deportes","11":"tag-es","12":"tag-espana","13":"tag-spain","14":"tag-sports"},"share_on_mastodon":{"url":"","error":""},"_links":{"self":[{"href":"https:\/\/www.europesays.com\/es\/wp-json\/wp\/v2\/posts\/114599","targetHints":{"allow":["GET"]}}],"collection":[{"href":"https:\/\/www.europesays.com\/es\/wp-json\/wp\/v2\/posts"}],"about":[{"href":"https:\/\/www.europesays.com\/es\/wp-json\/wp\/v2\/types\/post"}],"author":[{"embeddable":true,"href":"https:\/\/www.europesays.com\/es\/wp-json\/wp\/v2\/users\/2"}],"replies":[{"embeddable":true,"href":"https:\/\/www.europesays.com\/es\/wp-json\/wp\/v2\/comments?post=114599"}],"version-history":[{"count":0,"href":"https:\/\/www.europesays.com\/es\/wp-json\/wp\/v2\/posts\/114599\/revisions"}],"wp:featuredmedia":[{"embeddable":true,"href":"https:\/\/www.europesays.com\/es\/wp-json\/wp\/v2\/media\/114600"}],"wp:attachment":[{"href":"https:\/\/www.europesays.com\/es\/wp-json\/wp\/v2\/media?parent=114599"}],"wp:term":[{"taxonomy":"category","embeddable":true,"href":"https:\/\/www.europesays.com\/es\/wp-json\/wp\/v2\/categories?post=114599"},{"taxonomy":"post_tag","embeddable":true,"href":"https:\/\/www.europesays.com\/es\/wp-json\/wp\/v2\/tags?post=114599"}],"curies":[{"name":"wp","href":"https:\/\/api.w.org\/{rel}","templated":true}]}}