{"id":114607,"date":"2025-09-14T15:01:09","date_gmt":"2025-09-14T15:01:09","guid":{"rendered":"https:\/\/www.europesays.com\/es\/114607\/"},"modified":"2025-09-14T15:01:09","modified_gmt":"2025-09-14T15:01:09","slug":"un-grafiti-de-banksy-fue-censurado-en-londres","status":"publish","type":"post","link":"https:\/\/www.europesays.com\/es\/114607\/","title":{"rendered":"Un grafiti de Banksy fue censurado en Londres"},"content":{"rendered":"<p>Una vez cada tanto, Banksy golpea con sus alegor\u00edas cargadas de notoriedad y m\u00edstica. Esta vez, el referente mundial del grafiti y el arte urbano, eligi\u00f3 un contexto delicado para proponer un mensaje en una pared de Londres. Las protestas masivas en Europa contra el accionar del gobierno de Benjamin Netanyahu sobre Gaza se replican de distintas maneras en cada pa\u00eds, reflejando tambi\u00e9n conflictos internos. <\/p>\n<p>En el caso del Reino Unido, hubo protestas en Belfast (capital de Irlanda del Norte), Edimburgo y Londres. En esta \u00faltima ciudad, las protestas se dieron en apoyo al grupo Palestine Action, que fue proscrito desde finales de julio por medio de la ley antiterrorista vigente desde el a\u00f1o 2000. En dicha manifestaci\u00f3n, la polic\u00eda londinense inform\u00f3 que fueron detenidas 857 personas. <\/p>\n<p>Eliminado. El nuevo \u2013y hasta la fecha el \u00faltimo\u2013 grafiti de Banksy apareci\u00f3 el lunes 8 de septiemhre en la pared de la Corte Real de Justicia de Londres, en una esquina inferior del edificio de ese M\u00e1ximo Tribunal. En \u00e9l se puede ver a quien podr\u00eda ser un magistrado golpeando a un manifestante, que sostiene una pancarta salpicada de sangre. <\/p>\n<p>\n        Esto no les gusta a los autoritarios\n    <\/p>\n<p>\n                El ejercicio del periodismo profesional y cr\u00edtico es un pilar fundamental de la democracia. Por eso molesta a quienes creen ser los due\u00f1os de la verdad.\n            <\/p>\n<p>Como sucede cada vez que Banksy \u2013v\u00eda Instagram\u2013 confirma su autor\u00eda en un grafiti, fans y curiosos se acercaron al edificio judicial para tomarse fotos con la obra. Ante esto, lo primero que hizo la polic\u00eda  fue cubrirlo con placas met\u00e1licas. Si bien las obras de Banksy \u2013cuya identidad todav\u00eda es un interrogante mundial\u2013 son consideradas patrimonios universales de la contracultura, los administradores del tribunal ordenaron borrar el mencionado grafiti. El argumento principal es que el edificio \u201cgrafitado\u201d tiene valor hist\u00f3rico: es de estilo neog\u00f3tico victoriano, tiene 143 a\u00f1os de antig\u00fcedad y, m\u00e1s all\u00e1 de la conveniencia discursiva, primero hab\u00edan alegado querer mantenerlo intacto. <\/p>\n<p>No es casual. Las obras de Banksy son, entre otras cosas, opiniones pol\u00edticas que, mediante alegor\u00edas f\u00e1cilmente decodificables, denuncian y conmueven. Esos grafitis siempre dan lugar para la ambig\u00fcedad, y para que el espectador complete el sentido seg\u00fan su propio criterio. Tambi\u00e9n son instagrameables y suman un punto tur\u00edstico en una ciudad como Londres. En este caso, el grafiti apareci\u00f3 en el tribunal que alberga la Corte de Apelaciones y el Tribunal Superior, responsables de la prohibici\u00f3n del mencionado grupo Palestine Action.<\/p>\n<p>Colateral. El grafiti de Banksy se da en un momento sumamente delicado porque el gobierno de Israel ordena la evacuaci\u00f3n de Gaza y avanza en su proyecto de ocupaci\u00f3n a como d\u00e9 lugar. Por otro lado, Naciones Unidas vota el apoyo a la Declaraci\u00f3n de Nueva York, que promulga la soluci\u00f3n de dos estados: Palestina e Israel. Adem\u00e1s, por  ejemplo, m\u00e1s de dos mil actores de todo el mundo acordaron no trabajar para productoras que apoyen el ya t\u00e9cnicamente calificado, genocidio israel\u00ed.<\/p>\n<p>En ese contexto, el arte  \u2013o en este caso Banksy\u2013opina y desata un debate paralelo: \u00bfLa orden de borrar el grafiti de Banksy a 48 horas de hacerse p\u00fablica su autor\u00eda, es una censura o tiene legitimidad? La pregunta es una problem\u00e1tica que atraves\u00f3 al arte urbano desde sus or\u00edgenes. La ciudad como lienzo, el vandalismo como forma de vida, las normas como l\u00edmites hechos para ser franqueados. Los artistas urbanos saben que est\u00e1n infringiendo con su arte las leyes de un sistema que solo puede alojarlos en sus m\u00e1rgenes. <\/p>\n<p>Herramientas de legitimaci\u00f3n como las redes sociales pueden hacer circular una obra en tiempo r\u00e9cord, generando un impacto que hace tiempo era impensable. Y en este caso, por ejemplo, Marcos Galperin \u2013CEO de Mercado Libre\u2013reposte\u00f3 un video donde se ve c\u00edmo est\u00e1n borrado el grafiti de Banksy, y agreg\u00f3: \u201cEl Reino Unido est\u00e1 perdido\u201d. No obstante, es sorprendente la fugacidad de esta obra que es testimonio de una \u00e9poca marcada por la violencia, y que tendr\u00e1 a la imagen ya desaparecida como uno de sus memorables signos. <\/p>\n","protected":false},"excerpt":{"rendered":"Una vez cada tanto, Banksy golpea con sus alegor\u00edas cargadas de notoriedad y m\u00edstica. Esta vez, el referente&hellip;\n","protected":false},"author":2,"featured_media":114608,"comment_status":"","ping_status":"","sticky":false,"template":"","format":"standard","meta":{"footnotes":""},"categories":[173],"tags":[229,233,231,230,232,234,146,147,25,24,23],"class_list":{"0":"post-114607","1":"post","2":"type-post","3":"status-publish","4":"format-standard","5":"has-post-thumbnail","7":"category-arte-y-diseno","8":"tag-arte","9":"tag-arte-y-diseno","10":"tag-arts","11":"tag-arts-and-design","12":"tag-design","13":"tag-diseno","14":"tag-entertainment","15":"tag-entretenimiento","16":"tag-es","17":"tag-espana","18":"tag-spain"},"share_on_mastodon":{"url":"","error":""},"_links":{"self":[{"href":"https:\/\/www.europesays.com\/es\/wp-json\/wp\/v2\/posts\/114607","targetHints":{"allow":["GET"]}}],"collection":[{"href":"https:\/\/www.europesays.com\/es\/wp-json\/wp\/v2\/posts"}],"about":[{"href":"https:\/\/www.europesays.com\/es\/wp-json\/wp\/v2\/types\/post"}],"author":[{"embeddable":true,"href":"https:\/\/www.europesays.com\/es\/wp-json\/wp\/v2\/users\/2"}],"replies":[{"embeddable":true,"href":"https:\/\/www.europesays.com\/es\/wp-json\/wp\/v2\/comments?post=114607"}],"version-history":[{"count":0,"href":"https:\/\/www.europesays.com\/es\/wp-json\/wp\/v2\/posts\/114607\/revisions"}],"wp:featuredmedia":[{"embeddable":true,"href":"https:\/\/www.europesays.com\/es\/wp-json\/wp\/v2\/media\/114608"}],"wp:attachment":[{"href":"https:\/\/www.europesays.com\/es\/wp-json\/wp\/v2\/media?parent=114607"}],"wp:term":[{"taxonomy":"category","embeddable":true,"href":"https:\/\/www.europesays.com\/es\/wp-json\/wp\/v2\/categories?post=114607"},{"taxonomy":"post_tag","embeddable":true,"href":"https:\/\/www.europesays.com\/es\/wp-json\/wp\/v2\/tags?post=114607"}],"curies":[{"name":"wp","href":"https:\/\/api.w.org\/{rel}","templated":true}]}}