{"id":114613,"date":"2025-09-14T15:05:13","date_gmt":"2025-09-14T15:05:13","guid":{"rendered":"https:\/\/www.europesays.com\/es\/114613\/"},"modified":"2025-09-14T15:05:13","modified_gmt":"2025-09-14T15:05:13","slug":"el-talento-es-un-viaje-hacia-la-dignidad","status":"publish","type":"post","link":"https:\/\/www.europesays.com\/es\/114613\/","title":{"rendered":"\u201cEl Talento es un viaje hacia la dignidad\u201d"},"content":{"rendered":"<p><strong>El realizador Carlos Polo Men\u00e1rguez acaba de estrenar El Talento, su tercer largometraje. La pel\u00edcula transcurre como un thriller psicol\u00f3gico que gana intensidad a lo largo de sus 103 minutos, con desenlace abierto tras la dura encrucijada moral que debe arrostrar la protagonista. Transitan por la cinta conflictos familiares, de conciencia y de g\u00e9nero, entre otros, que hacen tambalear los andamiajes de una artista en ciernes. Una pel\u00edcula valiente que plantea asuntos tan candentes como el abuso desde posiciones de poder que allanan o dinamitan carreras art\u00edsticas.<\/strong><\/p>\n<p>La historia que narra El Talento comienza en una fastuosa fiesta de cumplea\u00f1os que organiza un potentado para su hija, un ricach\u00f3n interpretado por un Pedro Casablanc en estado de gracia. Asiste a la celebraci\u00f3n Elsa (Ester Exp\u00f3sito), amiga de la festejada y estudiante de violonchelo poseedora de gran talento musical. La velada jocosa se torna en angustia para la protagonista de forma repentina, tras una llamada telef\u00f3nica de su madre. Se sumerge abruptamente en un dilema moral que evapora su alegr\u00eda y pone en juego tanto su futuro art\u00edstico como el personal, tras catorce a\u00f1os de concienzuda preparaci\u00f3n que pueden irse al traste por una voluminosa deuda familiar de la que no era consciente.<\/p>\n<p>El chantaje emocional sobrevuela todo el largometraje y plantea una ristra de pugnas morales. Clasismo, machismo, luchas de poder, edadismo o la obscenidad del lujo plut\u00f3crata se entreveran con los conceptos de sacrificio y p\u00e9rdida de dignidad. El hilo narrativo recuerda, salvando las distancias, al caso Harvey Weinstein, esc\u00e1ndalo que conmocion\u00f3 a la industria de Hollywood hace ocho a\u00f1os y deriv\u00f3 hacia el movimiento Me Too. Las hemerotecas est\u00e1n repletas de otros nombres para la infamia, como Larry Nassar (m\u00e9dico del equipo de gimnasia de Estados Unidos), Roger Ailes (Fox News) o Jeffrey Epstein, primos hermanos de esta historia. La pel\u00edcula rebasa de alguna manera la ficci\u00f3n y tiene su remedo en demasiados sucesos de la vida cotidiana que afectan a todo tipo de clases sociales. Y ese es precisamente uno de los grandes aciertos del filme: abordar con sensibilidad y riqueza de matices un problema tan universal como intemporal. En Espa\u00f1a hay dichos tan longevos como \u201cPoderoso caballero es Don dinero\u201d; \u201cCuando el dinero habla, la verdad calla\u201d; \u201cEs de necios confundir valor y precio\u201d, o \u201cLa \u00e9tica se alquila y el dinero la paga\u201d.<\/p>\n<p>El punto de partida del guion, coescrito por Carlos Polo y Fernando Le\u00f3n de Aranoa, radica en una novela de Arthur Schnitzler, publicada en 1924. No es la primera vez que una obra literaria de este escritor alem\u00e1n se adapta para la gran pantalla. Ya lo hizo el legendario Stanley Kubrick en su obra p\u00f3stuma Eyes Wide Shut, inspirada en la novela Traumnovelle, donde explora asuntos como el deseo sexual o los celos.<\/p>\n<p>Carlos Polo, de 36 a\u00f1os, explica que \u201cen la adaptaci\u00f3n, hemos descubierto algunos grandes temas, como el desclasamiento y las consecuencias que tiene sobre la dignidad de una persona. La le\u00ed con 18 a\u00f1os y me atrap\u00f3 tambi\u00e9n acompa\u00f1ar a Elsa en ese viaje hacia la dignidad, hacia enfrentarse al cruel mundo de los adultos. De repente, una chica joven que pensaba que su vida era absolutamente perfecta y feliz, se da cuenta de c\u00f3mo funciona el mundo, c\u00f3mo funcionan las estructuras de poder\u2026 Y de repente su cuerpo tiene un precio, justo en cuanto alguien le pega una patada y desciende en el escalaf\u00f3n social. Con todo esto, un d\u00eda pas\u00e9 la novela a Fernando\u201d.<\/p>\n<p><img loading=\"lazy\" decoding=\"async\" class=\"size-medium wp-image-558738\" src=\"data:image\/svg+xml,%3Csvg%20xmlns=\" http:=\"\" alt=\"Fernando Le\u00f3n de Aranoa. Fotograf\u00eda de Ana Hortelano.\" width=\"293\" height=\"300\" title=\"Carlos Polo: \u201cEl Talento es un viaje hacia la dignidad\u201d 2\" data-lazy- data-lazy- data-lazy-src=\"https:\/\/www.europesays.com\/es\/wp-content\/uploads\/2025\/09\/Fernando-Leon-coguionista-293x300.jpg\"\/>Fernando Le\u00f3n de Aranoa. Fotograf\u00eda de Ana Hortelano.<\/p>\n<p>Por su parte, el coguionista Fernando Le\u00f3n apunta que \u201cCarlos y yo nos conocemos desde hace muchos a\u00f1os y hemos colaborado en algunos trabajos. Desde entonces nos entendimos muy bien y sent\u00eda que habl\u00e1bamos idiomas parecidos, a la hora de c\u00f3mo se cuentan las historias. Pude ver algunos cortometrajes que \u00e9l hab\u00eda hecho, hace 10 a\u00f1os, y un largo de bajo presupuesto, adem\u00e1s de algunos documentales tambi\u00e9n fuera de Espa\u00f1a. Viendo todo ese trabajo me apetec\u00eda mucho hacer algo juntos\u201d. Y a\u00f1ade: \u201cSent\u00eda que pod\u00eda hacerlo de dos maneras. Por un lado, como productor, porque ten\u00eda la experiencia de haber realizado algunas de mis pel\u00edculas con mi productora Reposado, y con Patricia de Muns. Sent\u00eda que pod\u00eda, como productor, empujar un proyecto que nos interesara a los dos. Y luego tambi\u00e9n me ofrec\u00ed como escritor, porque al final lo que m\u00e1s he hecho yo en mi carrera ha sido trabajar como guionista. Llevaba muchos a\u00f1os sin escribir para otro director y me apetec\u00eda mucho, porque es algo que me gusta hacer. Dejaron hace tiempo de llamarme como guionista y muchos dec\u00edan \u00b4este ya no hace guiones\u00b4, pero en realidad s\u00ed, y me gusta hacerlo, me gusta escribir para otra persona. La propuesta fue esa, encontremos alguna historia y la escribimos juntos, pero si quieres la escribes t\u00fa solo. Entonces puso en mis manos esa novela, La Se\u00f1orita Else, el t\u00edtulo original, y la le\u00ed en durante un vuelo, porque es muy corta, de apenas 60 p\u00e1ginas, un mon\u00f3logo interior del personaje que padece toda esta situaci\u00f3n. Me pareci\u00f3 muy interesante, por los temas que aborda, pero, sobre todo, como siempre, por c\u00f3mo los aborda, por la aproximaci\u00f3n a esos temas, por la finura que yo sent\u00eda que ya estaba en la novela a la hora de plantear una historia acerca de un abuso y del desclasamiento de una muchacha que, de repente, en una fiesta maravillosa, se ve sometida a una situaci\u00f3n muy jodida, muy tensa y muy dif\u00edcil, y c\u00f3mo gestiona todo eso y va tomando esas decisiones\u201d.<\/p>\n<p><img loading=\"lazy\" decoding=\"async\" class=\"size-medium wp-image-558736\" src=\"data:image\/svg+xml,%3Csvg%20xmlns=\" http:=\"\" alt=\"Carlos Polo durante la presentaci\u00f3n de \u201cEl Talento\u201d. Fotograf\u00eda de Ana Hortelano.\" width=\"300\" height=\"225\" title=\"Carlos Polo: \u201cEl Talento es un viaje hacia la dignidad\u201d 3\" data-lazy- data-lazy- data-lazy-src=\"https:\/\/www.europesays.com\/es\/wp-content\/uploads\/2025\/09\/1011710-300x225.jpg\"\/>Carlos Polo durante la presentaci\u00f3n de \u201cEl Talento\u201d. Fotograf\u00eda de Ana Hortelano.<\/p>\n<p>A la pregunta de si son parecidos ahora los conflictos morales a los planteados en la novela hace un 101 a\u00f1os, Polo considera que \u201clas estructuras de poder y los abusos de poder van a m\u00e1s, seguro, sin ninguna duda. Y el dinero compra personas, compra vidas, compra pa\u00edses, compra dignidades, es verdad. Y, ya que me lo has puesto en bandeja, en la actualizaci\u00f3n que hemos hecho creo que, a la vez que hay m\u00e1s presi\u00f3n, tambi\u00e9n hay m\u00e1s gritos de dignidad y m\u00e1s rebeld\u00eda. En la novela, la Else de Schnitzler estaba completamente atrapada en un callej\u00f3n sin salida que conduce a otro final, Nosotros elegimos darle a esta Elsa la posibilidad de rebelarse y de decir que no. En la novela, Schnitzler no conced\u00eda esa salvaci\u00f3n y creo que, por poner un poco de optimismo aqu\u00ed, tengo la sensaci\u00f3n de que hay una generaci\u00f3n con ganas de decir que no y con ganas de cierta rebeld\u00eda. Esta pel\u00edcula anima a eso\u201d.<\/p>\n<p>Uno de los puntales de la cinta es la m\u00fasica. Adem\u00e1s del violonchelo que utiliza la protagonista, la atm\u00f3sfera dise\u00f1ada por Carla F. Benedicto inyecta emociones sonoras que impulsan la narraci\u00f3n. Es sabido que el violonchelo es uno de los instrumentos m\u00e1s asociados a la voz humana por su rango (de agudos a graves), por su timbre rico en arm\u00f3nicos y tambi\u00e9n por su expresividad, pues parece que habla como si fuera uno de los int\u00e9rpretes. Carlos Polo apunta que \u201cella (Ester Exp\u00f3sito) no tocaba ning\u00fan instrumento de ning\u00fan tipo y tuvo que aprender. Pas\u00f3 tres meses con un reto imposible, porque, obviamente, no consegu\u00eda que sonara bien. El sonido es doblado. Pero la colocaci\u00f3n de las manos, del cuerpo\u2026 Es que todo el cuerpo act\u00faa en ese instrumento. Lo recordamos como un reto, una tortura. A Ester era lo que m\u00e1s le preocupaba, que no pareciera una cosa falsa. E hizo un esfuerzo \u00edmprobo, gracias tambi\u00e9n a una maravillosa chelista que ayud\u00f3, muy joven como ella, que tambi\u00e9n se hicieron amigas e hicieron juntas un trabajo muy chulo\u201d.<\/p>\n<p>Precisamente el trabajo actoral es uno de los puntos fuertes en la trayectoria cinematogr\u00e1fica de Polo. Aparte de los protagonistas, Ester Exp\u00f3sito (series Veneno o Vis a Vis, pel\u00edcula Venus) y Pedro Casablanc (B, serie Querer), conforman el reparto Mirela Balic (\u00c9lite, Zorras), Juan Pablo Fuentes (Bandidos, Isla brava), Carlos Su\u00e1rez (La Promesa, Caminantes), Itziar Manero (Itxaso, D\u00edas Mejores), Clara Sans (Cardo, Celeste) o el actor uruguayo Diego Niski, junto a veteranos como Roc\u00edo Mu\u00f1oz Cobo (Que Dios nos Perdone, Vestidas de azul), Marta Aledo (Vis a Vis) y Eva Mart\u00edn (Pan de lim\u00f3n con Semillas de Amapola, La Promesa), entre otros. En varias escenas cumbre, como la comida del cumplea\u00f1os o en la piscina, las relaciones y di\u00e1logos funcionan de forma perfecta. Han colaborado en el proyecto The MediaPro Studio (con Laura Fern\u00e1ndez Espeso y Javier M\u00e9ndez como productores), Reposado Producciones, RTVE, Movistar + y 3 Cat, con rodaje en el Pa\u00eds Vasco.<\/p>\n<p>El director considera que en la cinta se plantea \u201cun tema de g\u00e9nero desde una perspectiva de clase, porque al final, cuando ella pierde su poder de clase, cuando ella de repente, por decirlo llanamente, es pobre, enseguida, a los cinco minutos, aparece un hombre que se quiere aprovechar de ella. Ante eso, se est\u00e1 dando cuenta de que ahora que no es rica y su cuerpo tiene un precio para un se\u00f1or que estaba esperando la oportunidad\u201d. Y a\u00f1ade: \u201cElla, de repente, tiene un peso, ha cambiado su manera de ver su cuerpo. Cuando se mira en el espejo, qu\u00e9 preguntas se hace. Son escenas donde no hay mon\u00f3logo interior, en la novela s\u00ed, pero hay preguntas a trav\u00e9s de su mirada. Ella se mira en el espejo y dice \u00b4\u00bfde verdad hay alguien capaz de pagar ese dinero por esto? \u00bfPor qu\u00e9?`. \u00bfSigue habiendo gente con ganas de pagar dinero por ver el cuerpo de una mujer desnuda? \u00bfY eso en qu\u00e9 nos convierte? Porque al rev\u00e9s, si cambiamos el g\u00e9nero, \u00bfqu\u00e9 hubiera pasado si a Jaime, el mexicano, Ignacio, le hubiera dicho, quiero verte desnudo? Ser\u00eda absurdo hasta plantearlo. Entonces es c\u00f3mo una mujer toma conciencia de que ante un desplazamiento se convierte en un objeto para ese se\u00f1or. Nosotros incidimos desde la pel\u00edcula, la novela quiz\u00e1 no era tan as\u00ed, en la familiaridad. No se lo hace un t\u00edo que no conoce de nada. Quiz\u00e1 alguien que no conoce de nada no lo hubiera hecho, no lo s\u00e9. Pero ese tipo de abusos se producen mucho en los \u00e1mbitos familiares y cercanos y conocidos. Son terribles, pero es verdad que ocurren. Y es su padrino el que se lo est\u00e1 diciendo. S\u00ed, nos hemos metido en esa oscuridad porque es com\u00fan, lamentablemente\u201d.<\/p>\n<p>Polo ha recogido algunas experiencias personales para trasladarlas a la historia y explica: \u201cYo alguna vez fui monitor en un campamento de ni\u00f1os ricos, muy ricos, ni\u00f1os de 17 a\u00f1os que iban con Rolex y que ten\u00edan choferes, y esos ni\u00f1os trataban as\u00ed a la gente del servicio. Son as\u00ed, que no es una invenci\u00f3n ni es una exageraci\u00f3n, es que son as\u00ed, muy despectivos\u201d. El retrato de j\u00f3venes muy adinerados y sin escr\u00fapulos est\u00e1 entre lo m\u00e1s logrado de la pel\u00edcula y realza los contrastes con personajes secundarios de gran valor, como una limpiadora del hotel, al tiempo que refuerza la evoluci\u00f3n de la protagonista desclasada tras el impacto emocional recibido.<\/p>\n<p><img loading=\"lazy\" decoding=\"async\" class=\"size-medium wp-image-558739\" src=\"data:image\/svg+xml,%3Csvg%20xmlns=\" http:=\"\" alt=\"\u201cEl Talento\u201d es el tercer largometraje de este joven director.\" width=\"240\" height=\"300\" title=\"Carlos Polo: \u201cEl Talento es un viaje hacia la dignidad\u201d 4\" data-lazy- data-lazy- data-lazy-src=\"https:\/\/www.europesays.com\/es\/wp-content\/uploads\/2025\/09\/Cartel-de-la-pelicula-240x300.jpg\"\/>\u201cEl Talento\u201d es el tercer largometraje de este joven director.<\/p>\n<p>Polo explica que \u201cella est\u00e1 rompiendo con ese mundo mediante ese \u00b4no` del final. Est\u00e1 diciendo \u00b4No voy a seguir perteneciendo a esta clase social, si pertenecer a esta clase social implica esto. Ah\u00ed yo la salvo y la salvamos. O, por lo menos, es nuestra una intenci\u00f3n. \u00bfY por qu\u00e9 Elsa nos gusta tanto tambi\u00e9n? \u00bfPorque es imperfecta? \u00bfPorque es desleal? Estoy un poco cansado de personajes perfectos, bondadosos\u2026 Que no les pasa nada, porque yo no soy as\u00ed. Yo a veces tambi\u00e9n puedo ser desleal. No creo que Elsa cometa ninguna deslealtad imperdonable. \u00bfEs pura esa relaci\u00f3n de amistad con su mejor amiga o est\u00e1 basada en el poder tambi\u00e9n? Est\u00e1 basada en que todo el mundo tiene que revolotear ante la hija del magnate, porque es lo que hay que hacer\u201d.<\/p>\n<p>Intensa trayectoria<\/p>\n<p>Carlos Polo Mer\u00e1rguez, 36 a\u00f1os, tras estudiar Comunicaci\u00f3n Audiovisual en la Universidad Carlos III, acumula experiencias en programas de televisi\u00f3n de todo tipo. En 2008, compaginando su actividad televisiva, dirigi\u00f3 y firm\u00f3 el guion del cortometraje La Culona. Al a\u00f1o siguiente se traslada a Tulsa (Oklahoma) y graba el documental Eric Likes Chicken, estrenado en 2011, a\u00f1o en que dirige un segundo corto titulado Son Los Padres.<\/p>\n<p>En 2013, se estrena su primer largo de ficci\u00f3n: Dos Amigos (con Mordisco Films). Esta \u00f3pera prima participa en varios cert\u00e1menes con acogida muy favorable y obtiene una menci\u00f3n especial del jurado en la secci\u00f3n de largometrajes del Festival de Cine de Madrid. El siguiente jal\u00f3n fue su tercer corto, Si Tuvieran Ojos, con once premios internacionales cosechados y el premio a mejor actriz en el Festival de Cine de Hong Kong.<\/p>\n<p>En 2017, llega el turno del documental Invierno en Europa, que da paso despu\u00e9s a un nuevo largometraje, El Plan, estrenado en la secci\u00f3n oficial de Seminci en 2019, que obtuvo dos nominaciones a los premios Goya. En ese filme, Polo ya se adentraba en las perversiones vinculadas a cierto tipo de masculinidad. Tambi\u00e9n ha dirigido cap\u00edtulos para series de televisi\u00f3n como Los Farad (Prime Video), HIT (RTVE) y m\u00e1s recientemente Las Abogadas (RTVE). Asimismo es director de la ficci\u00f3n sonora La Esfera (Podium Podcast), ganadora de dos premios Ondas, en 2022, y nominada a cuatro Premios Ondas en 2024.<\/p>\n","protected":false},"excerpt":{"rendered":"El realizador Carlos Polo Men\u00e1rguez acaba de estrenar El Talento, su tercer largometraje. La pel\u00edcula transcurre como un&hellip;\n","protected":false},"author":2,"featured_media":114614,"comment_status":"","ping_status":"","sticky":false,"template":"","format":"standard","meta":{"footnotes":""},"categories":[169],"tags":[177,146,147,25,24,176,175,23],"class_list":{"0":"post-114613","1":"post","2":"type-post","3":"status-publish","4":"format-standard","5":"has-post-thumbnail","7":"category-cine","8":"tag-cine","9":"tag-entertainment","10":"tag-entretenimiento","11":"tag-es","12":"tag-espana","13":"tag-film","14":"tag-movies","15":"tag-spain"},"share_on_mastodon":{"url":"","error":""},"_links":{"self":[{"href":"https:\/\/www.europesays.com\/es\/wp-json\/wp\/v2\/posts\/114613","targetHints":{"allow":["GET"]}}],"collection":[{"href":"https:\/\/www.europesays.com\/es\/wp-json\/wp\/v2\/posts"}],"about":[{"href":"https:\/\/www.europesays.com\/es\/wp-json\/wp\/v2\/types\/post"}],"author":[{"embeddable":true,"href":"https:\/\/www.europesays.com\/es\/wp-json\/wp\/v2\/users\/2"}],"replies":[{"embeddable":true,"href":"https:\/\/www.europesays.com\/es\/wp-json\/wp\/v2\/comments?post=114613"}],"version-history":[{"count":0,"href":"https:\/\/www.europesays.com\/es\/wp-json\/wp\/v2\/posts\/114613\/revisions"}],"wp:featuredmedia":[{"embeddable":true,"href":"https:\/\/www.europesays.com\/es\/wp-json\/wp\/v2\/media\/114614"}],"wp:attachment":[{"href":"https:\/\/www.europesays.com\/es\/wp-json\/wp\/v2\/media?parent=114613"}],"wp:term":[{"taxonomy":"category","embeddable":true,"href":"https:\/\/www.europesays.com\/es\/wp-json\/wp\/v2\/categories?post=114613"},{"taxonomy":"post_tag","embeddable":true,"href":"https:\/\/www.europesays.com\/es\/wp-json\/wp\/v2\/tags?post=114613"}],"curies":[{"name":"wp","href":"https:\/\/api.w.org\/{rel}","templated":true}]}}