{"id":114619,"date":"2025-09-14T15:08:09","date_gmt":"2025-09-14T15:08:09","guid":{"rendered":"https:\/\/www.europesays.com\/es\/114619\/"},"modified":"2025-09-14T15:08:09","modified_gmt":"2025-09-14T15:08:09","slug":"ana-torroja-marca-estilo-a-sus-65-con-el-look-boho-perfecto-para-el-otono","status":"publish","type":"post","link":"https:\/\/www.europesays.com\/es\/114619\/","title":{"rendered":"Ana Torroja marca estilo a sus 65 con el look &#8216;boho&#8217; perfecto para el oto\u00f1o"},"content":{"rendered":"<p data-journey-content=\"true\" data-node-id=\"0\" class=\"css-i9p093 emevuu60\"><strong data-node-id=\"0.0\"><a href=\"https:\/\/www.elle.com\/es\/moda\/noticias\/a63799533\/prendas-boho-tendencia-2025\/\" data-vars-ga-outbound-link=\"https:\/\/www.elle.com\/es\/moda\/noticias\/a63799533\/prendas-boho-tendencia-2025\/\" data-vars-ga-ux-element=\"Hyperlink\" data-vars-ga-call-to-action=\"El estilo &#039;boho&#039;\" data-node-id=\"0.0.0\" class=\"body-link css-103hk4r emevuu60\" rel=\"nofollow noopener\" target=\"_blank\">El estilo &#8216;boho&#8217;<\/a> <\/strong>ha conquistado a personas de todo el mundo, pero, sin duda, las espa\u00f1olas estamos demostrando ser unas aut\u00e9nticas expertas en cuanto a c\u00f3mo llevarlo con estilo y personalidad. <\/p>\n<p data-journey-content=\"true\" data-node-id=\"1\" class=\"css-i9p093 emevuu60\"><strong data-node-id=\"1.0\">Chlo\u00e9, Etro, Ulla Johnson, Zimmermann&#8230;<\/strong> Las grandes firmas de moda hicieron del estilo bohemio la est\u00e9tica m\u00e1s viral del 2025. Pero ojo: porque si bien muchas han ca\u00eddo en la idea err\u00f3nea de que esta se suele lucir, principalmente, con vestidos y blusas &#8216;boho&#8217; repletos de encaje, volantes y tejidos vaporosos, lo cierto es que hay vida mucho m\u00e1s all\u00e1 de eso. Y lo mejor, igual o incluso m\u00e1s inspiradora.<\/p>\n<p data-journey-content=\"true\" data-node-id=\"2\" class=\"css-i9p093 emevuu60\"><strong data-node-id=\"2.0\"><a href=\"https:\/\/www.elle.com\/es\/star-style\/el-estilo-de\/a66066883\/ana-torroja-alfombra-roja-latin-grammy-sevilla-vestido-corto-65-anos\/\" data-vars-ga-outbound-link=\"https:\/\/www.elle.com\/es\/star-style\/el-estilo-de\/a66066883\/ana-torroja-alfombra-roja-latin-grammy-sevilla-vestido-corto-65-anos\/\" data-vars-ga-ux-element=\"Hyperlink\" data-vars-ga-call-to-action=\"Ana Torroja\" data-node-id=\"2.0.0\" class=\"body-link css-103hk4r emevuu60\" rel=\"nofollow noopener\" target=\"_blank\">Ana Torroja<\/a>,<\/strong> a sus<strong data-node-id=\"2.2\"> 65 a\u00f1os<\/strong>, nos lo acaba de demostrar con un <strong data-node-id=\"2.4\">look perfecto para el <a href=\"https:\/\/www.elle.com\/es\/moda\/tendencias\/a65799589\/estilos-tendencias-de-otono-para-incorporar-y-para-olvidar\/\" data-vars-ga-outbound-link=\"https:\/\/www.elle.com\/es\/moda\/tendencias\/a65799589\/estilos-tendencias-de-otono-para-incorporar-y-para-olvidar\/\" data-vars-ga-ux-element=\"Hyperlink\" data-vars-ga-call-to-action=\"oto\u00f1o 2025\" data-node-id=\"2.4.1\" class=\"body-link css-103hk4r emevuu60\" rel=\"nofollow noopener\" target=\"_blank\">oto\u00f1o 2025<\/a>.<\/strong> Un conjunto de camisa y pantal\u00f3n que, sin duda, se convertir\u00e1 en el uniforme de temporada para quienes buscan apuntarse a esta viral moda, pero sin caer en lo t\u00edpico.<\/p>\n<p>Ana Torroja o c\u00f3mo llevar el estilo &#8216;boho&#8217; con elegancia pasados los 60 a\u00f1os<\/p>\n<p data-journey-content=\"true\" data-node-id=\"5\" class=\"css-i9p093 emevuu60\">La int\u00e9rprete de Hijo de la luna sorprend\u00eda a todos sus fans en redes demostrando que, m\u00e1s all\u00e1 de una gran artista, tambi\u00e9n es toda una referente de estilo.<\/p>\n<p data-journey-content=\"true\" data-node-id=\"7\" class=\"css-i9p093 emevuu60\">El look de Torroja estaba compuesto por dos prendas clave: una <strong data-node-id=\"7.1\">camisa negra <\/strong>y unos <strong data-node-id=\"7.3\">pantalones anchos de vestir grises<\/strong>. \u00bfDemasiado sencillo para un look de estilo &#8216;boho&#8217;? Puede ser, pero precisamente por eso la cantante lo remat\u00f3 con la magia de los accesorios.<\/p>\n<p data-journey-content=\"true\" data-node-id=\"8\" class=\"css-i9p093 emevuu60\">La artista opt\u00f3 por colocar sobre su cuello un<strong data-node-id=\"8.1\"> pa\u00f1uelo de estampado retro <\/strong>que le aportaba al &#8216;outfit&#8217; ese toque &#8216;hippie-chic&#8217; que tanto nos encanta. Pero ojo, porque, adem\u00e1s, tambi\u00e9n lo elev\u00f3 con un<strong data-node-id=\"8.3\"> cintur\u00f3n marr\u00f3n de tachas<\/strong> que le a\u00f1ad\u00eda ese toque desenfadado y juvenil a la propuesta. Simplemente inspiradora.<\/p>\n<p><img src=\"https:\/\/www.europesays.com\/es\/wp-content\/uploads\/2025\/09\/1757862489_648_5d174fc2-88a3-4418-a5b3-be884db3ec5f_1678984174.file\" alt=\"Headshot of Laura Soria\" title=\"Headshot of Laura Soria\" width=\"100%\" height=\"100%\" decoding=\"async\" loading=\"lazy\" class=\"css-o0wq4v ev8dhu53\"\/><\/p>\n<p>Laura Soria Onieva es experta en moda, tendencias, alfombras rojas y &#8216;celebrities&#8217;. Como apasionada del periodismo y la comunicaci\u00f3n, siempre est\u00e1 atenta a las \u00faltimas novedades del sector. Entiende la moda como una v\u00eda de expresi\u00f3n y siempre busca entender la filosof\u00eda que transmiten los estilismos de las famosas.<\/p>\n<p>La b\u00fasqueda constante de inspiraci\u00f3n la convierte en una prescriptora de futuras tendencias de temporada. As\u00ed, no hay prenda o estilo que se le escape en Instagram y TikTok. Experta en recrear los mejores looks de las famosas e influencers con prendas de las firmas &#8216;low cost&#8217; m\u00e1s exitosas como Zara, Mango, Stradivarius&#8230; As\u00ed como de las firmas espa\u00f1olas que debes tener s\u00ed o s\u00ed en tu radar para que puedas vestir a la \u00faltima. Para ella no hay tendencia imposible: transparencias, aberturas complicadas, brillos, lentejuelas&#8230; Buscar\u00e1 todos los trucos de la mano de las expertas para ense\u00f1ar c\u00f3mo lucirlas sin caer en el error.<\/p>\n<p>Laura Soria se gradu\u00f3 en el doble grado de Periodismo y Comunicaci\u00f3n Audiovisual en la Universidad Rey Juan Carlos y, desde el inicio, ha conseguido experiencia en distintos sectores: radio, televisi\u00f3n, peri\u00f3dico digital&#8230; Actualmente se dedica a la que es su verdadera pasi\u00f3n, el periodismo de moda, como colaboradora de moda y actualidad en la revista ELLE.<\/p>\n<p>Sus constantes ganas de aprender, y su alma inquieta, la han empujado a especializarse a\u00fan m\u00e1s en el mundillo con distintos cursos, destacando el de Marketing Digital y Comunicaci\u00f3n de Moda y Lujo. \u00a0\u00a0<\/p>\n","protected":false},"excerpt":{"rendered":"El estilo &#8216;boho&#8217; ha conquistado a personas de todo el mundo, pero, sin duda, las espa\u00f1olas estamos demostrando&hellip;\n","protected":false},"author":2,"featured_media":114620,"comment_status":"","ping_status":"","sticky":false,"template":"","format":"standard","meta":{"footnotes":""},"categories":[91],"tags":[253,146,147,25,24,23],"class_list":{"0":"post-114619","1":"post","2":"type-post","3":"status-publish","4":"format-standard","5":"has-post-thumbnail","7":"category-entretenimiento","8":"tag-discover","9":"tag-entertainment","10":"tag-entretenimiento","11":"tag-es","12":"tag-espana","13":"tag-spain"},"share_on_mastodon":{"url":"","error":""},"_links":{"self":[{"href":"https:\/\/www.europesays.com\/es\/wp-json\/wp\/v2\/posts\/114619","targetHints":{"allow":["GET"]}}],"collection":[{"href":"https:\/\/www.europesays.com\/es\/wp-json\/wp\/v2\/posts"}],"about":[{"href":"https:\/\/www.europesays.com\/es\/wp-json\/wp\/v2\/types\/post"}],"author":[{"embeddable":true,"href":"https:\/\/www.europesays.com\/es\/wp-json\/wp\/v2\/users\/2"}],"replies":[{"embeddable":true,"href":"https:\/\/www.europesays.com\/es\/wp-json\/wp\/v2\/comments?post=114619"}],"version-history":[{"count":0,"href":"https:\/\/www.europesays.com\/es\/wp-json\/wp\/v2\/posts\/114619\/revisions"}],"wp:featuredmedia":[{"embeddable":true,"href":"https:\/\/www.europesays.com\/es\/wp-json\/wp\/v2\/media\/114620"}],"wp:attachment":[{"href":"https:\/\/www.europesays.com\/es\/wp-json\/wp\/v2\/media?parent=114619"}],"wp:term":[{"taxonomy":"category","embeddable":true,"href":"https:\/\/www.europesays.com\/es\/wp-json\/wp\/v2\/categories?post=114619"},{"taxonomy":"post_tag","embeddable":true,"href":"https:\/\/www.europesays.com\/es\/wp-json\/wp\/v2\/tags?post=114619"}],"curies":[{"name":"wp","href":"https:\/\/api.w.org\/{rel}","templated":true}]}}