{"id":114621,"date":"2025-09-14T15:09:09","date_gmt":"2025-09-14T15:09:09","guid":{"rendered":"https:\/\/www.europesays.com\/es\/114621\/"},"modified":"2025-09-14T15:09:09","modified_gmt":"2025-09-14T15:09:09","slug":"hace-10-anos-el-primer-tuit-del-universo-ciencia-y-tecnologia","status":"publish","type":"post","link":"https:\/\/www.europesays.com\/es\/114621\/","title":{"rendered":"Hace 10 a\u00f1os el primer &#8216;tuit&#8217; del universo &#8211; Ciencia y tecnologia"},"content":{"rendered":"<p>                      Un sorpresivo correo electr\u00f3nico,<br \/>\njusto antes del almuerzo del 14 de septiembre de 2015,<br \/>\nliteralmente hizo saltar de su asiento al investigador que lo<br \/>\nrecibi\u00f3: los dos grandes observatorios de ondas gravitacionales<br \/>\nentonces activos hab\u00edan informado de la primera \u00abconjunci\u00f3n\u00bb del<br \/>\nuniverso, como los f\u00edsicos hab\u00edan llamado en broma a la primera<br \/>\nse\u00f1al de una onda gravitacional.<br \/>\n                                <br \/>\n                                \u00a0\u00a0\u00a0<br \/>\n\t\t\t\t    El descubrimiento se har\u00eda p\u00fablico tan solo cinco meses<br \/>\ndespu\u00e9s, anunciado mundialmente el 11 de febrero de 2016, y en<br \/>\n2017 recibi\u00f3 el Premio Nobel de F\u00edsica.<br \/>\n                                <br \/>\n                                \u00a0\u00a0\u00a0<br \/>\n\t\t\t\t    Entonces comenz\u00f3 la revoluci\u00f3n que transform\u00f3 la astrof\u00edsica<br \/>\nen diez a\u00f1os. Desde entonces, se han observado colisiones de<br \/>\nestrellas de neutrones, y a partir de esas observaciones naci\u00f3<br \/>\nla astronom\u00eda multimensajero, que utiliza se\u00f1ales de diferentes<br \/>\nmensajeros c\u00f3smicos, como ondas gravitacionales, ondas de radio<br \/>\ny rayos gamma.<br \/>\n                                <br \/>\n                                \u00a0\u00a0\u00a0<br \/>\n\t\t\t\t    Hoy en d\u00eda, es m\u00e1s prometedora que nunca, con la llegada de<br \/>\ninstrumentos muy potentes como el Telescopio Einstein, que<br \/>\nItalia ha solicitado instalar en Cerde\u00f1a, y el observatorio<br \/>\nespacial europeo LISA.<br \/>\n                                <br \/>\n                                \u00a0\u00a0\u00a0<br \/>\n\t\t\t\t    Predichas hace m\u00e1s de un siglo por la teor\u00eda de la<br \/>\nrelatividad de Albert Einstein, las ondas gravitacionales son<br \/>\nlas \u00abvibraciones\u00bb del espacio-tiempo causadas por fen\u00f3menos<br \/>\nextremadamente violentos, como las colisiones de agujeros<br \/>\nnegros, las explosiones de supernovas o el Big Bang que dio<br \/>\norigen al universo.<br \/>\n                                <br \/>\n                                \u00a0\u00a0\u00a0<br \/>\n\t\t\t\t    Escucharlas ha sido una haza\u00f1a trascendental, que requiri\u00f3<br \/>\nobservatorios extremadamente precisos como Virgo, concebido por<br \/>\nel f\u00edsico italiano Adalberto Giazotto y el franc\u00e9s Alain<br \/>\nBrillet. Virgo forma parte del Observatorio Gravitacional<br \/>\nEuropeo, en el que Italia participa a trav\u00e9s del Instituto<br \/>\nNacional de F\u00edsica Nuclear. Virgo se encuentra en Cascina<br \/>\n(Pisa).<br \/>\n                                <br \/>\n                                \u00a0\u00a0\u00a0<br \/>\n\t\t\t\t    Virgo fue el protagonista del descubrimiento con los dos<br \/>\ndetectores estadounidenses LIGO, ubicados en Livingston,<br \/>\nLuisiana, y Hanford, Washington. Actualmente, ambos trabajan en<br \/>\nconjunto con el detector japon\u00e9s KAGRA, y su resultado m\u00e1s<br \/>\nreciente, publicado pocos d\u00edas antes de este d\u00e9cimo aniversario,<br \/>\nconfirm\u00f3 el teorema formulado por el m\u00e1s c\u00e9lebre te\u00f3rico de<br \/>\nagujeros negros, Stephen Hawking, seg\u00fan el cual la superficie<br \/>\ntotal de los agujeros negros no puede disminuir.<br \/>\n                                <br \/>\n                                \u00a0\u00a0\u00a0<br \/>\n\t\t\t\t    Italia siempre ha desempe\u00f1ado un papel destacado en la<br \/>\ninvestigaci\u00f3n de ondas gravitacionales.<br \/>\n                                <br \/>\n                                \u00a0\u00a0\u00a0<br \/>\n\t\t\t\t    Para la ministra de Universidades e Investigaci\u00f3n, Anna<br \/>\nMaria Bernini, miramos al futuro con el mismo esp\u00edritu, y \u00abel<br \/>\nTelescopio Einstein, el gran detector de tercera generaci\u00f3n<br \/>\ndedicado espec\u00edficamente al estudio de las ondas gravitacionales<br \/>\nque queremos traer a nuestro pa\u00eds, es una se\u00f1al de que Italia no<br \/>\nsolo ha contribuido a escribir un cap\u00edtulo decisivo en la<br \/>\nf\u00edsica, sino que est\u00e1 lista para escribir otros nuevos\u00bb.<br \/>\n                                <br \/>\n                                \u00a0\u00a0\u00a0<br \/>\n\t\t\t\t    \u00abComo ministerio de Universidades e Investigaci\u00f3n,<br \/>\nseguiremos apoyando este reto, porque invertir en investigaci\u00f3n<br \/>\nsignifica invertir en el futuro del pa\u00eds y en el papel de Europa<br \/>\nen el mundo\u00bb, afirm\u00f3.<br \/>\n                                <br \/>\n                                \u00a0\u00a0\u00a0<br \/>\n\t\t\t\t    Seg\u00fan el presidente del Instituto Nacional de F\u00edsica Nuclear<br \/>\nitaliano (INFN), Antonio Zoccoli, la f\u00edsica italiana ha<br \/>\nadquirido \u00abconocimientos, habilidades y experiencia que ahora<br \/>\nson activos indispensables para la implementaci\u00f3n exitosa de<br \/>\nfuturos proyectos de investigaci\u00f3n en este campo, como el<br \/>\ninterfer\u00f3metro de nueva generaci\u00f3n del Telescopio Einstein\u00bb.<br \/>\n                                <br \/>\n                                \u00a0\u00a0\u00a0<br \/>\n\t\t\t\t    Este \u00faltimo proyecto, se\u00f1al\u00f3 el director del Observatorio<br \/>\nGravitacional Europeo (EGO), Massimo Carpinelli, \u00abampliar\u00e1 a\u00fan<br \/>\nm\u00e1s nuestros horizontes c\u00f3smicos y nos llevar\u00e1 a\u00fan m\u00e1s lejos en<br \/>\nel espacio y el tiempo\u00bb.<br \/>\n                                <br \/>\n                                \u00a0\u00a0\u00a0<\/p>\n<p class=\"article-copyright\">\n<p>TODOS LOS DERECHOS RESERVADOS \u00a9 Copyright ANSA<\/p>\n","protected":false},"excerpt":{"rendered":"Un sorpresivo correo electr\u00f3nico, justo antes del almuerzo del 14 de septiembre de 2015, literalmente hizo saltar de&hellip;\n","protected":false},"author":2,"featured_media":114622,"comment_status":"","ping_status":"","sticky":false,"template":"","format":"standard","meta":{"footnotes":""},"categories":[81],"tags":[38654,119,123,124,8455,38653,25,24,7179,628,847,117,121,122,23,38655,118,120,38656,9911,4309],"class_list":{"0":"post-114621","1":"post","2":"type-post","3":"status-publish","4":"format-standard","5":"has-post-thumbnail","7":"category-ciencia-y-tecnologia","8":"tag-anna-maria-bernini","9":"tag-ciencia","10":"tag-ciencia-y-tecnologia","11":"tag-cienciaytecnologia","12":"tag-correo","13":"tag-detector","14":"tag-es","15":"tag-espana","16":"tag-este","17":"tag-italia","18":"tag-papel","19":"tag-science","20":"tag-science-and-technology","21":"tag-scienceandtechnology","22":"tag-spain","23":"tag-stephen-hawking","24":"tag-technology","25":"tag-tecnologia","26":"tag-teorema","27":"tag-universo","28":"tag-virgo"},"share_on_mastodon":{"url":"","error":""},"_links":{"self":[{"href":"https:\/\/www.europesays.com\/es\/wp-json\/wp\/v2\/posts\/114621","targetHints":{"allow":["GET"]}}],"collection":[{"href":"https:\/\/www.europesays.com\/es\/wp-json\/wp\/v2\/posts"}],"about":[{"href":"https:\/\/www.europesays.com\/es\/wp-json\/wp\/v2\/types\/post"}],"author":[{"embeddable":true,"href":"https:\/\/www.europesays.com\/es\/wp-json\/wp\/v2\/users\/2"}],"replies":[{"embeddable":true,"href":"https:\/\/www.europesays.com\/es\/wp-json\/wp\/v2\/comments?post=114621"}],"version-history":[{"count":0,"href":"https:\/\/www.europesays.com\/es\/wp-json\/wp\/v2\/posts\/114621\/revisions"}],"wp:featuredmedia":[{"embeddable":true,"href":"https:\/\/www.europesays.com\/es\/wp-json\/wp\/v2\/media\/114622"}],"wp:attachment":[{"href":"https:\/\/www.europesays.com\/es\/wp-json\/wp\/v2\/media?parent=114621"}],"wp:term":[{"taxonomy":"category","embeddable":true,"href":"https:\/\/www.europesays.com\/es\/wp-json\/wp\/v2\/categories?post=114621"},{"taxonomy":"post_tag","embeddable":true,"href":"https:\/\/www.europesays.com\/es\/wp-json\/wp\/v2\/tags?post=114621"}],"curies":[{"name":"wp","href":"https:\/\/api.w.org\/{rel}","templated":true}]}}