{"id":114627,"date":"2025-09-14T15:12:11","date_gmt":"2025-09-14T15:12:11","guid":{"rendered":"https:\/\/www.europesays.com\/es\/114627\/"},"modified":"2025-09-14T15:12:11","modified_gmt":"2025-09-14T15:12:11","slug":"blindaje-policial-en-madrid-para-intentar-que-la-vuelta-cruce-su-ultima-linea-de-meta-pese-a-las-protestas-contra-israel","status":"publish","type":"post","link":"https:\/\/www.europesays.com\/es\/114627\/","title":{"rendered":"Blindaje policial en Madrid para intentar que La Vuelta cruce su \u00faltima l\u00ednea de meta pese a las protestas contra Israel"},"content":{"rendered":"<p class=\"article-text\">\n        La Vuelta m\u00e1s pol\u00e9mica de los \u00faltimos a\u00f1os intentar\u00e1 acabar en Madrid este domingo sus m\u00e1s de 3.000 kil\u00f3metros de recorrido con un circuito urbano que estar\u00e1 plagado de banderas palestinas. C\u00f3mo ha llegado esta carrera ciclista a convertirse en una gran protesta contra el genocidio en Gaza tiene que ver con la presencia del Israel &#8211; Premier Tech, un equipo montado por un empresario sionista para mejorar la imagen de su pa\u00eds y que ha acabado generando un movimiento popular de protesta en todos los lugares de Espa\u00f1a por donde ha pasado la competici\u00f3n.\n    <\/p>\n<p>    <a href=\"https:\/\/www.eldiario.es\/sociedad\/sentada-propalestina-trata-cortar-paso-vuelta-navacerrada_1_12600742.html\" data-mrf-recirculation=\"saber-mas\" data-dl-event=\"saber-mas\" rel=\"nofollow noopener\" target=\"_blank\"><\/p>\n<p class=\"know-more__title\">Una sentada propalestina trata de cortar el paso de La Vuelta a Espa\u00f1a en Navacerrada<\/p>\n<p>            <img decoding=\"async\" class=\"lazy\" loading=\"lazy\" data-src=\"https:\/\/static.eldiario.es\/clip\/24cda9a7-5672-4e3e-892a-18c7ff1435f9_16-9-aspect-ratio_default_0.jpg\" src=\"data:image\/svg+xml,%3Csvg xmlns=\" http:=\"\" viewbox=\"0 0 880 495\" alt=\"Una sentada propalestina trata de cortar el paso de La Vuelta a Espa\u00f1a en Navacerrada\"\/><\/p>\n<p>                        <\/a><\/p>\n<p class=\"article-text\">\n        La \u00faltima etapa es la que prev\u00e9 m\u00e1s movilizaciones contra el genocidio. El adelanto de este s\u00e1bado, cuando la carrera discurri\u00f3 por la Sierra de Madrid, se sald\u00f3 con un desv\u00edo para evitar la localidad de Cercedilla, cuya carretera estaba cortada por una protesta, y con un intento de parar al pelot\u00f3n de los favoritos en Navacerrada, <a href=\"https:\/\/www.eldiario.es\/sociedad\/sentada-propalestina-trata-cortar-paso-vuelta-navacerrada_1_12600742.html\" data-mrf-recirculation=\"links-noticia\" class=\"link\" rel=\"nofollow noopener\" target=\"_blank\">que estuvo a punto de detener la competici\u00f3n<\/a>.\n    <\/p>\n<p class=\"article-text\">\n        Para intentar evitar que las protestas detengan este domingo la carrera, el Gobierno y el Ayuntamiento de Madrid han preparado un fuerte dispositivo de seguridad, el mayor en la capital desde que albergara la cumbre de la OTAN. Habr\u00e1 en sus calles 1.100 polic\u00edas nacionales, a los que se suman otros 400 guardias civiles hasta que la carrera entre en el t\u00e9rmino municipal de Madrid. A ellos se suman 800 efectivos de la Polic\u00eda Municipal que ha anunciado el Gobierno de Almeida.\n    <\/p>\n<p>            <img decoding=\"async\" class=\"lazy\" loading=\"lazy\" data-src=\"https:\/\/static.eldiario.es\/clip\/52008e95-b7ba-4a21-a690-61d8db0bbf06_16-9-discover-aspect-ratio_default_0.jpg\" src=\"data:image\/svg+xml,%3Csvg xmlns=\" http:=\"\" viewbox=\"0 0 1200 675\" alt=\"Despliegue policial en la Glorieta de Carlos V (Madrid), con la estaci\u00f3n de Atocha al fondo\"\/><\/p>\n<p class=\"article-text\">\n        Solo en la Gorieta de Carlos V, donde est\u00e1 la estaci\u00f3n de Atocha, pod\u00edan verse al menos cinco decenas de polic\u00edas nacionales, seg\u00fan informa <strong>Alberto Ortiz. <\/strong>Adem\u00e1s de este importante despliegue num\u00e9rico tambi\u00e9n se ha movilizado algunos veh\u00edculos blindados, como los que algunos paseantes de la zona de Atocha compart\u00edan en redes sociales.\n    <\/p>\n<blockquote class=\"twitter-tweet\" data-lang=\"es\"><p><a href=\"https:\/\/twitter.com\/X\/status\/1967195568842977666?ref_src=twsrc%5Etfw\" rel=\"nofollow noopener\" target=\"_blank\"><\/p><\/blockquote>\n<p class=\"article-text\">\n        La etapa final cuenta con <a href=\"https:\/\/www.eldiario.es\/madrid\/somos\/recorrido-horarios-cortes-trafico-ultima-etapa-vuelta-ciclista-espana-2025-madrid_1_12586820.html\" data-mrf-recirculation=\"links-noticia\" class=\"link\" rel=\"nofollow noopener\" target=\"_blank\">un recorrido de 106 kil\u00f3metros \u00edntegramente por territorio madrile\u00f1o<\/a>, que se ha recortado en 5 kil\u00f3metros, eliminando el paso por Aravaca. En concreto, la vigesimoprimera etapa tendr\u00e1 salida en Alalpardo a las 16.40 horas y pasar\u00e1 por Algete, San Sebasti\u00e1n de los Reyes y Alcobendas, antes de entrar en la capital, donde los ciclistas realizar\u00e1n un circuito cerrado urbano con nueve pasos por meta.\n    <\/p>\n<p class=\"article-text\">\n        A lo largo del recorrido hay convocadas <a href=\"https:\/\/www.eldiario.es\/madrid\/somos\/llamadas-madrid-manifestarse-vuelta-genocidio-gaza-protesta-oficial-sierra_1_12594295.html\" data-mrf-recirculation=\"links-noticia\" class=\"link\" rel=\"nofollow noopener\" target=\"_blank\">una decena de protestas propalestinas<\/a>, a las que se llama a acudir con kufiyas y banderas con colores de la bandera palestina. La primera de ellas tendr\u00e1 lugar en Alalpardo. En esta peque\u00f1a localidad de apenas 3.500 vecinos se ha citado a la ciudadan\u00eda a partir de las 14.40 horas en la calle de Alcal\u00e1, en su confluencia con la M-123, y se llama a asistir con banderas palestinas. La presidenta de la Comunidad de Madrid, Isabel D\u00edaz Ayuso, tiene previsto acudir al corte de la cinta en este municipio.\n    <\/p>\n<p class=\"article-text\">\n        Las protestas se repetir\u00e1n tambi\u00e9n en Algete, San Sebasti\u00e1n de los Reyes &#8211;los ciclistas pasar\u00e1n por la rotonda de Palestina&#8211; y Alcobendas antes de que el pelot\u00f3n llegue a la capital. Poco antes de las 18.00 horas la ronda espa\u00f1ola llegar\u00e1 al Madrid hist\u00f3rico, con entrada por el Paseo de la Florida y llegada a la calle Mayor, plaza de Oriente, Paseo del Prado, Gran V\u00eda o Callao. Desde el Ayuntamiento de Madrid se prev\u00e9 una asistencia superior a las 50.000 personas.\n    <\/p>\n<p class=\"article-text\">\n        Las principales protestas se han organizado en Atocha, Callao y la ermita de San Antonio de la Florida. En esta caso, la convocatoria es a partir de las 18.00 horas, aunque con un llamamiento a acudir como m\u00ednimo dos horas antes. A las cinco de la tarde ya se ve\u00eda el Paseo del Prado lleno de personas con banderas palestinas.\n    <\/p>\n<p class=\"article-text\">\n        Desde formaciones como M\u00e1s Madrid o Podemos se ha llamado a participar en las protestas, <a href=\"https:\/\/www.eldiario.es\/madrid\/somos\/madrid-despliega-grandes-pancartas-genocidio-gaza-edificio-municipal-pasara-vuelta_1_12594467.html\" data-mrf-recirculation=\"links-noticia\" class=\"link\" rel=\"nofollow noopener\" target=\"_blank\">los primeros con pancartas contra el genocidio en un edificio municipal<\/a>, mientras que tanto desde el Gobierno central como desde el PSOE se ha subrayado la causa \u201cjusta\u201d frente al \u201cgenocidio\u201d en la Franja de Gaza.\n    <\/p>\n<p class=\"article-text\">\n        El alcalde de la capital, Jos\u00e9 Luis Mart\u00ednez-Almeida, advirti\u00f3 que, aunque respeta las manifestaciones \u201cleg\u00edtimas\u201d que se puedan convocar, se debe garantizar la integridad de los equipos y la seguridad de los asistentes, por lo que pide \u201creprimir\u201d los actos violentos que se puedan producir. Sus palabras asegurando que \u201cno hay genocidio en Gaza\u201d pronunciadas el lunes han acabado calentando m\u00e1s la pol\u00e9mica por la llegada de la carrera.\n    <\/p>\n<p>    <a href=\"https:\/\/www.eldiario.es\/madrid\/somos\/recorrido-horarios-cortes-trafico-ultima-etapa-vuelta-ciclista-espana-2025-madrid_1_12586820.html\" data-mrf-recirculation=\"saber-mas-abajo\" data-dl-event=\"saber-mas-abajo\" rel=\"nofollow noopener\" target=\"_blank\"><\/p>\n<p class=\"know-more__title\">Recorrido, horarios y cortes de tr\u00e1fico de la \u00faltima etapa de la Vuelta Ciclista a Espa\u00f1a 2025 en Madrid<\/p>\n<p>            <img decoding=\"async\" class=\"lazy\" loading=\"lazy\" data-src=\"https:\/\/static.eldiario.es\/clip\/20c598b7-0a25-4699-8b95-bfb2025191c7_16-9-aspect-ratio_default_0.jpg\" src=\"data:image\/svg+xml,%3Csvg xmlns=\" http:=\"\" viewbox=\"0 0 880 495\" alt=\"Recorrido, horarios y cortes de tr\u00e1fico de la \u00faltima etapa de la Vuelta Ciclista a Espa\u00f1a 2025 en Madrid\"\/><\/p>\n<p>                        <\/a><\/p>\n<p class=\"article-text\">\n        Adem\u00e1s de acudir a la salida de la etapa en Alalpardo, la presidenta de la Comunidad acudir\u00e1 a la l\u00ednea de meta a recibir a los corredores y presenciar la coronaci\u00f3n del dan\u00e9s Jonas Vingegaard como campe\u00f3n en esta edici\u00f3n. La Comunidad ha asegurado que denunciar\u00e1 y emprender\u00e1 \u201clas acciones legales oportunas\u201d para evitar que vuelvan a repetirse \u201cactos violentos\u201d como la protesta propalestina de la pen\u00faltima etapa y hacer que \u201csus autores puedan ser castigados y todas las responsabilidades depuradas.\n    <\/p>\n<p>                                    <script async src=\"https:\/\/platform.twitter.com\/widgets.js\" charset=\"utf-8\"><\/script><\/p>\n","protected":false},"excerpt":{"rendered":"La Vuelta m\u00e1s pol\u00e9mica de los \u00faltimos a\u00f1os intentar\u00e1 acabar en Madrid este domingo sus m\u00e1s de 3.000&hellip;\n","protected":false},"author":2,"featured_media":114628,"comment_status":"","ping_status":"","sticky":false,"template":"","format":"standard","meta":{"footnotes":""},"categories":[8],"tags":[35982,17,18,20433,25,24,13,14,11,74,19,20,14240,205,138,9,10,15,16,5007,15118,2315,23,12,1885,21,22,1357],"class_list":{"0":"post-114627","1":"post","2":"type-post","3":"status-publish","4":"format-standard","5":"has-post-thumbnail","7":"category-espana","8":"tag-blindaje","9":"tag-breaking-news","10":"tag-breakingnews","11":"tag-cruce","12":"tag-es","13":"tag-espana","14":"tag-featured-news","15":"tag-featurednews","16":"tag-headlines","17":"tag-israel","18":"tag-latest-news","19":"tag-latestnews","20":"tag-linea","21":"tag-madrid","22":"tag-meta","23":"tag-news","24":"tag-noticias","25":"tag-noticias-destacadas","26":"tag-noticiasdestacadas","27":"tag-pese","28":"tag-policial","29":"tag-protestas","30":"tag-spain","31":"tag-titulares","32":"tag-ultima","33":"tag-ultimas-noticias","34":"tag-ultimasnoticias","35":"tag-vuelta"},"share_on_mastodon":{"url":"","error":""},"_links":{"self":[{"href":"https:\/\/www.europesays.com\/es\/wp-json\/wp\/v2\/posts\/114627","targetHints":{"allow":["GET"]}}],"collection":[{"href":"https:\/\/www.europesays.com\/es\/wp-json\/wp\/v2\/posts"}],"about":[{"href":"https:\/\/www.europesays.com\/es\/wp-json\/wp\/v2\/types\/post"}],"author":[{"embeddable":true,"href":"https:\/\/www.europesays.com\/es\/wp-json\/wp\/v2\/users\/2"}],"replies":[{"embeddable":true,"href":"https:\/\/www.europesays.com\/es\/wp-json\/wp\/v2\/comments?post=114627"}],"version-history":[{"count":0,"href":"https:\/\/www.europesays.com\/es\/wp-json\/wp\/v2\/posts\/114627\/revisions"}],"wp:featuredmedia":[{"embeddable":true,"href":"https:\/\/www.europesays.com\/es\/wp-json\/wp\/v2\/media\/114628"}],"wp:attachment":[{"href":"https:\/\/www.europesays.com\/es\/wp-json\/wp\/v2\/media?parent=114627"}],"wp:term":[{"taxonomy":"category","embeddable":true,"href":"https:\/\/www.europesays.com\/es\/wp-json\/wp\/v2\/categories?post=114627"},{"taxonomy":"post_tag","embeddable":true,"href":"https:\/\/www.europesays.com\/es\/wp-json\/wp\/v2\/tags?post=114627"}],"curies":[{"name":"wp","href":"https:\/\/api.w.org\/{rel}","templated":true}]}}