{"id":114637,"date":"2025-09-14T15:19:09","date_gmt":"2025-09-14T15:19:09","guid":{"rendered":"https:\/\/www.europesays.com\/es\/114637\/"},"modified":"2025-09-14T15:19:09","modified_gmt":"2025-09-14T15:19:09","slug":"domingo-de-bici-y-de-probar-los-nuevos-carriles-ciclistas-de-la-ciudad","status":"publish","type":"post","link":"https:\/\/www.europesays.com\/es\/114637\/","title":{"rendered":"Domingo de bici y de probar los nuevos carriles ciclistas de la ciudad"},"content":{"rendered":"<p>\n      Galer\u00eda de fotos\n    <\/p>\n<p>\n        El D\u00eda Popular de la Bici ha congregado a un gran n\u00famero de participantes para completar los cerca de diez kil\u00f3metros entre la plaza Mayor y Valonsadero, donde ha seguido la jornada festiva. Un d\u00eda para reivindicar el uso de la bicicleta y para todos los p\u00fablicos, donde adem\u00e1s se han conocido los nuevos carriles ciclistas que se est\u00e1n construyendo en la ciudad, y que tendr\u00e1n un total de 22 kil\u00f3metros. Fotos: Teresa Arroyo\n      <\/p>\n<p>      <img decoding=\"async\" fetchpriority=\"high\" src=\"https:\/\/www.europesays.com\/es\/wp-content\/uploads\/2025\/09\/2025091413061345611.jpg\" alt=\"D\u00eda de la Bici en Soria_-57\"   height=\"720\" width=\"1280\"\/><\/p>\n<p>          photo_camera D\u00eda de la Bici en Soria_-57<\/p>\n","protected":false},"excerpt":{"rendered":"Galer\u00eda de fotos El D\u00eda Popular de la Bici ha congregado a un gran n\u00famero de participantes para&hellip;\n","protected":false},"author":2,"featured_media":114638,"comment_status":"","ping_status":"","sticky":false,"template":"","format":"standard","meta":{"footnotes":""},"categories":[273],"tags":[313,312,168,25,24,20363,23,167],"class_list":{"0":"post-114637","1":"post","2":"type-post","3":"status-publish","4":"format-standard","5":"has-post-thumbnail","7":"category-ciclismo","8":"tag-ciclismo","9":"tag-cycling","10":"tag-deportes","11":"tag-es","12":"tag-espana","13":"tag-galerias","14":"tag-spain","15":"tag-sports"},"share_on_mastodon":{"url":"","error":""},"_links":{"self":[{"href":"https:\/\/www.europesays.com\/es\/wp-json\/wp\/v2\/posts\/114637","targetHints":{"allow":["GET"]}}],"collection":[{"href":"https:\/\/www.europesays.com\/es\/wp-json\/wp\/v2\/posts"}],"about":[{"href":"https:\/\/www.europesays.com\/es\/wp-json\/wp\/v2\/types\/post"}],"author":[{"embeddable":true,"href":"https:\/\/www.europesays.com\/es\/wp-json\/wp\/v2\/users\/2"}],"replies":[{"embeddable":true,"href":"https:\/\/www.europesays.com\/es\/wp-json\/wp\/v2\/comments?post=114637"}],"version-history":[{"count":0,"href":"https:\/\/www.europesays.com\/es\/wp-json\/wp\/v2\/posts\/114637\/revisions"}],"wp:featuredmedia":[{"embeddable":true,"href":"https:\/\/www.europesays.com\/es\/wp-json\/wp\/v2\/media\/114638"}],"wp:attachment":[{"href":"https:\/\/www.europesays.com\/es\/wp-json\/wp\/v2\/media?parent=114637"}],"wp:term":[{"taxonomy":"category","embeddable":true,"href":"https:\/\/www.europesays.com\/es\/wp-json\/wp\/v2\/categories?post=114637"},{"taxonomy":"post_tag","embeddable":true,"href":"https:\/\/www.europesays.com\/es\/wp-json\/wp\/v2\/tags?post=114637"}],"curies":[{"name":"wp","href":"https:\/\/api.w.org\/{rel}","templated":true}]}}