{"id":114639,"date":"2025-09-14T15:20:08","date_gmt":"2025-09-14T15:20:08","guid":{"rendered":"https:\/\/www.europesays.com\/es\/114639\/"},"modified":"2025-09-14T15:20:08","modified_gmt":"2025-09-14T15:20:08","slug":"audi-y-adidas-sellan-alianza-para-una-coleccion-antes-de-debutar-en-la-pista","status":"publish","type":"post","link":"https:\/\/www.europesays.com\/es\/114639\/","title":{"rendered":"Audi y Adidas sellan alianza para una colecci\u00f3n antes de debutar en la pista"},"content":{"rendered":"<p>El desembarco de\u00a0<a href=\"https:\/\/noticias.autocosmos.com.co\/2022\/06\/23\/audi-cada-vez-mas-cerca-de-la-formula-1-a-traves-de-sauber\" target=\"_blank\" rel=\"nofollow noopener\"><strong>Audi en la F\u00f3rmula 1 en 2026<\/strong><\/a>\u00a0comienza a tomar forma m\u00e1s all\u00e1 del auto. La marca de los cuatro aros anunci\u00f3 una\u00a0<strong>alianza multianual con <a href=\"https:\/\/noticias.autocosmos.com.co\/2024\/01\/05\/adidas-x-crazyfast-bugatti-los-guayos-mas-refinados-del-mundo\" target=\"_blank\" rel=\"nofollow noopener\">Adidas<\/a><\/strong>, que se convertir\u00e1 en el socio oficial de indumentaria del futuro\u00a0<strong>Audi F1 Team<\/strong>.<\/p>\n<p>&#13;<br \/>\n&#13;<\/p>\n<p>M\u00e1s que un acuerdo comercial, se trata de la asociaci\u00f3n de dos s\u00edmbolos alemanes (los aros y las tres franjas), que se encontrar\u00e1n en el paddock m\u00e1s importante del mundo, con una propuesta que va m\u00e1s all\u00e1 del rendimiento.<\/p>\n<p>&#13;<br \/>\n&#13;<br \/>\n<strong>Socio estrat\u00e9gico<\/strong>&#13;<br \/>\n&#13;<\/p>\n<p><img decoding=\"async\" alt=\"\u00bfCu\u00e1ndo entra Audi en F1?\" src=\"https:\/\/www.europesays.com\/es\/wp-content\/uploads\/2025\/09\/Audi-Revolut.jpg\" style=\"margin:3px\"\/><\/p>\n<p>&#13;<br \/>\n&#13;<\/p>\n<p>El acuerdo contempla el desarrollo conjunto de una\u00a0<strong>colecci\u00f3n de alto rendimiento<\/strong>\u00a0para pilotos, mec\u00e1nicos e ingenieros, dise\u00f1ada para responder a las exigencias extremas de la F1. Desde buzos y calzado hasta accesorios t\u00e9cnicos, la idea es que cada miembro del equipo disponga de equipamiento que potencie\u00a0su desempe\u00f1o diario.<\/p>\n<p>&#13;<br \/>\n&#13;<\/p>\n<p>La alianza tambi\u00e9n se extiende a los fan\u00e1ticos: en\u00a0<strong>febrero de 2026<\/strong>\u00a0se lanzar\u00e1 mundialmente la colecci\u00f3n\u00a0<strong>adidas x Audi F1<\/strong>, con ropa, calzado y accesorios que permitir\u00e1n a los seguidores mostrar su apoyo antes del debut oficial del equipo.<\/p>\n<p>&#13;<br \/>\n&#13;<\/p>\n<p>\u201cAdidas y Audi tienen d\u00e9cadas de colaboraci\u00f3n en el deporte de alto nivel. Nuestra asociaci\u00f3n en F\u00f3rmula 1 va m\u00e1s all\u00e1 de la innovaci\u00f3n: une las fortalezas y visiones de dos marcas progresistas\u201d,\u00a0se\u00f1ala\u00a0<strong>Gernot D\u00f6llner<\/strong>, CEO de Audi AG.<\/p>\n<p>&#13;<br \/>\n&#13;<\/p>\n<p>Para\u00a0<strong>Bj\u00f8rn Gulden<\/strong>, CEO de Adidas, el acuerdo representa\u00a0\u201cun nuevo cap\u00edtulo en el automovilismo. Llevar las tres franjas al &#8216;paddock&#8217;, junto a los cuatro aros, simboliza un compromiso compartido con la innovaci\u00f3n y con una nueva generaci\u00f3n de fan\u00e1ticos de la F1\u201d.<\/p>\n<p>&#13;<br \/>\n&#13;<\/p>\n<p>Mientras que el reci\u00e9n nombrado director del equipo,\u00a0<strong>Jonathan Wheatley<\/strong>, subray\u00f3 que el v\u00ednculo refuerza la identidad del proyecto:\u00a0\u201cEquiparemos a nuestra gente con indumentaria t\u00e9cnica de \u00e9lite que eleva el rendimiento donde m\u00e1s importa. Fuera de la pista, compartimos con Adidas el deseo de generar impacto a trav\u00e9s del estilo y la innovaci\u00f3n\u201d.<\/p>\n<p>&#13;<br \/>\n&#13;<br \/>\n<strong>Mucho m\u00e1s que indumentaria<\/strong>&#13;<br \/>\n&#13;<\/p>\n<p><img decoding=\"async\" alt=\"\u00bfCu\u00e1ndo entra Audi en F1?\" src=\"https:\/\/www.europesays.com\/es\/wp-content\/uploads\/2025\/09\/Audi-F1.jpg\" style=\"margin:3px\"\/><\/p>\n<p>&#13;<br \/>\n&#13;<\/p>\n<p>La uni\u00f3n entre\u00a0<strong>Audi\u00a0y Adidas<\/strong> busca proyectar una imagen fresca en la <a href=\"https:\/\/www.formula1.com\/\" target=\"_blank\" rel=\"nofollow noopener\">F\u00f3rmula 1<\/a>: tecnolog\u00eda aplicada al vestuario, dise\u00f1o minimalista alineado con la nueva filosof\u00eda est\u00e9tica de Audi y activaciones conjuntas para ampliar la visibilidad de ambas marcas en un escenario global.<\/p>\n<p>&#13;<br \/>\n&#13;<\/p>\n<p>En un campeonato donde cada detalle cuenta, Audi apuesta a que la ropa y el equipamiento no solo sean funcionales, sino tambi\u00e9n parte de la construcci\u00f3n cultural del equipo. El acuerdo refuerza la idea de que la entrada de la marca alemana a la F1 no ser\u00e1 silenciosa, sino marcada por\u00a0<strong>alianzas estrat\u00e9gicas de alto impacto<\/strong>. El camino a la parrilla comienza a vestirse de cuatro aros y tres franjas\u2026<\/p>\n<p>&#13;<\/p>\n","protected":false},"excerpt":{"rendered":"El desembarco de\u00a0Audi en la F\u00f3rmula 1 en 2026\u00a0comienza a tomar forma m\u00e1s all\u00e1 del auto. La marca&hellip;\n","protected":false},"author":2,"featured_media":114640,"comment_status":"","ping_status":"","sticky":false,"template":"","format":"standard","meta":{"footnotes":""},"categories":[270],"tags":[11511,2198,168,25,24,4636,306,271,272,23,167],"class_list":{"0":"post-114639","1":"post","2":"type-post","3":"status-publish","4":"format-standard","5":"has-post-thumbnail","7":"category-formula-1","8":"tag-adidas","9":"tag-audi","10":"tag-deportes","11":"tag-es","12":"tag-espana","13":"tag-frmula-1","14":"tag-f1","15":"tag-formula-1","16":"tag-formula1","17":"tag-spain","18":"tag-sports"},"share_on_mastodon":{"url":"","error":""},"_links":{"self":[{"href":"https:\/\/www.europesays.com\/es\/wp-json\/wp\/v2\/posts\/114639","targetHints":{"allow":["GET"]}}],"collection":[{"href":"https:\/\/www.europesays.com\/es\/wp-json\/wp\/v2\/posts"}],"about":[{"href":"https:\/\/www.europesays.com\/es\/wp-json\/wp\/v2\/types\/post"}],"author":[{"embeddable":true,"href":"https:\/\/www.europesays.com\/es\/wp-json\/wp\/v2\/users\/2"}],"replies":[{"embeddable":true,"href":"https:\/\/www.europesays.com\/es\/wp-json\/wp\/v2\/comments?post=114639"}],"version-history":[{"count":0,"href":"https:\/\/www.europesays.com\/es\/wp-json\/wp\/v2\/posts\/114639\/revisions"}],"wp:featuredmedia":[{"embeddable":true,"href":"https:\/\/www.europesays.com\/es\/wp-json\/wp\/v2\/media\/114640"}],"wp:attachment":[{"href":"https:\/\/www.europesays.com\/es\/wp-json\/wp\/v2\/media?parent=114639"}],"wp:term":[{"taxonomy":"category","embeddable":true,"href":"https:\/\/www.europesays.com\/es\/wp-json\/wp\/v2\/categories?post=114639"},{"taxonomy":"post_tag","embeddable":true,"href":"https:\/\/www.europesays.com\/es\/wp-json\/wp\/v2\/tags?post=114639"}],"curies":[{"name":"wp","href":"https:\/\/api.w.org\/{rel}","templated":true}]}}