{"id":114647,"date":"2025-09-14T15:24:12","date_gmt":"2025-09-14T15:24:12","guid":{"rendered":"https:\/\/www.europesays.com\/es\/114647\/"},"modified":"2025-09-14T15:24:12","modified_gmt":"2025-09-14T15:24:12","slug":"artes-visuales-mallorca-magdalena-aguilo-presidenta-de-la-accaib-el-arte-contemporaneo-se-disfruta-mucho-mas-con-visitas-comentadas","status":"publish","type":"post","link":"https:\/\/www.europesays.com\/es\/114647\/","title":{"rendered":"ARTES VISUALES | MALLORCA | Magdalena Aguil\u00f3, presidenta de la ACCAIB: \u00abEl arte contempor\u00e1neo se disfruta mucho m\u00e1s con visitas comentadas\u00bb"},"content":{"rendered":"<p class=\"ft-text ft-helper-closenews\"><strong>Uno de los motivos de convocar los <\/strong><a class=\"ft-link ft-link--decoration\" href=\"https:\/\/www.diariodemallorca.es\/cultura\/2025\/09\/05\/premios-critica-comisariado-arte-accaib-121282718.html\" rel=\"nofollow noopener\" target=\"_blank\"><strong>premios<\/strong><\/a><strong> es dar visibilidad a una profesi\u00f3n muy desconocida. \u00bfQu\u00e9 es y qu\u00e9 hace un comisario de arte?<\/strong><\/p>\n<p class=\"ft-text\">Es un profesional esencial para montar una exposici\u00f3n. Trabaja en sinton\u00eda con el artista o artistas -en el caso de que sea una colectiva- si son contempor\u00e1neos. El objetivo es dotar de un discurso conceptual el conjunto de obras de los diferentes registros art\u00edsticos. Los artistas se encuentran tan involucrados en sus proyectos que es necesario que un especialista aporte una mirada del exterior para seleccionar las obras m\u00e1s apropiadas.<\/p>\n<p class=\"ft-text\"><strong>\u00bfEl discurso conceptual no debe corresponder al artista?<\/strong><\/p>\n<p class=\"ft-text\">No del todo porque tal vez hay numerosos conceptos que quieren expresar a trav\u00e9s de sus proyectos. Adem\u00e1s, si se trata de una colectiva hay que buscar un hilo conductor en el que se exponga, por ejemplo, un discurso de g\u00e9nero, sobre temas medioambientales o lo que sea.<\/p>\n<p class=\"ft-text\"><strong>\u00bfTodos los comisarios tambi\u00e9n son cr\u00edticos de arte?<\/strong><\/p>\n<p class=\"ft-text\">No siempre. Sin embargo, son profesiones que est\u00e1n totalmente relacionadas y yo personalmente pienso que desde el momento en que un comisario de arte dota de un discurso conceptual un proyecto, tambi\u00e9n tendr\u00eda que ser capaz de describirlo de manera cr\u00edtica.<\/p>\n<p class=\"ft-text\"><strong>\u00bfUn artista puede fracasar si su exposici\u00f3n no est\u00e1 comisariada por un profesional? <\/strong><\/p>\n<p class=\"ft-text\">Yo creo que s\u00ed, incluso uno bueno con una mala selecci\u00f3n de sus obras y una exposici\u00f3n desprovista de un discurso. Por eso cada vez hay menos proyectos sin esta figura.<\/p>\n<p class=\"ft-text\"><strong>Las visitas guiadas organizadas por la <\/strong><a class=\"ft-link ft-link--decoration\" href=\"https:\/\/www.diariodemallorca.es\/cultura\/2025\/09\/09\/nit-lart-2025-joan-miro-121400090.html\" rel=\"nofollow noopener\" target=\"_blank\"><strong>Nit de l\u2019Art<\/strong><\/a><strong> tienen mucho \u00e9xito. \u00bfEl p\u00fablico necesita que les expliquen las obras?<\/strong><\/p>\n<p class=\"ft-text\">No s\u00e9 si siempre es necesario, aunque es verdad que a veces hay obras contempor\u00e1neas que son un poco herm\u00e9ticas y el hecho de que un profesional d\u00e9 una explicaci\u00f3n ayuda a entenderlas. Estas visitas comentadas no solo favorecen la accesibilidad al contenido, sino que hacen que el arte contempor\u00e1neo sea disfrutado mucho m\u00e1s. A m\u00ed misma me ocurre. Me encanta ir como p\u00fablico y que los comisarios o los propios artistas sean los gu\u00edas debido a que es muy enriquecedor, te descubren aspectos de los que no te hab\u00edas percatado. Yo tambi\u00e9n he guiado visitas y los asistentes me han dado las gracias por todo lo que han aprendido.<\/p>\n<p class=\"ft-text\"><strong>As\u00ed no pueden decir de <\/strong><a class=\"ft-link ft-link--decoration\" href=\"https:\/\/www.diariodemallorca.es\/tags\/joan-miro\/\" rel=\"nofollow noopener\" target=\"_blank\"><strong>Mir\u00f3<\/strong><\/a><strong>: \u00abEsto lo hace un ni\u00f1o peque\u00f1o\u00bb.<\/strong><\/p>\n<p class=\"ft-text\">Por ejemplo. Sucede mucho. A m\u00ed me encandila, ya que tiene obras tan sencillas y al mismo tiempo tan complejas que es una maravilla. Cuando pinta una mancha de color flotando en el lienzo expresa todo su universo, pero quiz\u00e1s la gente puede preguntarse que por qu\u00e9 el cuadro est\u00e1 casi vac\u00edo. Por eso las visitas comentadas complementan muy bien las exposiciones.<\/p>\n<p class=\"ft-text\"><strong>Las hojas de sala a veces son ininteligibles.<\/strong><\/p>\n<p class=\"ft-text\">Nunca lo hab\u00eda pensado. Esta cuesti\u00f3n me hace reflexionar. Tal vez los profesionales estamos tan acostumbrados a manejar seg\u00fan qu\u00e9 discursos que nos creemos que son inteligibles para todo el mundo. Tomo nota para escribir las hojas de sala de la forma m\u00e1s accesible.<\/p>\n<p class=\"ft-text\"><strong>\u00bfLa savia joven en la profesi\u00f3n aporta un punto de vista distinto e innovador en las exposiciones?<\/strong><\/p>\n<p class=\"ft-text\">El perfil de todos los comisarios que formamos la asociaci\u00f3n es el de expertos en arte contempor\u00e1neo, que ya tiene un car\u00e1cter innovador, aunque s\u00ed es verdad que los j\u00f3venes aportan cosas nuevas a los s\u00e9niors, tanto al descubrir artistas como en otros aspectos. Me encanta que sea tan intergeneracional porque nos nutrimos mutuamente. Estamos aprendiendo mucho todos.<\/p>\n<p class=\"ft-text\"><strong>El n\u00famero de asociados se ha incrementado de 16 a 39 en los dos \u00faltimos a\u00f1os. \u00bfA qu\u00e9 se debe?<\/strong><\/p>\n<p class=\"ft-text\">Creo que la respuesta es trabajo, trabajo y trabajo. Cuando acept\u00e9 ser la presidenta de la asociaci\u00f3n hace dos a\u00f1os, present\u00e9 un dec\u00e1logo de objetivos y estoy satisfecha porque se ha cumplido alrededor del 70% gracias al equipo directivo que est\u00e1 conmigo. Una importante labor era visibilizar la ACCAIB y explicar que estar asociado repercute de forma positiva en la profesi\u00f3n.<\/p>\n<p class=\"ft-text\"><strong>\u00bfC\u00f3mo ve la apuesta que hacen los actuales responsables pol\u00edticos culturales por grandes nombres de las artes visuales?<\/strong><\/p>\n<p class=\"ft-text\">A veces he escuchado cr\u00edticas de artistas locales que dicen que hay un exceso de grandes nombres en detrimento de la gente de aqu\u00ed. Sin embargo, a m\u00ed me parece que las instituciones lo est\u00e1n conjugando bastante bien. El Casal Solleric, la Mir\u00f3 y Es Baluard han organizado exposiciones muy interesantes de artistas mallorquines y es positivo que tambi\u00e9n apuesten por grandes nombres. Est\u00e1n demostrando un apoyo decidido a las artes visuales, lo que se agradece; y a nivel de los profesionales, ahora nos sentimos mucho m\u00e1s acogidos que en etapas anteriores.<\/p>\n<p class=\"ft-text\"><strong>\u00bfDe qu\u00e9 adolece esta etapa?<\/strong><\/p>\n<p class=\"ft-text\">Aprovechando que actualmente existe una sensibilidad pol\u00edtica en relaci\u00f3n a las artes visuales, creo que tambi\u00e9n tendr\u00edan que reforzar las estructuras internas, tanto con un incremento de personal en los espacios p\u00fablicos como agilizando todos los procesos administrativos y burocr\u00e1ticos. Hay determinadas gestiones que son desesperantes, kafkianas, y los profesionales las sufrimos. Asimismo, los procesos de apoyo a los artistas se podr\u00edan simplificar. En cuanto al personal de algunos espacios expositivos, seg\u00fan mi experiencia durante los \u00faltimos tiempos como comisaria de arte, he visto que los t\u00e9cnicos est\u00e1n sobrepasados por el trabajo.<\/p>\n<p class=\"ft-text\"><strong>\u00bfQu\u00e9 opina de convertir una parte del edificio de Gesa en uno de los llamados museos-franquicia?<\/strong><\/p>\n<p class=\"ft-text\">Es un tema que en la Associaci\u00f3 de Cr\u00edtics i Comissaris d\u2019Art de les Illes Balears (ACCAIB) no hemos sometido a discusi\u00f3n, pero a nivel personal no acabo de verlo nada claro. Tengo la impresi\u00f3n de que desde el ayuntamiento de Palma lo est\u00e1n enfocando m\u00e1s hacia el sector tur\u00edstico que a fortalecer el tejido cultural de nuestra comunidad.<\/p>\n<p class=\"ft-text\"><strong>\u00bfY de la candidatura de Palma para ser en 2031 <\/strong><a class=\"ft-link ft-link--decoration\" href=\"https:\/\/www.diariodemallorca.es\/cultura\/2025\/06\/05\/baleares-palma-imagen-capitalidad-europea-de-la-cultura-en-2031-dvl-118275709.html\" rel=\"nofollow noopener\" target=\"_blank\"><strong>Capital Europea de la Cultura<\/strong><\/a><strong>?<\/strong><\/p>\n<p class=\"ft-text\">Pienso que si el esfuerzo que se est\u00e1 haciendo para lograrla sirve para fortalecer el sector cultural, bienvenida sea, aunque si el \u00fanico objetivo es unir turismo y cultura, no le veo ning\u00fan sentido.<\/p>\n<p data-close=\"closedContent\" class=\"subscribeHideForDisplay\">Suscr\u00edbete para seguir leyendo<\/p>\n","protected":false},"excerpt":{"rendered":"Uno de los motivos de convocar los premios es dar visibilidad a una profesi\u00f3n muy desconocida. \u00bfQu\u00e9 es&hellip;\n","protected":false},"author":2,"featured_media":114648,"comment_status":"","ping_status":"","sticky":false,"template":"","format":"standard","meta":{"footnotes":""},"categories":[173],"tags":[38660,38659,229,233,24150,231,230,232,234,146,147,25,24,241,38661,11062,19279,14107,23],"class_list":{"0":"post-114647","1":"post","2":"type-post","3":"status-publish","4":"format-standard","5":"has-post-thumbnail","7":"category-arte-y-diseno","8":"tag-accaib","9":"tag-aguilo","10":"tag-arte","11":"tag-arte-y-diseno","12":"tag-artes-visuales","13":"tag-arts","14":"tag-arts-and-design","15":"tag-design","16":"tag-diseno","17":"tag-entertainment","18":"tag-entretenimiento","19":"tag-es","20":"tag-espana","21":"tag-exposiciones","22":"tag-exposiciones-en-palma","23":"tag-joan-miro","24":"tag-magdalena","25":"tag-presidenta","26":"tag-spain"},"share_on_mastodon":{"url":"","error":""},"_links":{"self":[{"href":"https:\/\/www.europesays.com\/es\/wp-json\/wp\/v2\/posts\/114647","targetHints":{"allow":["GET"]}}],"collection":[{"href":"https:\/\/www.europesays.com\/es\/wp-json\/wp\/v2\/posts"}],"about":[{"href":"https:\/\/www.europesays.com\/es\/wp-json\/wp\/v2\/types\/post"}],"author":[{"embeddable":true,"href":"https:\/\/www.europesays.com\/es\/wp-json\/wp\/v2\/users\/2"}],"replies":[{"embeddable":true,"href":"https:\/\/www.europesays.com\/es\/wp-json\/wp\/v2\/comments?post=114647"}],"version-history":[{"count":0,"href":"https:\/\/www.europesays.com\/es\/wp-json\/wp\/v2\/posts\/114647\/revisions"}],"wp:featuredmedia":[{"embeddable":true,"href":"https:\/\/www.europesays.com\/es\/wp-json\/wp\/v2\/media\/114648"}],"wp:attachment":[{"href":"https:\/\/www.europesays.com\/es\/wp-json\/wp\/v2\/media?parent=114647"}],"wp:term":[{"taxonomy":"category","embeddable":true,"href":"https:\/\/www.europesays.com\/es\/wp-json\/wp\/v2\/categories?post=114647"},{"taxonomy":"post_tag","embeddable":true,"href":"https:\/\/www.europesays.com\/es\/wp-json\/wp\/v2\/tags?post=114647"}],"curies":[{"name":"wp","href":"https:\/\/api.w.org\/{rel}","templated":true}]}}