{"id":114659,"date":"2025-09-14T15:31:37","date_gmt":"2025-09-14T15:31:37","guid":{"rendered":"https:\/\/www.europesays.com\/es\/114659\/"},"modified":"2025-09-14T15:31:37","modified_gmt":"2025-09-14T15:31:37","slug":"de-comida-con-amigos-y-en-una-boda-sin-letizia","status":"publish","type":"post","link":"https:\/\/www.europesays.com\/es\/114659\/","title":{"rendered":"de comida con amigos y en una boda sin Letizia"},"content":{"rendered":"<p id=\"eyDSIpC5Ra\" data-wc=\"73\">Felipe VI volvi\u00f3 a demostrar que los planes m\u00e1s sencillos pueden convertirse en inesperadas an\u00e9cdotas sociales. El pasado s\u00e1bado 13 de septiembre, el monarca viaj\u00f3 hasta \u00dabeda, Ja\u00e9n, para compartir un almuerzo con compa\u00f1eros de su promoci\u00f3n militar en el c\u00e9ntrico Hotel Ciudad de \u00dabeda. Sin embargo, su presencia coincidi\u00f3 con una de las bodas m\u00e1s esperadas del verano: la de Cristina Ponce, hija de la marquesa de la Rambla, con Pablo Urueta.\u00a0<\/p>\n<p> <img src=\"https:\/\/www.europesays.com\/es\/wp-content\/uploads\/2025\/09\/afb0abf6ce6a-gettyimages-2228538304.jpg\"   width=\"1024\" height=\"682\" loading=\"lazy\" decoding=\"async\" alt=\"Media Image\" fetchpriority=\"auto\" class=\"image ho-image\"\/>\u00a9 Getty Images<\/p>\n<p id=\"etMz6YM-CK\" data-wc=\"91\">Lo que en un principio parec\u00eda su asistencia al enlace result\u00f3 ser una mera casualidad, aunque la cercan\u00eda del rey y su disposici\u00f3n a fotografiarse con trabajadores e invitados le convirtieron, sin propon\u00e9rselo, en uno de los protagonistas m\u00e1s comentados de la celebraci\u00f3n<strong>. La coincidencia fue tal que numerosos invitados y vecinos llegaron a pensar que el Rey acud\u00eda, sin la reina Letizia, como invitado al enlace.\u00a0<\/strong>La noticia corri\u00f3 r\u00e1pidamente y no tardaron en compartirse fotograf\u00edas del monarca en redes sociales, posando con simpat\u00eda junto a algunos de los asistentes.<\/p>\n<p> <img src=\"https:\/\/www.europesays.com\/es\/wp-content\/uploads\/2025\/09\/444c98ea6d10-g0vu8xoxcaauxmw.jpg\"   width=\"1024\" height=\"575\" loading=\"lazy\" decoding=\"async\" alt=\"Media Image\" fetchpriority=\"auto\" class=\"image ho-image\"\/>\u00a9 albammmedina<\/p>\n<p id=\"edH6hQiWadH\" data-wc=\"91\">Mientras los novios y sus invitados celebraban el gran d\u00eda a escasos metros de donde Felipe charlaba con sus amigos militares, se sirvi\u00f3 un men\u00fa que no dej\u00f3 indiferente a nadie. Los comensales disfrutaron de una cuidada selecci\u00f3n de aperitivos como jam\u00f3n ib\u00e9rico, croquetas, tacos de calamar, cuenco de costillas, bu\u00f1uelos de merluza o lomo de orza. El men\u00fa principal ofrec\u00eda un delicioso salm\u00f3n a la plancha con salsa de mantequilla o un entrecot a la parrilla; y, para terminar, un coulant de chocolate en vez de la tradicional tarta nupcial.\u00a0<\/p>\n<p> <img src=\"https:\/\/www.europesays.com\/es\/wp-content\/uploads\/2025\/09\/944b46435f30-gettyimages-2232676503.jpg\"   width=\"682\" height=\"1024\" loading=\"lazy\" decoding=\"async\" alt=\"Media Image\" fetchpriority=\"auto\" class=\"image ho-image\"\/>\u00a9 Getty Images<\/p>\n<p id=\"esNsTWmgAi\" data-wc=\"58\">El servicio finaliz\u00f3 alrededor de las 21:30, aunque algunos invitados alargaron la fiesta en el bar del hotel, que cuenta con jardines, piscina y un ambiente r\u00fastico de lo m\u00e1s acogedor. \u201cDesde elegantes decoraciones hasta men\u00fas personalizados, nuestro equipo est\u00e1 listo para transformar tus sue\u00f1os en realidad\u201d, recuerdan desde la propia organizaci\u00f3n del hotel en sus redes sociales.<\/p>\n<p> <img src=\"https:\/\/www.europesays.com\/es\/wp-content\/uploads\/2025\/09\/87c3a7cab96b-533048635185258733820119986472917811029575447n.jpg\"   width=\"768\" height=\"1024\" loading=\"lazy\" decoding=\"async\" alt=\"Media Image\" fetchpriority=\"auto\" class=\"image ho-image\"\/>\u00a9 hotelciudaddeubeda<br \/>\nFelipe, cercano y en clave informal<\/p>\n<p id=\"e7Lpx76XuBW\" data-wc=\"112\">La visita del monarca no pas\u00f3 desapercibida, no solo por el revuelo que gener\u00f3 la coincidencia con la boda, sino tambi\u00e9n por la cercan\u00eda que mostr\u00f3. Muy cordial, el monarca se dej\u00f3 fotografiar con el personal del hotel e incluso pos\u00f3 junto a algunos de los invitados del enlace que no dudaron en acercarse a \u00e9l. Lo que m\u00e1s comentarios gener\u00f3, sin embargo, fue su elecci\u00f3n de atuendo. Frente a la etiqueta habitual de los enlaces, Felipe opt\u00f3 por un look relajado: vaqueros, camisa de rayas y gafas de sol. Una imagen poco habitual que muchos han vinculado a que no asist\u00eda como invitado oficial, sino como uno m\u00e1s entre sus amigos.<\/p>\n<p> <img src=\"https:\/\/www.europesays.com\/es\/wp-content\/uploads\/2025\/09\/672d7f98cd56-gettyimages-2232695320.jpg\"   width=\"1024\" height=\"682\" loading=\"lazy\" decoding=\"async\" alt=\"Media Image\" fetchpriority=\"auto\" class=\"image ho-image\"\/>\u00a9 Getty Images<br \/>\nUn fin de semana hist\u00f3rico<\/p>\n<p id=\"eFIgJXqb5PS\" data-wc=\"103\">La expectaci\u00f3n en \u00dabeda fue m\u00e1xima. No solo se celebraba esta boda con destacados nombres de la nobleza espa\u00f1ola, sino que tambi\u00e9n Joaqu\u00edn Sabina regresaba a su ciudad natal con un concierto que agot\u00f3 entradas semanas antes. Dos acontecimientos de enorme tir\u00f3n social y cultural a los que se sum\u00f3, casi por casualidad, la presencia de Felipe VI. Con esta escapada, el Rey deja una estampa singular que mezcla el deber institucional con la vida personal, en una jornada en la que la emoci\u00f3n, la m\u00fasica y la alta sociedad han coincidido para colocar a Ja\u00e9n en el centro de todas las miradas.<\/p>\n<p> <img src=\"https:\/\/www.europesays.com\/es\/wp-content\/uploads\/2025\/09\/5450cd033439-gettyimages-2148172526.jpg\"   width=\"1024\" height=\"682\" loading=\"lazy\" decoding=\"async\" alt=\"Media Image\" fetchpriority=\"auto\" class=\"image ho-image\"\/>\u00a9 Getty Images<br \/>\nCambios en la familia real<\/p>\n<p id=\"eK6SWG1Vw2a\" data-wc=\"83\"><a class=\"hm-link ho-link\" href=\"https:\/\/www.hola.com\/realeza\/casa_espanola\/20250908846860\/los-reyes-felipe-y-letizia-realizaran-un-viaje-de-estado-a-egipto-tras-el-verano\/\" rel=\"noopener nofollow\" target=\"_blank\" data-mrf-recirculation=\"article-body-link\">M\u00e1s all\u00e1 de este fin de semana, en el horizonte se dibuja un oto\u00f1o intenso para la Familia Real<\/a>. Los Reyes vivir\u00e1n una etapa in\u00e9dita en el Palacio de la Zarzuela, ya que por primera vez estar\u00e1n solos en la residencia oficial. La princesa Leonor ha iniciado su formaci\u00f3n en la Academia General del Aire en San Javier (Murcia), mientras que la infanta Sof\u00eda pone rumbo a Lisboa para empezar sus estudios de Ciencias Pol\u00edticas y Relaciones Internacionales en el prestigioso Forward College.\u00a0<\/p>\n<p> <img src=\"https:\/\/www.europesays.com\/es\/wp-content\/uploads\/2025\/09\/656162495e36-16599548282131415063.jpg\"   width=\"1024\" height=\"768\" loading=\"lazy\" decoding=\"async\" alt=\"Graduaci\u00f3n del Bachillerato Internacional en el UWC de Gales de la princesa Leonor, 20 de mayo de 2023\" fetchpriority=\"auto\" class=\"image ho-image\"\/>\u00a9 Casa de S.M. el Rey<\/p>\n<p id=\"eycDU62eZJk\" data-wc=\"45\">Ambas experiencias marcan un paso decisivo en la vida de las hijas de los Reyes. La heredera al trono continuar\u00e1 su formaci\u00f3n militar, mientras Sof\u00eda dar\u00e1 comienzo a una carrera acad\u00e9mica internacional que apunta a reforzar su perfil en el terreno de las relaciones diplom\u00e1ticas.<\/p>\n<p> <img src=\"https:\/\/www.europesays.com\/es\/wp-content\/uploads\/2025\/09\/aabfcf7b6766-dlu588821005.jpg\"   width=\"1024\" height=\"726\" loading=\"lazy\" decoding=\"async\" alt=\"LOS REYES JUNTO A SUS HIJAS ACUDEIENDO A CENAR A UN RESTAURANTE EN MALLORCA\" fetchpriority=\"auto\" class=\"image ho-image\"\/>\u00a9 GTRES<br \/>\nUna visita hist\u00f3rica a Egipto<\/p>\n<p id=\"ey7fjVwqkSb\" data-wc=\"114\">Con sus hijas en el extranjero, Felipe y Letizia inician el nuevo curso institucional con un viaje de Estado entre el 16 y el 19 de septiembre a Egipto. La visita, que constituye la primera de los Reyes al pa\u00eds desde la proclamaci\u00f3n de Felipe VI en 2014, tiene como objetivo reforzar los lazos pol\u00edticos, culturales y econ\u00f3micos entre ambos Estados. Durante su estancia, don Felipe y do\u00f1a Letizia ser\u00e1n recibidos con todos los honores por el presidente Abdelfatah al Sisi y su esposa en el Palacio Al-Ittihadiya. La agenda tambi\u00e9n prev\u00e9 visitas a proyectos de colaboraci\u00f3n cient\u00edfica y cultural en El Cairo y Luxor, incluidas las importantes misiones arqueol\u00f3gicas espa\u00f1olas en la regi\u00f3n.\u00a0<\/p>\n<p> <img src=\"https:\/\/www.europesays.com\/es\/wp-content\/uploads\/2025\/09\/eb923aa5f672-dlu589895043.jpg\"   width=\"1024\" height=\"682\" loading=\"lazy\" decoding=\"async\" alt=\"Los reyes Felipe y Letizia se paran con un beb\u00e9 durante su visita a Extremadura\" fetchpriority=\"auto\" class=\"image ho-image\"\/>\u00a9 GTRES<\/p>\n<p id=\"eHu1dc7DZm\" data-wc=\"96\">Al mismo tiempo, se celebrar\u00e1 un Foro Empresarial hispano-egipcio, que servir\u00e1 para estrechar relaciones econ\u00f3micas y explorar nuevas v\u00edas de cooperaci\u00f3n. El propio Felipe ya hab\u00eda manifestado su entusiasmo con estas palabras durante la visita de Al Sisi a Madrid el pasado febrero: <strong>\u201cLa Reina y yo esperamos poder acompa\u00f1arle pronto en Egipto y poder celebrar tambi\u00e9n all\u00ed los nuevos y prometedores horizontes que se abren para nuestro Partenariado Estrat\u00e9gico, que inicia ahora su camino. Como sab\u00e9is, estamos ultimando las fechas para nuestro viaje de Estado, que tambi\u00e9n nos hace una especial ilusi\u00f3n en lo personal\u201d.<\/strong><\/p>\n<p> <img src=\"https:\/\/www.europesays.com\/es\/wp-content\/uploads\/2025\/09\/cd9f1088710e-gettyimages-2232667103.jpg\"   width=\"682\" height=\"1024\" loading=\"lazy\" decoding=\"async\" alt=\"Los Reyes visitan Extremadura tras los devastadores incendios\" fetchpriority=\"auto\" class=\"image ho-image\"\/>\u00a9 Getty Images<\/p>\n<p id=\"eVuC-kSydfc\" data-wc=\"64\">La diplomacia real no descansa. Adem\u00e1s del viaje a Egipto, est\u00e1 previsto que en el pr\u00f3ximo curso los Reyes realicen una visita a China, en l\u00ednea con la estrategia de la Casa Real de reforzar los v\u00ednculos internacionales con Asia, Oriente Medio e Iberoam\u00e9rica. Aunque a\u00fan no se han hecho p\u00fablicas las fechas, se espera que esta visita se confirme en los pr\u00f3ximos meses.<\/p>\n<p> <img src=\"https:\/\/www.europesays.com\/es\/wp-content\/uploads\/2025\/09\/7d7d643cf778-dlu588349011.jpg\"   width=\"1024\" height=\"682\" loading=\"lazy\" decoding=\"async\" alt=\"Los reyes de Espa\u00f1a en Girona\" fetchpriority=\"auto\" class=\"image ho-image\"\/>\u00a9 GTRES<\/p>\n","protected":false},"excerpt":{"rendered":"Felipe VI volvi\u00f3 a demostrar que los planes m\u00e1s sencillos pueden convertirse en inesperadas an\u00e9cdotas sociales. El pasado&hellip;\n","protected":false},"author":2,"featured_media":114660,"comment_status":"","ping_status":"","sticky":false,"template":"","format":"standard","meta":{"footnotes":""},"categories":[91],"tags":[517,146,147,25,24,12553,1027,8140,23],"class_list":{"0":"post-114659","1":"post","2":"type-post","3":"status-publish","4":"format-standard","5":"has-post-thumbnail","7":"category-entretenimiento","8":"tag-actualidad","9":"tag-entertainment","10":"tag-entretenimiento","11":"tag-es","12":"tag-espana","13":"tag-mas-noticias","14":"tag-realeza","15":"tag-rey-felipe-vi","16":"tag-spain"},"share_on_mastodon":{"url":"","error":""},"_links":{"self":[{"href":"https:\/\/www.europesays.com\/es\/wp-json\/wp\/v2\/posts\/114659","targetHints":{"allow":["GET"]}}],"collection":[{"href":"https:\/\/www.europesays.com\/es\/wp-json\/wp\/v2\/posts"}],"about":[{"href":"https:\/\/www.europesays.com\/es\/wp-json\/wp\/v2\/types\/post"}],"author":[{"embeddable":true,"href":"https:\/\/www.europesays.com\/es\/wp-json\/wp\/v2\/users\/2"}],"replies":[{"embeddable":true,"href":"https:\/\/www.europesays.com\/es\/wp-json\/wp\/v2\/comments?post=114659"}],"version-history":[{"count":0,"href":"https:\/\/www.europesays.com\/es\/wp-json\/wp\/v2\/posts\/114659\/revisions"}],"wp:featuredmedia":[{"embeddable":true,"href":"https:\/\/www.europesays.com\/es\/wp-json\/wp\/v2\/media\/114660"}],"wp:attachment":[{"href":"https:\/\/www.europesays.com\/es\/wp-json\/wp\/v2\/media?parent=114659"}],"wp:term":[{"taxonomy":"category","embeddable":true,"href":"https:\/\/www.europesays.com\/es\/wp-json\/wp\/v2\/categories?post=114659"},{"taxonomy":"post_tag","embeddable":true,"href":"https:\/\/www.europesays.com\/es\/wp-json\/wp\/v2\/tags?post=114659"}],"curies":[{"name":"wp","href":"https:\/\/api.w.org\/{rel}","templated":true}]}}