{"id":114674,"date":"2025-09-14T15:42:08","date_gmt":"2025-09-14T15:42:08","guid":{"rendered":"https:\/\/www.europesays.com\/es\/114674\/"},"modified":"2025-09-14T15:42:08","modified_gmt":"2025-09-14T15:42:08","slug":"sanchez-reconoce-a-los-deportistas-de-la-vuelta-pero-admira-al-pueblo-que-se-moviliza-por-una-causa-justa","status":"publish","type":"post","link":"https:\/\/www.europesays.com\/es\/114674\/","title":{"rendered":"S\u00e1nchez \u00abreconoce a los deportistas\u00bb de La Vuelta pero \u00abadmira\u00bb al \u00abpueblo que se moviliza por una causa justa\u00bb"},"content":{"rendered":"<p>El presidente del Gobierno y secretario general del <a href=\"https:\/\/www.ultimahora.es\/etiqueta\/PSOE.html?utm_source=Inline-tag&amp;utm_medium=internal\" rel=\"nofollow noopener\" target=\"_blank\">PSOE<\/a>, <strong><a href=\"https:\/\/www.ultimahora.es\/etiqueta\/Pedro+S%C3%A1nchez.html?utm_source=Inline-tag&amp;utm_medium=internal\" rel=\"nofollow noopener\" target=\"_blank\">Pedro S\u00e1nchez<\/a><\/strong>, ha recordado que este domingo termina la <strong><a href=\"https:\/\/www.ultimahora.es\/etiqueta\/vuelta+ciclista.html?utm_source=Inline-tag&amp;utm_medium=internal\" rel=\"nofollow noopener\" target=\"_blank\">Vuelta Ciclista<\/a> a Espa\u00f1a<\/strong> y ha manifestado su \u00abreconocimiento y respeto absoluto a los deportistas, pero tambi\u00e9n nuestra admiraci\u00f3n a un pueblo como el espa\u00f1ol que se moviliza por causas justas como la de <a href=\"https:\/\/www.ultimahora.es\/etiqueta\/Palestina.html?utm_source=Inline-tag&amp;utm_medium=internal\" rel=\"nofollow noopener\" target=\"_blank\">Palestina<\/a>\u00bb.<\/p>\n<p>Asimismo, ha criticado que \u00abla oposici\u00f3n ante la barbarie de <a href=\"https:\/\/www.ultimahora.es\/etiqueta\/Gaza.html?utm_source=Inline-tag&amp;utm_medium=internal\" rel=\"nofollow noopener\" target=\"_blank\">Gaza<\/a> no dice nada\u00bb. \u00abTienen menos ideas que educaci\u00f3n, pero en este contexto tan complejo en lo internacional Espa\u00f1a hoy brilla como ejemplo y como orgullo, ejemplo ante una comunidad internacional donde ve c\u00f3mo Espa\u00f1a da un paso al frente en la defensa de los derechos humanos\u00bb, ha a\u00f1adido.<\/p>\n<p>Igualmente, ha mostrado su \u00aborgullo de ver un pa\u00eds tan plural como el nuestro, tan diverso en lo territorial, pero que sin embargo nos ponemos todos de acuerdo en una causa justa como son los derechos humanos, as\u00ed que viva los derechos humanos y viva al pueblo espa\u00f1ol\u00bb.<\/p>\n","protected":false},"excerpt":{"rendered":"El presidente del Gobierno y secretario general del PSOE, Pedro S\u00e1nchez, ha recordado que este domingo termina la&hellip;\n","protected":false},"author":2,"featured_media":114675,"comment_status":"","ping_status":"","sticky":false,"template":"","format":"standard","meta":{"footnotes":""},"categories":[273],"tags":[313,312,168,25,24,694,813,38665,76,2959,1699,23,167,25206,1529,21,35171],"class_list":{"0":"post-114674","1":"post","2":"type-post","3":"status-publish","4":"format-standard","5":"has-post-thumbnail","7":"category-ciclismo","8":"tag-ciclismo","9":"tag-cycling","10":"tag-deportes","11":"tag-es","12":"tag-espana","13":"tag-gaza","14":"tag-nacional","15":"tag-noticias-nacionales-hoy","16":"tag-palestina","17":"tag-pedro-sanchez","18":"tag-psoe","19":"tag-spain","20":"tag-sports","21":"tag-t-800","22":"tag-ultima-hora","23":"tag-ultimas-noticias","24":"tag-vuelta-ciclista"},"share_on_mastodon":{"url":"","error":""},"_links":{"self":[{"href":"https:\/\/www.europesays.com\/es\/wp-json\/wp\/v2\/posts\/114674","targetHints":{"allow":["GET"]}}],"collection":[{"href":"https:\/\/www.europesays.com\/es\/wp-json\/wp\/v2\/posts"}],"about":[{"href":"https:\/\/www.europesays.com\/es\/wp-json\/wp\/v2\/types\/post"}],"author":[{"embeddable":true,"href":"https:\/\/www.europesays.com\/es\/wp-json\/wp\/v2\/users\/2"}],"replies":[{"embeddable":true,"href":"https:\/\/www.europesays.com\/es\/wp-json\/wp\/v2\/comments?post=114674"}],"version-history":[{"count":0,"href":"https:\/\/www.europesays.com\/es\/wp-json\/wp\/v2\/posts\/114674\/revisions"}],"wp:featuredmedia":[{"embeddable":true,"href":"https:\/\/www.europesays.com\/es\/wp-json\/wp\/v2\/media\/114675"}],"wp:attachment":[{"href":"https:\/\/www.europesays.com\/es\/wp-json\/wp\/v2\/media?parent=114674"}],"wp:term":[{"taxonomy":"category","embeddable":true,"href":"https:\/\/www.europesays.com\/es\/wp-json\/wp\/v2\/categories?post=114674"},{"taxonomy":"post_tag","embeddable":true,"href":"https:\/\/www.europesays.com\/es\/wp-json\/wp\/v2\/tags?post=114674"}],"curies":[{"name":"wp","href":"https:\/\/api.w.org\/{rel}","templated":true}]}}