{"id":114676,"date":"2025-09-14T15:43:09","date_gmt":"2025-09-14T15:43:09","guid":{"rendered":"https:\/\/www.europesays.com\/es\/114676\/"},"modified":"2025-09-14T15:43:09","modified_gmt":"2025-09-14T15:43:09","slug":"expiloto-pide-a-verstappen-en-ferrari-y-arremete-contra-hamilton-demasiado-mayor","status":"publish","type":"post","link":"https:\/\/www.europesays.com\/es\/114676\/","title":{"rendered":"Expiloto pide a Verstappen en Ferrari y arremete contra Hamilton: \u00abDemasiado mayor\u00bb"},"content":{"rendered":"<p>El sue\u00f1o de vestir de rojo no ha sido el esperado para <a href=\"https:\/\/www.record.com.mx\/formula1\/formula-1-asi-marcha-el-campeonato-de-pilotos-2025\" rel=\"nofollow noopener\" target=\"_blank\"><strong>Lewis Hamilton<\/strong><\/a>. Aunque el brit\u00e1nico comenz\u00f3 su aventura en <a href=\"https:\/\/www.record.com.mx\/formula1\/gran-premio-de-monza-2025-fue-la-carrera-mas-corta-en-la-historia-de-la-formula-1\" rel=\"nofollow noopener\" target=\"_blank\"><strong>Ferrari<\/strong><\/a><strong> <\/strong>con una esperanzadora victoria en la carrera sprint del <strong>Gran Premio de China<\/strong>, no ha vuelto a subir al podio desde entonces.\u00a0<\/p>\n<p>Adem\u00e1s, no ha podido superar a su compa\u00f1ero <strong>Charles Leclerc<\/strong>, con clasificaciones decepcionantes y carreras irregulares. Con ello el siete veces campe\u00f3n de <a href=\"https:\/\/www.record.com.mx\/formula1\/mclaren-prefiere-ver-campeon-lando-norris-aseguro-exdirectivo-de-la-formula-1\" rel=\"nofollow noopener\" target=\"_blank\"><strong>F\u00f3rmula 1<\/strong><\/a> ha vivido muchos de frustraci\u00f3n, algunos a tal grado que ha sugerido al equipo que busque otro piloto.\u00a0<\/p>\n<p> <img loading=\"lazy\" decoding=\"async\" data-entity-uuid=\"ad22bca3-af2b-4bbf-83dc-3cf09c75a9a4\" data-entity-type=\"file\" src=\"https:\/\/www.europesays.com\/es\/wp-content\/uploads\/2025\/09\/AP25250493111613_0.jpg\" width=\"1024\" height=\"683\" alt=\"Hamilton no ha subido al podio con Ferrari\" data-caption=\"Hamilton no ha subido al podio con Ferrari | AP\u00a0\"\/><\/p>\n<p>Hamilton no ha subido al podio con Ferrari | AP\u00a0<\/p>\n<p>Expiloto de Ferrari critica a Hamilton\u00a0<\/p>\n<p>A pesar de la gran autoexigencia, el piloto brit\u00e1nico ha tenido mucho respaldo desde Ferrari, seg\u00fan palabras de <strong>Fred Vasseur<\/strong>. Sin embargo, desde fuera del garage italiano, otras voces han sido m\u00e1s cr\u00edticas, como la de <strong>Eddie Irvine<\/strong>, quien coincidi\u00f3 con <strong>Michael Schumacher<\/strong> en Il Cavalino Rampante.\u00a0<\/p>\n<p>\u00abEl problema con Lewis es que lleg\u00f3 un poco demasiado mayor. Pero gan\u00f3 siete Campeonatos del Mundo, as\u00ed que siempre hay un precio\u00bb, declar\u00f3 en entrevista con Sky Sports, en la cual consider\u00f3 que adem\u00e1s Ferrari tiene m\u00e1s exigencia que otras escuder\u00edas.<\/p>\n<p><img loading=\"lazy\" decoding=\"async\" data-entity-uuid=\"407b0dc1-307c-4ab9-8b15-ce1b10ea1e41\" data-entity-type=\"file\" src=\"https:\/\/www.europesays.com\/es\/wp-content\/uploads\/2025\/09\/AP25250493111613.jpg\" width=\"1024\" height=\"683\" alt=\"Hamilton ha tenido un primer a\u00f1o con Ferrari complicado\" data-caption=\"Hamilton ha tenido un primer a\u00f1o con Ferrari complicado | AP\u00a0\"\/><\/p>\n<p>Hamilton ha tenido un primer a\u00f1o con Ferrari complicado | AP\u00a0<\/p>\n<p>\u00abLos equipos brit\u00e1nicos est\u00e1n rodeados de otros equipos y hay intercambio de ideas. Es muy diferente, mucho m\u00e1s dif\u00edcil estar solo en Maranello. As\u00ed es. Siempre es m\u00e1s dif\u00edcil para Ferrari. Tienen la imagen, tienen la historia, lo tienen todo, excepto ese intercambio de ideas, y eso es realmente dif\u00edcil\u00bb, a\u00f1adi\u00f3.\u00a0<\/p>\n<p>Irvine quiere ver a Verstappen con Ferrari<\/p>\n<p>Por \u00faltimo, a\u00f1adi\u00f3 que, si bien es algo improbable le gustar\u00eda que <strong>Max Verstappen <\/strong>vista de rojo. \u00abMe encantar\u00eda que viniera a Ferrari. Creo que los dos juntos ser\u00edan sensacionales. Espero que no se demore demasiado, como ha sido el caso de Lewis\u00bb, finaliz\u00f3.\u00a0<\/p>\n<p><img loading=\"lazy\" decoding=\"async\" data-entity-uuid=\"d5be1000-be28-4776-809d-aa0e224e9f27\" data-entity-type=\"file\" src=\"https:\/\/www.europesays.com\/es\/wp-content\/uploads\/2025\/09\/AP25249381933143.jpg\" width=\"1024\" height=\"683\" alt=\"El expiloto cuestion\u00f3 el momento en el que Hamilton lleg\u00f3 a Ferrari\" data-caption=\"El expiloto cuestion\u00f3 el momento en el que Hamilton lleg\u00f3 a Ferrari | AP\"\/><\/p>\n<p>El expiloto cuestion\u00f3 el momento en el que Hamilton lleg\u00f3 a Ferrari | AP<\/p>\n","protected":false},"excerpt":{"rendered":"El sue\u00f1o de vestir de rojo no ha sido el esperado para Lewis Hamilton. Aunque el brit\u00e1nico comenz\u00f3&hellip;\n","protected":false},"author":2,"featured_media":114677,"comment_status":"","ping_status":"","sticky":false,"template":"","format":"standard","meta":{"footnotes":""},"categories":[270],"tags":[168,25,24,306,2091,271,272,2097,2099,23,167],"class_list":{"0":"post-114676","1":"post","2":"type-post","3":"status-publish","4":"format-standard","5":"has-post-thumbnail","7":"category-formula-1","8":"tag-deportes","9":"tag-es","10":"tag-espana","11":"tag-f1","12":"tag-ferrari","13":"tag-formula-1","14":"tag-formula1","15":"tag-lewis-hamilton","16":"tag-max-verstappen","17":"tag-spain","18":"tag-sports"},"share_on_mastodon":{"url":"","error":""},"_links":{"self":[{"href":"https:\/\/www.europesays.com\/es\/wp-json\/wp\/v2\/posts\/114676","targetHints":{"allow":["GET"]}}],"collection":[{"href":"https:\/\/www.europesays.com\/es\/wp-json\/wp\/v2\/posts"}],"about":[{"href":"https:\/\/www.europesays.com\/es\/wp-json\/wp\/v2\/types\/post"}],"author":[{"embeddable":true,"href":"https:\/\/www.europesays.com\/es\/wp-json\/wp\/v2\/users\/2"}],"replies":[{"embeddable":true,"href":"https:\/\/www.europesays.com\/es\/wp-json\/wp\/v2\/comments?post=114676"}],"version-history":[{"count":0,"href":"https:\/\/www.europesays.com\/es\/wp-json\/wp\/v2\/posts\/114676\/revisions"}],"wp:featuredmedia":[{"embeddable":true,"href":"https:\/\/www.europesays.com\/es\/wp-json\/wp\/v2\/media\/114677"}],"wp:attachment":[{"href":"https:\/\/www.europesays.com\/es\/wp-json\/wp\/v2\/media?parent=114676"}],"wp:term":[{"taxonomy":"category","embeddable":true,"href":"https:\/\/www.europesays.com\/es\/wp-json\/wp\/v2\/categories?post=114676"},{"taxonomy":"post_tag","embeddable":true,"href":"https:\/\/www.europesays.com\/es\/wp-json\/wp\/v2\/tags?post=114676"}],"curies":[{"name":"wp","href":"https:\/\/api.w.org\/{rel}","templated":true}]}}