{"id":114688,"date":"2025-09-14T15:51:05","date_gmt":"2025-09-14T15:51:05","guid":{"rendered":"https:\/\/www.europesays.com\/es\/114688\/"},"modified":"2025-09-14T15:51:05","modified_gmt":"2025-09-14T15:51:05","slug":"como-lebron-james-se-involucro-como-coproductor-en-el-documental-clemente-el-nuevo-dia","status":"publish","type":"post","link":"https:\/\/www.europesays.com\/es\/114688\/","title":{"rendered":"\u00bfC\u00f3mo LeBron James se involucr\u00f3 como coproductor en el documental \u201cClemente\u201d? &#8211; El Nuevo D\u00eda"},"content":{"rendered":"<ol>\n<li><a href=\"https:\/\/news.google.com\/rss\/articles\/CBMiwgFBVV95cUxQNVhpZEs3bzRzUVZiTXdZVXZ3X2R4Qng3aFZoVXd4Z1p0SVRtQ2ZxU0VEMVlLY0lid1MtQjJXNkFjcEZVV3dlZlRRTjR3WkdwNVNVSjIwN2VjSDBDLVJVdmN1dm55RFhaZjRQY24wTlVOS1hwaTJJSzY0MnFuc3dBMDRzQ0dfU2gyTG01cGpHbEV2V3hoc3FSRGJNb25Sa2k0dUlDX1VlVlFaTUwtWVNGVjYwWm1TUHdXemY1bXhIdUJsZw?oc=5\" target=\"_blank\" rel=\"nofollow noopener\">\u00bfC\u00f3mo LeBron James se involucr\u00f3 como coproductor en el documental \u201cClemente\u201d?<\/a>&nbsp;&nbsp;El Nuevo D\u00eda<\/li>\n<li><a href=\"https:\/\/news.google.com\/rss\/articles\/CBMiogFBVV95cUxPM0R6WjJsMFlwQXRCM1FCTm95Ylp6elY0TlQtYVZzYWFDQW1CLU9VelBQSVYtMUkwMWJ0TjlUQV9ydW1KbVc0Mkxyd1BBVVozcm5DQ3pxel9aR1pxS29HSTNPSVAxZ0g0RDc1cFZzM1VwOHQxXzh2a0xyeXEtWGZPQnMyLXYwc25jS2hUVUNRbE1ReEVRUVBWZlU5RHNuaV93Q1E?oc=5\" target=\"_blank\" rel=\"nofollow noopener\">Piratas anuncian hist\u00f3rica transmisi\u00f3n en espa\u00f1ol por el D\u00eda de Clemente<\/a>&nbsp;&nbsp;MLB.com<\/li>\n<li><a href=\"https:\/\/news.google.com\/rss\/articles\/CBMi0wFBVV95cUxQNmkzY3RNZFJIbThQSFR5R1pWWUhWZnpSUWJGLUdZTm5EdXdncUYxRC1uc3JmNTlXT0txLXZ2M2dqalZfbF9IMXBvQ3NXOVdzdFRCajNTeDI5TVROR0IzT0NRV3FCbC11ZHFRQkpYWXpsUkZBVVAzM2tPQTRYaUxORkstV1Q0WjNaSzFEOU96R0xEUWxWNjdrQThrZFBxQ1BrOGk2QXRXRXh0aksxX05seXBNUVlsZGtSYl9XeFROeU5EelBsWDlBVlJMNjc5TUpPcnF3?oc=5\" target=\"_blank\" rel=\"nofollow noopener\">Roberto Clemente: Figura principal del deporte boricua<\/a>&nbsp;&nbsp;wapa.tv<\/li>\n<li><a href=\"https:\/\/news.google.com\/rss\/articles\/CBMi3AFBVV95cUxOeUx0MEotYzlRUUVFdjNhdlk2MWE5ZlRTRjBkWFA5NU5WM3A2Y0cwbVJTanVpN3VaT3VBMEJELVVMTlhkWTl5MnozcF8zQndubTRTNks4SVIxR1JkcFFxWV9TcXpoODdja2pEZ3ozelRENXVuNnJtWVVmWEppZm1tdDhseDR5LVcxZmpvVmNDYlFtdFRodWNNZ1N6QjQzYmQ3WC1HSDN5dzlnaFhHNEJCbXNQMk14U1huRElQUU9uZjBGbUVrV0JJazNfbmRiSmNRX2l0SlVXbmUwcFJC0gHiAUFVX3lxTE5JXzNIN0o0ZFkzT19CLTNGZjV2cXJrZUNCME5YaDFOQXc1YVoxX095SURTeU5qdGl6WlhmOVRkM0tNN01ZLXY3VnJEUXFfOGJwajNmcFk2aWlOMGY4bWQtZlBvTnpRYU5JajVzUGVNdklwQUMzTnBrLWRDNk1wa0dWSGFyazNKYnhxNnoxb1A0d0d3VWtZaDgxLTJsVzJBVnZFZnRJd05RYTN1TG5PM29NWkYwcDNPd01JV29xdzFtUXQycGpVSU1DZzl5d1h4UHc2VXVrT3BZNi1BUndzLXRxRlE?oc=5\" target=\"_blank\" rel=\"nofollow noopener\">La historia de Roberto Clemente revive en la pantalla grande<\/a>&nbsp;&nbsp;El Vocero de Puerto Rico<\/li>\n<li><a href=\"https:\/\/news.google.com\/rss\/articles\/CBMi9gFBVV95cUxQUDVhb0JwLUwwM0tNZmpZVy1jekxsa3dHV0NYTGZDZDZuMHVhS3d0dERXX3MwVzVUUmVkRnpnUEVpZFFzTmhPYVpjWW5wODZoajR3Z0JwOGNxWGFSZm12bkFfX0RBLS1HREMwU1o5bFhqcW5tR2hZY19vVWtjc1dCSVEwNUd5UmpOZC16SWVPWUJMQjdrUlQyenlVYXFLcVpzNEdjRGx4M1FEYndWckpqdG1nY21TT0RfcjdySmxKTTg4SmQ0ZEhkcGI2T3N6VnRFeldJTEREUzZpM1VCakhkZmtpdmkxVnJpRVpHekt2MkRsWXRNNWc?oc=5\" target=\"_blank\" rel=\"nofollow noopener\">Viva Clemente: Disfrutan de actividades para honrar la memoria del astro boricua<\/a>&nbsp;&nbsp;wapa.tv<\/li>\n<\/ol>\n","protected":false},"excerpt":{"rendered":"\u00bfC\u00f3mo LeBron James se involucr\u00f3 como coproductor en el documental \u201cClemente\u201d?&nbsp;&nbsp;El Nuevo D\u00eda Piratas anuncian hist\u00f3rica transmisi\u00f3n en&hellip;\n","protected":false},"author":2,"featured_media":114689,"comment_status":"","ping_status":"","sticky":false,"template":"","format":"standard","meta":{"footnotes":""},"categories":[169],"tags":[177,6084,146,147,25,24,176,5678,175,1725,38669,9608,38668,23],"class_list":{"0":"post-114688","1":"post","2":"type-post","3":"status-publish","4":"format-standard","5":"has-post-thumbnail","7":"category-cine","8":"tag-cine","9":"tag-documental","10":"tag-entertainment","11":"tag-entretenimiento","12":"tag-es","13":"tag-espana","14":"tag-film","15":"tag-lebron-james","16":"tag-movies","17":"tag-nba","18":"tag-pirates","19":"tag-produccion","20":"tag-roberto-clemente","21":"tag-spain"},"share_on_mastodon":{"url":"","error":""},"_links":{"self":[{"href":"https:\/\/www.europesays.com\/es\/wp-json\/wp\/v2\/posts\/114688","targetHints":{"allow":["GET"]}}],"collection":[{"href":"https:\/\/www.europesays.com\/es\/wp-json\/wp\/v2\/posts"}],"about":[{"href":"https:\/\/www.europesays.com\/es\/wp-json\/wp\/v2\/types\/post"}],"author":[{"embeddable":true,"href":"https:\/\/www.europesays.com\/es\/wp-json\/wp\/v2\/users\/2"}],"replies":[{"embeddable":true,"href":"https:\/\/www.europesays.com\/es\/wp-json\/wp\/v2\/comments?post=114688"}],"version-history":[{"count":0,"href":"https:\/\/www.europesays.com\/es\/wp-json\/wp\/v2\/posts\/114688\/revisions"}],"wp:featuredmedia":[{"embeddable":true,"href":"https:\/\/www.europesays.com\/es\/wp-json\/wp\/v2\/media\/114689"}],"wp:attachment":[{"href":"https:\/\/www.europesays.com\/es\/wp-json\/wp\/v2\/media?parent=114688"}],"wp:term":[{"taxonomy":"category","embeddable":true,"href":"https:\/\/www.europesays.com\/es\/wp-json\/wp\/v2\/categories?post=114688"},{"taxonomy":"post_tag","embeddable":true,"href":"https:\/\/www.europesays.com\/es\/wp-json\/wp\/v2\/tags?post=114688"}],"curies":[{"name":"wp","href":"https:\/\/api.w.org\/{rel}","templated":true}]}}