{"id":114700,"date":"2025-09-14T15:58:06","date_gmt":"2025-09-14T15:58:06","guid":{"rendered":"https:\/\/www.europesays.com\/es\/114700\/"},"modified":"2025-09-14T15:58:06","modified_gmt":"2025-09-14T15:58:06","slug":"ultima-etapa-de-la-vuelta-a-espana-en-directo-la-organizacion-cambia-el-recorrido-de-entrada-a-madrid-para-blindar-la-seguridad-de-los-ciclistas-ciclismo-deportes","status":"publish","type":"post","link":"https:\/\/www.europesays.com\/es\/114700\/","title":{"rendered":"\u00daltima etapa de la Vuelta a Espa\u00f1a en directo | La organizaci\u00f3n cambia el recorrido de entrada a Madrid para blindar la seguridad de los ciclistas | Ciclismo | Deportes"},"content":{"rendered":"<p class=\"\">Despu\u00e9s de que<a href=\"https:\/\/elpais.com\/deportes\/ciclismo\/2025-09-13\/vingegaard-sentencia-la-vuelta-a-espana-en-otra-jornada-marcada-por-gaza.html\" target=\"_self\" rel=\"nofollow noopener\" title=\"https:\/\/elpais.com\/deportes\/ciclismo\/2025-09-13\/vingegaard-sentencia-la-vuelta-a-espana-en-otra-jornada-marcada-por-gaza.html\"> Vingegaard diera un golpe de autoridad en la ascensi\u00f3n de la Bola del Mundo,<\/a> triunfo de etapa y tambi\u00e9n de la ronda sobre Almeida y Pidcock \u2014los otros componentes del podio\u2014, Madrid vive el fin de fiesta del certamen con la Vuelta, marcada por las manifestaciones de activistas en favor de Palestina y en contra de la ofensiva israel\u00ed en Gaza, con el foco en el equipo Israel-Premier Tech. En torno a las 17.30, la organizaci\u00f3n ha sorprendido con un cambio de recorrido que no hab\u00eda sido comunicado previamente para blindar la seguridad del pelot\u00f3n, que todav\u00eda no ha entrado en la capital. De hecho, la Vuelta tampoco ofrece ahora mismo referencias de cu\u00e1ntos kil\u00f3metros quedan hasta la meta. En un principio, la etapa constaba de 111 kil\u00f3metros. Adem\u00e1s, <a href=\"https:\/\/elpais.com\/deportes\/ciclismo\/2025-09-13\/la-jornada-de-protestas-en-la-vuelta-se-salda-con-un-unico-detenido-en-becerril-de-la-sierra.html\" target=\"_blank\" rel=\"nofollow noopener\" title=\"https:\/\/elpais.com\/deportes\/ciclismo\/2025-09-13\/la-jornada-de-protestas-en-la-vuelta-se-salda-con-un-unico-detenido-en-becerril-de-la-sierra.html\">la Delegaci\u00f3n del Gobierno de Madrid ha informado por la ma\u00f1ana de que el dispositivo policial ser\u00e1 may\u00fasculo,<\/a> tanto como lo fue en su d\u00eda el dispositivo organizado para la Cumbre de la OTAN en 2022. Hay alrededor de 1.500 agentes para tratar de blindar la carrera de Alalpardo a Madrid. <\/p>\n<p>M\u00e1s informaci\u00f3n<\/p>\n<p class=\"\">Convocados por diferentes asociaciones propalestinas, se prev\u00e9n numerosas concentraciones. De hecho, ya ha habido movilizaciones convocadas en Alalpardo, Algete, San Sebasti\u00e1n de los Reyes y Alcobendas, todos ellos en el margen de la ruta por la que inicialmente iba a pasar el pelot\u00f3n antes de la entrada en Madrid. En el interior de la capital, sobre las 16.00, bastante antes de la llegada de los corredores, centenares de personas han coreado \u201c\u00a1No es una guerra, es un genocidio!\u201d, mientras la polic\u00eda revisaba los palos de las banderas para verificar que no se portaba en su interior objetos peligrosos. \u201cFuera, fuera, fuera\u201d, han sido los gritos en el paseo del Prado, mientras en las inmediaciones de la plaza del Museo Reina Sof\u00eda ha habido una sentada en apoyo a Palestina. En la Cuesta de Moyano, a escasos metros de la estaci\u00f3n de Atocha, centenares de personas han ocupado este espacio portando banderas palestinas y kufiyas \u2014el pa\u00f1uelo palestino de cuadros\u2014 y algunos mu\u00f1ecos envueltos en s\u00e1banas manchadas de pintura roja, simulando ser beb\u00e9s ensangrentados. En julio ya hab\u00edan muerto a manos del Ej\u00e9rcito israel\u00ed m\u00e1s de 18.000 ni\u00f1os en la Gaza, seg\u00fan los datos del Ministerio de Salud de la Franja. Es un tercio de los 64.000 palestinos fallecidos hasta esa fecha, informa <b>\u00c1lvaro S\u00e1nchez.<\/b><\/p>\n<p>Mikel Landa, el m\u00e1s combativo en la Bola del Mundo. No obtuvo premio el corredor de Soudal Quick-Step en su participaci\u00f3n en una Vuelta en la que lleg\u00f3 muy justo tras su lesi\u00f3n en el Giro, pero su esp\u00edritu de lucha se vio recompensado en el dia de ayer subiendo al podium.<\/p>\n<p>A pesar de no lograr el triunfo en LaVuelta 2025, Joao Almeida puede presumir tanto de haber conseguido su primer triunfo de etapa en gran vuelta como de haber obtenido su mejor puesto en una clasificaci\u00f3n general de este tipo, superando su 3\u00aa posici\u00f3n del Giro de Italia 2023.<\/p>\n<p>Thomas Pidcock (Q36) se subir\u00e1 al podio. Si en un acto heroico de Jai Hindley no lo evita, el brit\u00e1nico concluir\u00e1 su aventura en LaVuelta ocupando el tercer lugar de la general, algo hist\u00f3rico tanto para \u00e9l como para su equipo, Q36.5, de segunda categor\u00eda UCI e invitado en esta gran vuelta.<\/p>\n<p>Contin\u00faa el paseo sin cambios de ritmo, con cada equipo secundando su propio homenaje en LaVuelta. No promete que se vaya a abrir la veda a la competici\u00f3n pura hasta introducirnos en Madrid.<\/p>\n<p>Rodando a un ritmo muy bajo en este arranque, donde apenas alcanzamos los 20km\/h. Se suceden al frente los equipos para las fotos de rigor en un plano totalmente recto de carretera. Ahora, turno de los Visma.<\/p>\n<p>Jay Vine ha encadenado 16 jornadas consecutivas vistiendo el maillot de l\u00edder de la clasificaci\u00f3n de monta\u00f1a, superando la mejor racha reciente en La Vuelta, lograda por Luis \u00c1ngel Mat\u00e9 en 2018.<\/p>\n<p>\u00a1\u00a1Arranca la 21\u00aa etapa de la Vuelta a Espa\u00f1a 2025!! Y primero kil\u00f3metros de paseos donde comienza la ronda de fotos de los ciclistas. En primer lugar, foto de daneses, dos de ellos venciendo en una clasificaci\u00f3n, con Jonas Vingegaard (TVL) el rojo y Mads Pedersen (LTK) el verde.<\/p>\n<p>Neutralizada en marcha. Desde Alalpardo, ya est\u00e1n rodando los ciclistas por este primer tramo que se prolongar\u00e1 durante los primeros 0,8 kil\u00f3metros. Como es habitual, los due\u00f1os del maillot al frente.<\/p>\n<p>Al frente del rojo estar\u00e1 Jonas Vingegaard (TVL), el verde ser\u00e1 para Mads Pedersen (LTK), lunares para Jay Vine (UAD) y blanco, por primera vez a lo largo de las 21 etapas que conforman esta Vuelta a Espa\u00f1a, el americano Matthew Riccitello.<\/p>\n<p>La salida neutralizada est\u00e1 prevista que tenga lugar a las 16:40h en Alalpardo, enmarcada en la comarca de la Campi\u00f1a del Henares, en una zona de transici\u00f3n entre los p\u00e1ramos y vegas del r\u00edo Jarama. Despu\u00e9s de cuatro minutos de rodaje, la marcha oficial est\u00e1 estipulada que ocurra sobre las 16:44h.<\/p>\n<p>El circuito arrancar\u00e1 en el momento del primer paso por meta, a los 59&#8217;5 kil\u00f3metros de recorrido, y se disputar\u00e1 el sprint intermedio al segundo paso por la misma para terminar de definir la batalla por el verde.<\/p>\n<p>Para hoy, se cierra esta Vuelta 25 con una \u00faltima etapa llana que nace en Alalpardo y concluye en pleno coraz\u00f3n de Madrid, tras un circuito por la capital en el que se dar\u00e1n nueve vueltas antes del \u00faltimo paso por la bandera a cuadros.<\/p>\n<p>Joao Almeida intent\u00f3 estar a la altura y lo prob\u00f3 con la t\u00e1ctica del desgaste, pero el luso no lleg\u00f3 a descomponer en el ascenso al l\u00edder del Visma, quien tuvo fuerzas para aguantar los envites y realizar un cambio de ritmo demoledor para sentar la carrera y la edici\u00f3n de 2025.<\/p>\n<p>La batalla de ayer, en los \u00faltimos kil\u00f3metros hacia la Bola del Mundo, fue el colof\u00f3n de una guerra entre UEA Team Emirates y Visma Lease a Bike, con estos \u00faltimos alz\u00e1ndose ganadores de la mano de un Jonas Vingegaard que, esta vez s\u00ed, se mostr\u00f3 superior, atacando a falta de 1&#8217;5 para meta para pasar en cabeza y constatar su tercera victoria en una gran vuelta y su primera Vuelta.<\/p>\n<p>\u00a1Buenos d\u00edas y bienvenidos a la 21\u00aa etapa de LaVuelta a Espa\u00f1a 2025! Punto y final a esta edici\u00f3n de la gran vuelta por el territorio nacional marcada, entre otras cosas, por las protestas que han acompa\u00f1ado a los ciclistas desde Tur\u00edn hasta Madrid.<\/p>\n","protected":false},"excerpt":{"rendered":"Despu\u00e9s de que Vingegaard diera un golpe de autoridad en la ascensi\u00f3n de la Bola del Mundo, triunfo&hellip;\n","protected":false},"author":2,"featured_media":114701,"comment_status":"","ping_status":"","sticky":false,"template":"","format":"standard","meta":{"footnotes":""},"categories":[8],"tags":[17,18,313,2838,1540,168,25,24,13,14,11,19,20,205,9,10,15,16,23,12,21,22,325,7603],"class_list":{"0":"post-114700","1":"post","2":"type-post","3":"status-publish","4":"format-standard","5":"has-post-thumbnail","7":"category-espana","8":"tag-breaking-news","9":"tag-breakingnews","10":"tag-ciclismo","11":"tag-ciclistas","12":"tag-competiciones","13":"tag-deportes","14":"tag-es","15":"tag-espana","16":"tag-featured-news","17":"tag-featurednews","18":"tag-headlines","19":"tag-latest-news","20":"tag-latestnews","21":"tag-madrid","22":"tag-news","23":"tag-noticias","24":"tag-noticias-destacadas","25":"tag-noticiasdestacadas","26":"tag-spain","27":"tag-titulares","28":"tag-ultimas-noticias","29":"tag-ultimasnoticias","30":"tag-vingegaard","31":"tag-vuelta-espana"},"share_on_mastodon":{"url":"","error":""},"_links":{"self":[{"href":"https:\/\/www.europesays.com\/es\/wp-json\/wp\/v2\/posts\/114700","targetHints":{"allow":["GET"]}}],"collection":[{"href":"https:\/\/www.europesays.com\/es\/wp-json\/wp\/v2\/posts"}],"about":[{"href":"https:\/\/www.europesays.com\/es\/wp-json\/wp\/v2\/types\/post"}],"author":[{"embeddable":true,"href":"https:\/\/www.europesays.com\/es\/wp-json\/wp\/v2\/users\/2"}],"replies":[{"embeddable":true,"href":"https:\/\/www.europesays.com\/es\/wp-json\/wp\/v2\/comments?post=114700"}],"version-history":[{"count":0,"href":"https:\/\/www.europesays.com\/es\/wp-json\/wp\/v2\/posts\/114700\/revisions"}],"wp:featuredmedia":[{"embeddable":true,"href":"https:\/\/www.europesays.com\/es\/wp-json\/wp\/v2\/media\/114701"}],"wp:attachment":[{"href":"https:\/\/www.europesays.com\/es\/wp-json\/wp\/v2\/media?parent=114700"}],"wp:term":[{"taxonomy":"category","embeddable":true,"href":"https:\/\/www.europesays.com\/es\/wp-json\/wp\/v2\/categories?post=114700"},{"taxonomy":"post_tag","embeddable":true,"href":"https:\/\/www.europesays.com\/es\/wp-json\/wp\/v2\/tags?post=114700"}],"curies":[{"name":"wp","href":"https:\/\/api.w.org\/{rel}","templated":true}]}}