{"id":114710,"date":"2025-09-14T16:05:08","date_gmt":"2025-09-14T16:05:08","guid":{"rendered":"https:\/\/www.europesays.com\/es\/114710\/"},"modified":"2025-09-14T16:05:08","modified_gmt":"2025-09-14T16:05:08","slug":"la-vuelta-a-espana-cambia-el-recorrido-de-su-ultima-etapa-por-las-protestas-propalestinas","status":"publish","type":"post","link":"https:\/\/www.europesays.com\/es\/114710\/","title":{"rendered":"La Vuelta a Espa\u00f1a cambia el recorrido de su \u00faltima etapa por las protestas propalestinas"},"content":{"rendered":"<p class=\"article-text\">\n        Los comentaristas de Radio Televisi\u00f3n Espa\u00f1ola han informado de modificaciones de \u00faltima hora en el recorrido de la \u00faltima etapa de La Vuelta ciclista a Espa\u00f1a que finalmente no atravesar\u00e1 el centro de la localidad madrile\u00f1a de San Sebasti\u00e1n de los Reyes o de Alcobendas por seguridad ante la presencia de numerosos manifestantes propalestinos.\n    <\/p>\n<p class=\"article-text\">\n        La etapa final de la edici\u00f3n de 2025 de La Vuelta a Espa\u00f1a, que coronar\u00e1 al ciclista dan\u00e9s Jonas Vingegaard como campe\u00f3n a su llegada a Madrid, est\u00e1 transcurriendo por el momento con normalidad para los deportistas aunque con modificaciones en el recorrido original. La etapa original, de 111,6 kil\u00f3metros, ya fue recortada este s\u00e1bado <a href=\"https:\/\/www.eldiario.es\/sociedad\/vuelta-recorta-5-kilometros-ultima-etapa-domingo-madrid_1_12600460.html\" target=\"_blank\" data-mrf-recirculation=\"links-noticia\" class=\"link\" rel=\"nofollow noopener\">en 5 kil\u00f3metros<\/a>\u00a0para evitar su paso por la A-6 y la localidad de Aravaca, aunque por motivos de tr\u00e1fico.\n    <\/p>\n<p>    <a href=\"https:\/\/www.eldiario.es\/madrid\/somos\/blindaje-policial-madrid-vuelta-cruce-ultima-linea-meta-pese-protestas-israel_1_12601473.html\" data-mrf-recirculation=\"saber-mas-abajo\" data-dl-event=\"saber-mas-abajo\" rel=\"nofollow noopener\" target=\"_blank\"><\/p>\n<p class=\"know-more__title\">Blindaje policial en Madrid para intentar que La Vuelta cruce su \u00faltima l\u00ednea de meta pese a las protestas contra Israel<\/p>\n<p>            <img decoding=\"async\" class=\"lazy\" loading=\"lazy\" data-src=\"https:\/\/static.eldiario.es\/clip\/a4d594dc-ab72-41e3-b214-e6e9a42893b2_16-9-aspect-ratio_default_0.jpg\" src=\"data:image\/svg+xml,%3Csvg xmlns=\" http:=\"\" viewbox=\"0 0 880 495\" alt=\"Blindaje policial en Madrid para intentar que La Vuelta cruce su \u00faltima l\u00ednea de meta pese a las protestas contra Israel\"\/><\/p>\n<p>                        <\/a><\/p>\n<p class=\"article-text\">\n        Este domingo, debido a las protestas propalestinas en el centro de San Sebasti\u00e1n de los Reyes, la direcci\u00f3n de carrera ha decidido modificar el recorrido para evitar las v\u00edas principales de esta localidad madrile\u00f1a as\u00ed como de la Avenida Salvador Allende de Alcobendas. Por el momento, el resto del recorrido se mantiene inalterado.\n    <\/p>\n","protected":false},"excerpt":{"rendered":"Los comentaristas de Radio Televisi\u00f3n Espa\u00f1ola han informado de modificaciones de \u00faltima hora en el recorrido de la&hellip;\n","protected":false},"author":2,"featured_media":114711,"comment_status":"","ping_status":"","sticky":false,"template":"","format":"standard","meta":{"footnotes":""},"categories":[273],"tags":[1838,313,312,168,5089,25,24,12041,4690,1786,3051,2228,11678,23,167,1357],"class_list":{"0":"post-114710","1":"post","2":"type-post","3":"status-publish","4":"format-standard","5":"has-post-thumbnail","7":"category-ciclismo","8":"tag-cambia","9":"tag-ciclismo","10":"tag-cycling","11":"tag-deportes","12":"tag-entrada","13":"tag-es","14":"tag-espana","15":"tag-evita","16":"tag-peloton","17":"tag-recorrido","18":"tag-reyes","19":"tag-san","20":"tag-sebastian","21":"tag-spain","22":"tag-sports","23":"tag-vuelta"},"share_on_mastodon":{"url":"","error":""},"_links":{"self":[{"href":"https:\/\/www.europesays.com\/es\/wp-json\/wp\/v2\/posts\/114710","targetHints":{"allow":["GET"]}}],"collection":[{"href":"https:\/\/www.europesays.com\/es\/wp-json\/wp\/v2\/posts"}],"about":[{"href":"https:\/\/www.europesays.com\/es\/wp-json\/wp\/v2\/types\/post"}],"author":[{"embeddable":true,"href":"https:\/\/www.europesays.com\/es\/wp-json\/wp\/v2\/users\/2"}],"replies":[{"embeddable":true,"href":"https:\/\/www.europesays.com\/es\/wp-json\/wp\/v2\/comments?post=114710"}],"version-history":[{"count":0,"href":"https:\/\/www.europesays.com\/es\/wp-json\/wp\/v2\/posts\/114710\/revisions"}],"wp:featuredmedia":[{"embeddable":true,"href":"https:\/\/www.europesays.com\/es\/wp-json\/wp\/v2\/media\/114711"}],"wp:attachment":[{"href":"https:\/\/www.europesays.com\/es\/wp-json\/wp\/v2\/media?parent=114710"}],"wp:term":[{"taxonomy":"category","embeddable":true,"href":"https:\/\/www.europesays.com\/es\/wp-json\/wp\/v2\/categories?post=114710"},{"taxonomy":"post_tag","embeddable":true,"href":"https:\/\/www.europesays.com\/es\/wp-json\/wp\/v2\/tags?post=114710"}],"curies":[{"name":"wp","href":"https:\/\/api.w.org\/{rel}","templated":true}]}}