{"id":114720,"date":"2025-09-14T16:12:18","date_gmt":"2025-09-14T16:12:18","guid":{"rendered":"https:\/\/www.europesays.com\/es\/114720\/"},"modified":"2025-09-14T16:12:18","modified_gmt":"2025-09-14T16:12:18","slug":"de-la-lectura-intima-a-la-recomendacion-en-redes","status":"publish","type":"post","link":"https:\/\/www.europesays.com\/es\/114720\/","title":{"rendered":"de la lectura \u00edntima a la recomendaci\u00f3n en redes"},"content":{"rendered":"<p>El primer paso es com\u00fan: un amor inconmensurable por los libros. Para la gran mayor\u00eda de la poblaci\u00f3n aquel estad\u00edo es suficiente. \u00bfQu\u00e9 m\u00e1s que la lectura \u00edntima? Hay un segundo escal\u00f3n, que adem\u00e1s de com\u00fan es colectivo: la recomendaci\u00f3n. A lo largo de la historia fue oral y despu\u00e9s papel. Con la aparici\u00f3n de la televisi\u00f3n, se volc\u00f3 a un peque\u00f1o reducto. Pero, con la gran revoluci\u00f3n tecnol\u00f3gica, el consejo se enmarc\u00f3 peque\u00f1as pantallas: los celulares. Este pr\u00f3logo podr\u00eda resumir c\u00f3mo aparecieron los \u201cbooksgramers\u201d o los \u201cbookstokers\u201d: aquellas personas que recomiendan libros frente a c\u00e1mara y lo suben a redes sociales, tanto en Instagram, TikTok o hasta YouTube. Sin embargo, no ser\u00eda m\u00e1s que eso: un apartado superficial. Por eso y a trav\u00e9s de un relevamiento que hizo EL DIA, cuatro \u201cbookgramers\u201d contaron por qu\u00e9 recomiendan libros, c\u00f3mo comenz\u00f3, objetivos y, lo m\u00e1s importante, que lugar ocupa la literatura en sus vidas.<\/p>\n<p>\u00a0<\/p>\n<p><strong>CAROLINA SOTUYO<br \/><a href=\"https:\/\/www.instagram.com\/labibliotecadecaro_\/\" target=\"_blank\" class=\"hiperlink\" rel=\"nofollow noopener\">@labiblibotecadecaro_<\/a><\/strong><\/p>\n<p>\u201cLa literatura es mi vida entera\u201d, fue lo primero que dijo Carolina en di\u00e1logo con este diario. Adem\u00e1s de la lectura diaria, de estudiar Letras y a trav\u00e9s de <strong><a href=\"https:\/\/www.instagram.com\/labibliotecadecaro_\/\" target=\"_blank\" class=\"hiperlink\" rel=\"nofollow noopener\">@labibliotecadecaro_<\/a><\/strong>\u00a0en Instragram, Carolina recomienda libros.<\/p>\n<p>\u201cSoy fiel creyente de que, si a\u00fan no te gusta leer, es porque no encontraste el libro para vos. S\u00f3lo es cuesti\u00f3n de probar distintos g\u00e9neros y autores\u201d expres\u00f3 Carolina y cont\u00f3 por qu\u00e9 naci \u00f3 su vocaci\u00f3n por recomendar: \u201cIncentivar la lectura. La idea de que sea en redes sociales es para combinar dos mundos que parecen tan distintos, como la literatura y la tecnolog\u00eda\u201d.<\/p>\n<p>Las publicaciones de Carolina son sobre libros que ley\u00f3 o que est\u00e1n en proceso de lectura. Tambi\u00e9n, suma obras que conoce por su carrera, Letras.<\/p>\n<p>Sobre mirar a la c\u00e1mara, advirti\u00f3: \u201cPara quienes no leen todos los d\u00edas o tienen verg\u00fcenza: se puede hablar de lecturas anteriores o sacar fotos a libros sin necesidad de mostrarse\u201d.<\/p>\n<p>Adem\u00e1s de incentivar la lectura, naci\u00f3 otro objetivo: ayudar autores independientes.<\/p>\n<p>En fin, concluy\u00f3: \u201cMe encanta que la gente y mis seguidores me digan \u2018le\u00ed tal libro por vos\u2019 o \u2018me encantar\u00eda que me prestaras ese libro\u2019\u201d.<\/p>\n<p><img decoding=\"async\" height=\"auto\" src=\"https:\/\/www.europesays.com\/es\/wp-content\/uploads\/2025\/09\/1757850935821.jpg\" width=\"100%\"\/><\/p>\n<p class=\"textual_firma\">Carolina Sotuyo<br \/><strong><a href=\"https:\/\/www.instagram.com\/labibliotecadecaro_\/\" target=\"_blank\" class=\"hiperlink\" rel=\"nofollow noopener\">@labibliotecadecaro_<\/a><\/strong><\/p>\n<p>\u00a0<\/p>\n<p><strong>BRISA PERALTA L\u00d3PEZ<br \/><a href=\"https:\/\/www.instagram.com\/booksbypiscis\" target=\"_blank\" class=\"hiperlink\" rel=\"nofollow noopener\">@booksbypiscis<\/a><\/strong><\/p>\n<p>Un hito podr\u00eda ser la inmersi\u00f3n en la lectura, a los 7 a\u00f1os. Un segundo evento hist\u00f3rico, exactamente hace 10 a\u00f1os, la apertura de su cuenta de Instagram. Desde entonces, Brisa Peralta L\u00f3pez \u2013 o <strong><a href=\"https:\/\/www.instagram.com\/booksbypiscis\" target=\"_blank\" class=\"hiperlink\" rel=\"nofollow noopener\">@booksbypiscis<\/a><\/strong>&#8211; se enamor\u00f3 de la literatura y decidi\u00f3 compartirlo. \u201cAl principio no funcion\u00f3\u201d confes\u00f3 Brisa a EL DIA. \u201cMi idea principal cuando arranqu\u00e9 a los 13 a\u00f1os era recomendar libros por Instagram pero termin\u00e9 subiendo memes literarios\u201d, explic\u00f3. Brisa espero tres a\u00f1os y volvi\u00f3 en pandemia: \u201cMi intenci\u00f3n era conocer gente fuera de mi c\u00edrculo y llegar a otras personas con la idea principal de hablar de libros\u201d.<\/p>\n<p>Hoy, Brisa recomienda libros en redes sociales y asegur\u00f3 que \u201cla literatura ocupa por completo mi vida\u201d. Y, ante la pregunta por qu\u00e9, dijo: \u201cPor amor a la literatura, es algo que me apasiona y me hace feliz. Es mi escape a la realidad\u201d. Brisa sue\u00f1a con que una editorial \u201cgrande\u201d le mande sus libros y ella, rese\u00f1arlos. Sin embargo, advirti\u00f3: \u201cDependo de m\u00ed y de mis pautas\u201d. \u00bfObjetivos y expectativas? \u201cDar visibilidad a autores nacionales y editoriales independientes\u201d expres\u00f3. Pero ojo: \u201cSi quiero leer autores y editoriales extranjeros, lo hago. A mi contenido no lo hago tanto en base al p\u00fablico, sino a lo que a m\u00ed me gusta\u201d.<\/p>\n<p><img decoding=\"async\" height=\"auto\" src=\"https:\/\/www.europesays.com\/es\/wp-content\/uploads\/2025\/09\/1757830785931.jpg\" width=\"100%\"\/><\/p>\n<p class=\"textual_firma\">Brisa Peralta L\u00f3pez<br \/><strong><a href=\"https:\/\/www.instagram.com\/booksbypiscis\" target=\"_blank\" class=\"hiperlink\" rel=\"nofollow noopener\">@booksbypiscis<\/a><\/strong><\/p>\n<p>\u00a0<\/p>\n<p><strong>DANIELA DE SOUSA D\u00cdAS<br \/><a href=\"https:\/\/www.instagram.com\/daniyloslibros\" target=\"_blank\" class=\"hiperlink\" rel=\"nofollow noopener\">@daniyloslibros<\/a><\/strong><\/p>\n<p>El inicio fue casi una necesidad. Daniela De Sousa D\u00edas sent\u00eda que lo que le generaba un libro deb\u00eda salir: no pod\u00eda quedarse en ella. \u201cSi un libro me genera algo necesito recomendarlo y quiero que otros lo experimenten\u201d, cont\u00f3 en di\u00e1logo con EL DIA. En su c\u00edrculo cercano, sin embargo, hab\u00eda pocos lectores. Entonces busc\u00f3 un espacio m\u00e1s amplio: \u201cTom\u00e9 la decisi\u00f3n de meterme de lleno en el \u00e1mbito de lectores, para poder conectarme con otros, escuchar opiniones, conocer autores\u201d, insisti\u00f3.<\/p>\n<p>La literatura ocupa un lugar que Daniela reconoci\u00f3 como fundacional en su vida: \u201cNo tengo recuerdos de mi vida sin un libro cerca. Mi mam\u00e1 es lectora, as\u00ed que crec\u00ed vi\u00e9ndola leer\u201d. Recuerda las noches de infancia, cuando se reun\u00eda con su madre y su hermano para escuchar un cuento antes de dormir. Ese ritual, repetido durante a\u00f1os, se volvi\u00f3 un refugio y una certeza: siempre habr\u00eda historias cerca.<\/p>\n<p>Hoy, ese v\u00ednculo se despliega en las redes sociales. En marzo abri\u00f3 su perfil de TikTok dedicado a la lectura y un mes despu\u00e9s inaugur\u00f3 la cuenta de Instagram. Combina rese\u00f1as, recomendaciones, librer\u00edas y eventos. \u201cSon un medio masivo que me permite llegar a lectores y autores de todo el mundo. Quiz\u00e1, a trav\u00e9s de mis publicaciones, puedo hacer llegar a otros pa\u00edses autores argentinos que no tienen alcance mundial\u201d, advirti\u00f3.<\/p>\n<p>El aprendizaje en redes fue r\u00e1pido y constante: \u201cTodav\u00eda estoy tratando de entender qu\u00e9 videos mira m\u00e1s la gente o qu\u00e9 publicaciones tienen m\u00e1s llegada. Si bien no me molesta que mi contenido tenga menos vistas, si quiero fomentar la lectura y autores necesito que sea visto para cumplir esa meta\u201d. Entre ajustes de edici\u00f3n y pruebas de formatos, su objetivo no se desdibuja: \u201cTengo claro que mi objetivo es compartir y recomendar lo que leo y lo que me gusta\u201d.<\/p>\n<p>M\u00e1s all\u00e1 del alcance, Daniela encuentra en este espacio una forma de colaborar con editoriales y escritores. \u201cYa he conocido autores que me han enviado sus obras para que las leyera y rese\u00f1ara. Algunos son nuevos, otros a\u00fan no tienen tanta llegada, y eso es lo que me gusta justamente: ser parte del mundo enorme que es la literatura\u201d.<\/p>\n<p>El plan, por ahora, no pasa por profesionalizarse ni convertirlo en un trabajo. \u201cMi objetivo principal es compartir y fomentar la lectura. Es un pasatiempo, y por ahora sigue siendo as\u00ed. Quiz\u00e1 m\u00e1s adelante cambie mi perspectiva, pero hoy se trata de difundir mi amor por la literatura desde mi humilde lugar\u201d, cerr\u00f3.<\/p>\n<p><img decoding=\"async\" height=\"auto\" src=\"https:\/\/www.europesays.com\/es\/wp-content\/uploads\/2025\/09\/1757850797590.jpg\" width=\"100%\"\/><\/p>\n<p class=\"textual_firma\">Daniela De Sousa D\u00edas<br \/><strong><a href=\"https:\/\/www.instagram.com\/daniyloslibros\" target=\"_blank\" class=\"hiperlink\" rel=\"nofollow noopener\">@daniyloslibros<\/a><\/strong><\/p>\n<p>\u00a0<\/p>\n<p><strong>AGUSTINA JALO<br \/><a href=\"https:\/\/www.instagram.com\/agusbooksworld\" target=\"_blank\" class=\"hiperlink\" rel=\"nofollow noopener\">@agusbooksworld<\/a><\/strong><\/p>\n<p>Todo comenz\u00f3 en la cuarentena, en una b\u00fasqueda por mostrar libros que quiz\u00e1s no ten\u00edan tanta visibilidad en la comunidad. De a poco, eso que inici\u00f3 como un pasatiempo se convirti\u00f3 en mucho m\u00e1s: \u201cHoy en d\u00eda lo es todo. No s\u00f3lo mi forma de escape sino tambi\u00e9n una forma de ingreso a nivel laboral\u201d, cont\u00f3 Agustina Jalo en di\u00e1logo con EL DIA.<\/p>\n<p>Es com\u00fan el trabajo conjunto dentro del espectro literario. As\u00ed es c\u00f3mo Agustina vende accesorios de dise\u00f1o para lectores y tambi\u00e9n cre\u00f3 un club de lectura.<\/p>\n<p>Agustina recomienda a trav\u00e9s de Instagram especialmente \u201cpor lo est\u00e9tico\u201d, donde combina su formaci\u00f3n profesional -la fotograf\u00eda y el dise\u00f1o en comunicaci\u00f3n- con la pasi\u00f3n. No obstante, no subestima TikTok: \u201cEs la que m\u00e1s me gust\u00f3 por lo inmediato. Es en el que tengo m\u00e1s seguidores\u201d, analiz\u00f3.<\/p>\n<p>Como todo proceso, Agustina gan\u00f3 experiencia: \u201cAl principio, lo que recomendaba era en base a lo primero que se ven\u00eda a la mente. Hoy, ya edito con programas y lo preparo casi un mes antes\u201d.<\/p>\n<p>\u00bfExpectativas? Compartir espacios literarios: \u201cNo hay nada m\u00e1s lindo que lean, que pidan mi opini\u00f3n o incluso que se de un debate de experiencias\u201d.<\/p>\n<p><img decoding=\"async\" height=\"auto\" src=\"https:\/\/www.europesays.com\/es\/wp-content\/uploads\/2025\/09\/1757830786739.jpg\" width=\"100%\"\/><\/p>\n<p class=\"textual_firma\">Agustina Jalo<br \/><strong><a href=\"https:\/\/www.instagram.com\/agusbooksworld\" target=\"_blank\" class=\"hiperlink\" rel=\"nofollow noopener\">@agusbooksworld<\/a><\/strong><\/p>\n<p>\u00a0<\/p>\n<p>      <script async src=\"\/\/www.instagram.com\/embed.js\"><\/script><\/p>\n","protected":false},"excerpt":{"rendered":"El primer paso es com\u00fan: un amor inconmensurable por los libros. Para la gran mayor\u00eda de la poblaci\u00f3n&hellip;\n","protected":false},"author":2,"featured_media":114721,"comment_status":"","ping_status":"","sticky":false,"template":"","format":"standard","meta":{"footnotes":""},"categories":[172],"tags":[224,38673,38674,146,147,25,24,225,23],"class_list":{"0":"post-114720","1":"post","2":"type-post","3":"status-publish","4":"format-standard","5":"has-post-thumbnail","7":"category-libros","8":"tag-books","9":"tag-booksgrammers","10":"tag-booktockers","11":"tag-entertainment","12":"tag-entretenimiento","13":"tag-es","14":"tag-espana","15":"tag-libros","16":"tag-spain"},"share_on_mastodon":{"url":"","error":""},"_links":{"self":[{"href":"https:\/\/www.europesays.com\/es\/wp-json\/wp\/v2\/posts\/114720","targetHints":{"allow":["GET"]}}],"collection":[{"href":"https:\/\/www.europesays.com\/es\/wp-json\/wp\/v2\/posts"}],"about":[{"href":"https:\/\/www.europesays.com\/es\/wp-json\/wp\/v2\/types\/post"}],"author":[{"embeddable":true,"href":"https:\/\/www.europesays.com\/es\/wp-json\/wp\/v2\/users\/2"}],"replies":[{"embeddable":true,"href":"https:\/\/www.europesays.com\/es\/wp-json\/wp\/v2\/comments?post=114720"}],"version-history":[{"count":0,"href":"https:\/\/www.europesays.com\/es\/wp-json\/wp\/v2\/posts\/114720\/revisions"}],"wp:featuredmedia":[{"embeddable":true,"href":"https:\/\/www.europesays.com\/es\/wp-json\/wp\/v2\/media\/114721"}],"wp:attachment":[{"href":"https:\/\/www.europesays.com\/es\/wp-json\/wp\/v2\/media?parent=114720"}],"wp:term":[{"taxonomy":"category","embeddable":true,"href":"https:\/\/www.europesays.com\/es\/wp-json\/wp\/v2\/categories?post=114720"},{"taxonomy":"post_tag","embeddable":true,"href":"https:\/\/www.europesays.com\/es\/wp-json\/wp\/v2\/tags?post=114720"}],"curies":[{"name":"wp","href":"https:\/\/api.w.org\/{rel}","templated":true}]}}