{"id":114724,"date":"2025-09-14T16:15:07","date_gmt":"2025-09-14T16:15:07","guid":{"rendered":"https:\/\/www.europesays.com\/es\/114724\/"},"modified":"2025-09-14T16:15:07","modified_gmt":"2025-09-14T16:15:07","slug":"en-2005-una-frase-de-darth-vader-a-luke-skywalker-en-el-retorno-del-jedi-cobro-muchisimo-mas-sentido","status":"publish","type":"post","link":"https:\/\/www.europesays.com\/es\/114724\/","title":{"rendered":"En 2005, una frase de Darth Vader a Luke Skywalker en El Retorno del Jedi cobr\u00f3 much\u00edsimo m\u00e1s sentido"},"content":{"rendered":"<p>Es 1983 y te encuentras en la sala de cine alucinando con <strong>El Retorno del Jedi<\/strong>, la tercera entrega de <strong>Star Wars<\/strong> hasta el momento, y que nos mostraba c\u00f3mo Luke Skywalker se hab\u00eda convertido en todo un Jedi. Tanto es as\u00ed que pelea directamente contra su padre y consigue derrotarle en la Estrella de la Muerte.<\/p>\n<p>Durante la lucha con Darth Vader, el Lord Oscuro reconoce las habilidades de su hijo con una frase simple, pues proclama que \u00ab<strong>Obi-Wan te ense\u00f1\u00f3 muy bien<\/strong>\u00ab. Una peque\u00f1a confesi\u00f3n que no tiene mayor trascendencia para la trama, pero que cobr\u00f3 un significado totalmente distinto 22 a\u00f1os m\u00e1s tarde con el estreno de <strong>La Venganza de los Sith<\/strong>.<\/p>\n<p>    <a href=\"https:\/\/www.vidaextra.com\/literatura\/hay-novela-gamberra-que-me-he-leido-este-ano-esa-diablos-joe-abercrombie\" class=\"pivot-outboundlink\" data-vars-post-title=\"Si hay una novela gamberra entre las que me he le\u00eddo este a\u00f1o, esa es Los Diablos, de Joe Abercrombie\" rel=\"nofollow noopener\" target=\"_blank\"><br \/>\n     <img loading=\"lazy\" decoding=\"async\" alt=\"Si hay una novela gamberra entre las que me he le\u00eddo este a\u00f1o, esa es Los Diablos, de Joe Abercrombie\" width=\"375\" height=\"142\" src=\"https:\/\/i.blogs.es\/c032c7\/diablos\/375_142.webp\" onerror=\"this.src=\" https:=\"\"\/><br \/>\n    <\/a><\/p>\n<p>Como bien recordamos todos, Obi-Wan consigue derrotar a Anakin en Mustafar aprovechando que la altura le daba ventaja en el terreno. Un fallo garrafal de Vader, pues se dej\u00f3 llevar por su arrogancia intentando saltar por encima de su antiguo maestro para derrotarle. Si volvemos la mirada hacia <strong>El Retorno del Jedi<\/strong>, comprobaremos que la mano derecha del Emperador pronunci\u00f3 aquella frase justo cuando Luke se situaba por encima de \u00e9l.<\/p>\n<p>Si nos fijamos a lo largo del combate, Luke siempre intenta quedar por encima de Vader, y repite la misma jugada poco despu\u00e9s en cuanto su padre vuelve a acercarse a \u00e9l. De esta forma, se puede presuponer que Obi-Wan advirti\u00f3 a Luke sobre c\u00f3mo derrot\u00f3 a Vader y que intentase repetir el mismo movimiento. Sin embargo, el cyborg lanza su sable l\u00e1ser para cuando Luke se ha elevado casi hasta el techo de la Estrella de la Muerte, demostrando que hab\u00eda aprendido la lecci\u00f3n.<\/p>\n<p>Est\u00e1 claro que George Lucas no hab\u00eda pensado en una conexi\u00f3n tan profunda para una frase aislada en el Episodio VI, pero para cuando rod\u00f3 el cierre de las precuelas, todo adquiri\u00f3 un significado mayor. Adem\u00e1s, en una <a rel=\"noopener, noreferrer nofollow\" href=\"https:\/\/archive.is\/tM3li#selection-1807.1-1824.0\" target=\"_blank\">entrevista en 1978<\/a>, el director demostr\u00f3 una gran previsi\u00f3n de cara a la trama ya que \u00abVader mata al padre de Luke, luego Ben y Vader tienen un enfrentamiento, al igual que en Star Wars, y Ben casi mata a Vader. De hecho,<strong> cae en un pozo volc\u00e1nico y queda calcinado<\/strong>, es un ser completamente destruido. Por eso tiene que llevar el traje con la m\u00e1scara, porque es una m\u00e1scara para respirar\u00bb.<\/p>\n<p>En VidaExtra |\u00a0<a class=\"text-outboundlink\" href=\"https:\/\/www.vidaextra.com\/cine\/estos-eran-nombres-originales-secretos-que-se-rodaron-peliculas-star-wars\" data-vars-post-title=\"\u00bfEpisodio II: Jar-Jar&#039;s Great Adventure? Estos eran los nombres reales (y secretos) con los que se rodaron las pel\u00edculas de Star Wars\" data-vars-post-url=\"https:\/\/www.vidaextra.com\/cine\/estos-eran-nombres-originales-secretos-que-se-rodaron-peliculas-star-wars\" rel=\"nofollow noopener\" target=\"_blank\">\u00bfEpisodio II: Jar-Jar&#8217;s Great Adventure? Estos eran los nombres reales (y secretos) con los que se rodaron las pel\u00edculas de Star Wars<\/a><\/p>\n<p>En VidaExtra |\u00a0<a class=\"text-outboundlink\" href=\"https:\/\/www.vidaextra.com\/accion\/esta-mision-star-wars-outlaws-me-ha-recordado-a-uncharted-se-ha-convertido-mis-partes-favoritas-toda-aventura\" data-vars-post-title=\"Esta misi\u00f3n de Star Wars: Outlaws me ha recordado a Uncharted y se ha convertido en una de mis partes favoritas de toda la aventura\" data-vars-post-url=\"https:\/\/www.vidaextra.com\/accion\/esta-mision-star-wars-outlaws-me-ha-recordado-a-uncharted-se-ha-convertido-mis-partes-favoritas-toda-aventura\" rel=\"nofollow noopener\" target=\"_blank\">Esta misi\u00f3n de Star Wars: Outlaws me ha recordado a Uncharted y se ha convertido en una de mis partes favoritas de toda la aventura<\/a><\/p>\n","protected":false},"excerpt":{"rendered":"Es 1983 y te encuentras en la sala de cine alucinando con El Retorno del Jedi, la tercera&hellip;\n","protected":false},"author":2,"featured_media":114725,"comment_status":"","ping_status":"","sticky":false,"template":"","format":"standard","meta":{"footnotes":""},"categories":[169],"tags":[177,146,147,25,24,176,175,23],"class_list":{"0":"post-114724","1":"post","2":"type-post","3":"status-publish","4":"format-standard","5":"has-post-thumbnail","7":"category-cine","8":"tag-cine","9":"tag-entertainment","10":"tag-entretenimiento","11":"tag-es","12":"tag-espana","13":"tag-film","14":"tag-movies","15":"tag-spain"},"share_on_mastodon":{"url":"","error":""},"_links":{"self":[{"href":"https:\/\/www.europesays.com\/es\/wp-json\/wp\/v2\/posts\/114724","targetHints":{"allow":["GET"]}}],"collection":[{"href":"https:\/\/www.europesays.com\/es\/wp-json\/wp\/v2\/posts"}],"about":[{"href":"https:\/\/www.europesays.com\/es\/wp-json\/wp\/v2\/types\/post"}],"author":[{"embeddable":true,"href":"https:\/\/www.europesays.com\/es\/wp-json\/wp\/v2\/users\/2"}],"replies":[{"embeddable":true,"href":"https:\/\/www.europesays.com\/es\/wp-json\/wp\/v2\/comments?post=114724"}],"version-history":[{"count":0,"href":"https:\/\/www.europesays.com\/es\/wp-json\/wp\/v2\/posts\/114724\/revisions"}],"wp:featuredmedia":[{"embeddable":true,"href":"https:\/\/www.europesays.com\/es\/wp-json\/wp\/v2\/media\/114725"}],"wp:attachment":[{"href":"https:\/\/www.europesays.com\/es\/wp-json\/wp\/v2\/media?parent=114724"}],"wp:term":[{"taxonomy":"category","embeddable":true,"href":"https:\/\/www.europesays.com\/es\/wp-json\/wp\/v2\/categories?post=114724"},{"taxonomy":"post_tag","embeddable":true,"href":"https:\/\/www.europesays.com\/es\/wp-json\/wp\/v2\/tags?post=114724"}],"curies":[{"name":"wp","href":"https:\/\/api.w.org\/{rel}","templated":true}]}}