{"id":114730,"date":"2025-09-14T16:18:09","date_gmt":"2025-09-14T16:18:09","guid":{"rendered":"https:\/\/www.europesays.com\/es\/114730\/"},"modified":"2025-09-14T16:18:09","modified_gmt":"2025-09-14T16:18:09","slug":"nerea-rodriguez-se-niega-a-hablar-de-su-supuesto-affaire-con-miguel-angel-silvestre","status":"publish","type":"post","link":"https:\/\/www.europesays.com\/es\/114730\/","title":{"rendered":"Nerea Rodr\u00edguez se niega a hablar de su supuesto \u00abaffaire\u00bb con Miguel \u00c1ngel Silvestre"},"content":{"rendered":"<p data-journey-content=\"true\" data-node-id=\"3\" class=\"css-i9p093 emevuu60\">Nerea Rodr\u00edguez, concursante de la edici\u00f3n de 2017 de <a href=\"https:\/\/www.diezminutos.es\/operacion-triunfo\/\" target=\"_blank\" data-vars-ga-outbound-link=\"https:\/\/www.diezminutos.es\/operacion-triunfo\/\" data-vars-ga-ux-element=\"Hyperlink\" data-vars-ga-call-to-action=\"&#039;Operaci\u00f3n Triunfo&#039; \" data-node-id=\"3.1\" class=\"body-link css-177bzfx emevuu60\" rel=\"nofollow noopener\">&#8216;Operaci\u00f3n Triunfo&#8217; <\/a>se ha convertido en una de las mujeres m\u00e1s buscadas de esta semana. Y no es para menos, seg\u00fan desvelaban Laura Fa y Lorena V\u00e1zquez en su podcast &#8216;Las Mamarazzis&#8217;, la cantante y actriz <strong data-node-id=\"3.3\">podr\u00eda haber tenido una \u00abaffaire\u00bb con el actor Miguel \u00c1ngel Silvestre <\/strong>tras haber sido vistos muy juntos en Ibiza. Seg\u00fan desvelaban las periodistas<strong data-node-id=\"3.5\"> los actores podr\u00edan haber vivido una noche de pasi\u00f3n. <\/strong><\/p>\n<p data-journey-content=\"true\" data-node-id=\"6\" class=\"css-i9p093 emevuu60\">A pesar de que &#8216;Bailando con las estrellas&#8217; es un &#8216;talent show&#8217;, Jes\u00fas V\u00e1zquez no ha perdido la oportunidad de saber si era verdad o no lo que hab\u00edan contado Laura Fa y Lorena V\u00e1zquez en su podcast.  \u00abE<strong data-node-id=\"6.1\">st\u00e1 toda Espa\u00f1a pendiente de una noticia y t\u00fa est\u00e1s hoy aqu\u00ed<\/strong>, te lo vamos a tener que preguntar pero como esto es un programa de baile, conc\u00e9ntrate en el baile, olv\u00eddate de todo y de todo el jaleo que hay fuera y<strong data-node-id=\"6.3\"> cuando acabes de bailar hablamos de Ibiza<\/strong>\u00ab, le soltaba Jes\u00fas ante una at\u00f3nita Nerea Rodr\u00edguez. <\/p>\n<p data-journey-content=\"true\" data-node-id=\"8\" class=\"css-i9p093 emevuu60\">\u00abVale\u00bb, le dec\u00eda ella esbozando una sonrisa.  \u00abYo te envidio querida, te lo digo as\u00ed te envidio\u00bb, comentaba por su parte Valeria Mazza. Y es que, Miguel \u00c1ngel Silvestre se ha convertido en uno de los solteros m\u00e1s cotizados tras su ruptura con la creadora de &#8216;Superchulo&#8217;, Rebeca Toribio. <\/p>\n<p data-journey-content=\"true\" data-node-id=\"12\" class=\"css-i9p093 emevuu60\">Tras la actuaci\u00f3n de Nerea Rodr\u00edguez junto a su pareja Gen\u00eds Betrian que dejaba encantado al jurado por su correcta ejecuci\u00f3n y haber resuelto tan bien haber perdido la corona, sin darle importancia y haber seguido con su baile. <\/p>\n<p data-journey-content=\"true\" data-node-id=\"14\" class=\"css-i9p093 emevuu60\">Tras la valoraci\u00f3n del jurado, Jes\u00fas V\u00e1zquez volv\u00eda a insistir sobre el tema que ha copado un sinf\u00edn de titulares esta semana y por el que Nerea se ha convertido en la mujer m\u00e1s buscada.  <\/p>\n<p><img draggable=\"true\" alt=\"nerea\" title=\"nerea rodriguez\" loading=\"lazy\" width=\"2500\" height=\"1729\" decoding=\"async\" data-nimg=\"1\" style=\"color:transparent;width:100%;height:auto;\"   src=\"https:\/\/www.europesays.com\/es\/wp-content\/uploads\/2025\/09\/nerea-rodriguez-68c6b387be8f3.jpg\" class=\"css-0 e1g79fud0\"\/><\/p>\n<p>Telecinco.es<\/p>\n<p data-journey-content=\"true\" data-node-id=\"17\" class=\"css-i9p093 emevuu60\"><strong data-node-id=\"17.0\">\u00abTenemos que hablar de Ibiza\u00bb<\/strong>, le recordaba el presentador. A lo que Nerea contestaba de la siguiente manera:  \u00abYo te cuento, <strong data-node-id=\"17.2\">yo a este programa he venido a bailar y a trabajar y como dicen a hablar de mi libro, a hablar de mi arte y de mi baile\u00bb<\/strong>, lanzando un monumental zasca al presentador. <\/p>\n<p data-journey-content=\"true\" data-node-id=\"19\" class=\"css-i9p093 emevuu60\">\u00abVale me parece muy bien, pero t\u00fa sabes que en todos los programas desde hace unos d\u00edas solo se habla de Nerea y de Miguel \u00c1ngel Silvestre\u00bb, insist\u00eda Jes\u00fas V\u00e1zquez. <strong data-node-id=\"19.1\">\u00ab\u00a1Qu\u00e9 suerte que se hable de m\u00ed, eso significa que soy importante!\u00bb,<\/strong> reaccionaba con iron\u00eda la joven. <\/p>\n<p data-journey-content=\"true\" data-node-id=\"21\" class=\"css-i9p093 emevuu60\">\u00abHasta en las otras cadenas en la competencia hoy estaban hablando de ti, y he dicho qu\u00e9 suerte que nos est\u00e1n haciendo publicidad\u00bb, continuaba Jes\u00fas en un intento fallido de sacar alguna informaci\u00f3n. <\/p>\n<p data-journey-content=\"true\" data-node-id=\"23\" class=\"css-i9p093 emevuu60\"> \u00abA m\u00ed me encanta que le hagan publicidad al programa porque<strong data-node-id=\"23.1\"> as\u00ed la gente nos ver\u00e1 m\u00e1s, me parece maravilloso\u00bb<\/strong>, comentaba Nerea. \u00abPero no me vas a decir nada\u00bb, replicaba Jes\u00fas. \u00ab\u00bfYo qu\u00e9 te voy a decir? Que aqu\u00ed estoy encantada\u00bb, zanjaba la cantante. A lo que Jes\u00fas V\u00e1zquez le respond\u00eda que era algo que le ten\u00eda que preguntar. <\/p>\n<p><img src=\"https:\/\/www.europesays.com\/es\/wp-content\/uploads\/2025\/09\/1757866689_455_4104b2dc-9d92-4a2f-a41f-327dc6377620_1734436473.jpg\" alt=\"Headshot of Valentina Vera\" title=\"Headshot of Valentina Vera\" width=\"100%\" height=\"100%\" decoding=\"async\" loading=\"lazy\" class=\"css-o0wq4v ev8dhu53\"\/><\/p>\n<p>Valentina Vera es una periodista experta en cr\u00f3nica rosa, realidad, &#8216;reality&#8217;, moda y belleza. Siempre al d\u00eda de las \u00faltimas novedades de los famosos nacionales e internacionales y de las casas reales europeas. Su trabajo como redactora le permite ser testigo de las bodas de los personajes m\u00e1s relevantes del panorama social; de alfombras rojas; de funerales de Estado o de acontecimientos hist\u00f3ricos: como la proclamaci\u00f3n de Felipe VI como Rey o la coronaci\u00f3n de Carlos III de Inglaterra.<br \/>\nLicenciada en Periodismo por la Universidad Complutense de Madrid. Comenz\u00f3 su andadura en el mundo del coraz\u00f3n en el a\u00f1o 2013 en la revista \u00a1Hola! Y desde 2014 forma parte del grupo Hearst, donde ha ido adquiriendo experiencia tanto en la edici\u00f3n impresa como en el formato web de la revista Diez Minutos.<br \/>\nEl medio digital le apasiona por la inmediatez en la que sus lectores pueden ser testigos de lo que sucede en la vida de los famosos desde cualquier parte del mundo. Instagram, Twitter y TikTok se han convertido en una herramienta m\u00e1s de informaci\u00f3n a la hora de crear, gestionar y organizar el contenido, ya que le permiten conocer la \u00faltima hora de lo que sucede en la vida de los famosos.<br \/>\nEn constante formaci\u00f3n de estrategias y t\u00e9cnicas de optimizaci\u00f3n digital para su trabajo como redactora, en la actualidad tambi\u00e9n se encuentra estudiando Diet\u00e9tica. Llevar un estilo de vida saludable es algo que le apasiona y cree que la nutrici\u00f3n es una parte fundamental.<\/p>\n","protected":false},"excerpt":{"rendered":"Nerea Rodr\u00edguez, concursante de la edici\u00f3n de 2017 de &#8216;Operaci\u00f3n Triunfo&#8217; se ha convertido en una de las&hellip;\n","protected":false},"author":2,"featured_media":114731,"comment_status":"","ping_status":"","sticky":false,"template":"","format":"standard","meta":{"footnotes":""},"categories":[91],"tags":[253,146,147,25,24,23],"class_list":{"0":"post-114730","1":"post","2":"type-post","3":"status-publish","4":"format-standard","5":"has-post-thumbnail","7":"category-entretenimiento","8":"tag-discover","9":"tag-entertainment","10":"tag-entretenimiento","11":"tag-es","12":"tag-espana","13":"tag-spain"},"share_on_mastodon":{"url":"","error":""},"_links":{"self":[{"href":"https:\/\/www.europesays.com\/es\/wp-json\/wp\/v2\/posts\/114730","targetHints":{"allow":["GET"]}}],"collection":[{"href":"https:\/\/www.europesays.com\/es\/wp-json\/wp\/v2\/posts"}],"about":[{"href":"https:\/\/www.europesays.com\/es\/wp-json\/wp\/v2\/types\/post"}],"author":[{"embeddable":true,"href":"https:\/\/www.europesays.com\/es\/wp-json\/wp\/v2\/users\/2"}],"replies":[{"embeddable":true,"href":"https:\/\/www.europesays.com\/es\/wp-json\/wp\/v2\/comments?post=114730"}],"version-history":[{"count":0,"href":"https:\/\/www.europesays.com\/es\/wp-json\/wp\/v2\/posts\/114730\/revisions"}],"wp:featuredmedia":[{"embeddable":true,"href":"https:\/\/www.europesays.com\/es\/wp-json\/wp\/v2\/media\/114731"}],"wp:attachment":[{"href":"https:\/\/www.europesays.com\/es\/wp-json\/wp\/v2\/media?parent=114730"}],"wp:term":[{"taxonomy":"category","embeddable":true,"href":"https:\/\/www.europesays.com\/es\/wp-json\/wp\/v2\/categories?post=114730"},{"taxonomy":"post_tag","embeddable":true,"href":"https:\/\/www.europesays.com\/es\/wp-json\/wp\/v2\/tags?post=114730"}],"curies":[{"name":"wp","href":"https:\/\/api.w.org\/{rel}","templated":true}]}}