{"id":114743,"date":"2025-09-14T16:25:08","date_gmt":"2025-09-14T16:25:08","guid":{"rendered":"https:\/\/www.europesays.com\/es\/114743\/"},"modified":"2025-09-14T16:25:08","modified_gmt":"2025-09-14T16:25:08","slug":"el-desafio-entre-escolar-y-rehuelga-al-detalle","status":"publish","type":"post","link":"https:\/\/www.europesays.com\/es\/114743\/","title":{"rendered":"El desaf\u00edo entre Escolar y Rehuelga, al detalle"},"content":{"rendered":"<p>\t\t\t\t<img width=\"1280\" height=\"960\" src=\"https:\/\/www.europesays.com\/es\/wp-content\/uploads\/2025\/09\/IMG-20250914-WA0027.jpg\" class=\"attachment-post-thumbnail size-post-thumbnail wp-post-image lazy\" alt=\"\" decoding=\"async\" fetchpriority=\"high\"  data-\/><\/p>\n<p>domingo 14 de septiembre de 2025<\/p>\n<p>Se lidian toros de Jos\u00e9 Escolar y Rehuelga para Sebasti\u00e1n Ritter, que sustituye a Dami\u00e1n Casta\u00f1o, Juan de Castilla y Miguel Andrades, que confirma alternativa<\/p>\n","protected":false},"excerpt":{"rendered":"domingo 14 de septiembre de 2025 Se lidian toros de Jos\u00e9 Escolar y Rehuelga para Sebasti\u00e1n Ritter, que&hellip;\n","protected":false},"author":2,"featured_media":114744,"comment_status":"","ping_status":"","sticky":false,"template":"","format":"standard","meta":{"footnotes":""},"categories":[277],"tags":[45,373,168,25,24,38676,31183,205,38677,31149,38678,23,167,374],"class_list":{"0":"post-114743","1":"post","2":"type-post","3":"status-publish","4":"format-standard","5":"has-post-thumbnail","7":"category-toreo","8":"tag-45","9":"tag-bullfighting","10":"tag-deportes","11":"tag-es","12":"tag-espana","13":"tag-jose-escolar","14":"tag-juan-de-castilla","15":"tag-madrid","16":"tag-miguel-andrades","17":"tag-rehuelga","18":"tag-sebastian-ritter","19":"tag-spain","20":"tag-sports","21":"tag-toreo"},"share_on_mastodon":{"url":"","error":""},"_links":{"self":[{"href":"https:\/\/www.europesays.com\/es\/wp-json\/wp\/v2\/posts\/114743","targetHints":{"allow":["GET"]}}],"collection":[{"href":"https:\/\/www.europesays.com\/es\/wp-json\/wp\/v2\/posts"}],"about":[{"href":"https:\/\/www.europesays.com\/es\/wp-json\/wp\/v2\/types\/post"}],"author":[{"embeddable":true,"href":"https:\/\/www.europesays.com\/es\/wp-json\/wp\/v2\/users\/2"}],"replies":[{"embeddable":true,"href":"https:\/\/www.europesays.com\/es\/wp-json\/wp\/v2\/comments?post=114743"}],"version-history":[{"count":0,"href":"https:\/\/www.europesays.com\/es\/wp-json\/wp\/v2\/posts\/114743\/revisions"}],"wp:featuredmedia":[{"embeddable":true,"href":"https:\/\/www.europesays.com\/es\/wp-json\/wp\/v2\/media\/114744"}],"wp:attachment":[{"href":"https:\/\/www.europesays.com\/es\/wp-json\/wp\/v2\/media?parent=114743"}],"wp:term":[{"taxonomy":"category","embeddable":true,"href":"https:\/\/www.europesays.com\/es\/wp-json\/wp\/v2\/categories?post=114743"},{"taxonomy":"post_tag","embeddable":true,"href":"https:\/\/www.europesays.com\/es\/wp-json\/wp\/v2\/tags?post=114743"}],"curies":[{"name":"wp","href":"https:\/\/api.w.org\/{rel}","templated":true}]}}