{"id":114749,"date":"2025-09-14T16:30:21","date_gmt":"2025-09-14T16:30:21","guid":{"rendered":"https:\/\/www.europesays.com\/es\/114749\/"},"modified":"2025-09-14T16:30:21","modified_gmt":"2025-09-14T16:30:21","slug":"verstappen-tambien-vuela-fuera-de-la-f1-obtuvo-la-licencia-gt3-en-nordschleife-ole","status":"publish","type":"post","link":"https:\/\/www.europesays.com\/es\/114749\/","title":{"rendered":"Verstappen tambi\u00e9n vuela fuera de la F1: obtuvo la licencia GT3 en Nordschleife :: Ol\u00e9"},"content":{"rendered":"<p>13\/09\/2025 16:21hs.<\/p>\n<p><strong>El vigente tetracampe\u00f3n de la F\u00f3rmula 1, Max Verstappen, mantiene su idilio con la velocidad: <\/strong>cada vez que se sube a un auto, vuela. Este s\u00e1bado <strong>obtuvo el DMSB Permit A, la licencia que habilita a los pilotos a competir con GT3 y otros veh\u00edculos en el N\u00fcrburgring Nordschleife.<\/strong> A una semana de volver a la M\u00e1xima en el GP de Azerbaiy\u00e1n, el holand\u00e9s no deja de brillar.<\/p>\n<p><strong>C\u00f3mo viene siendo el fin de semana de Verstappen en Nordschleife<\/strong><\/p>\n<p>El campe\u00f3n vigente de la F\u00f3rmula 1 se present\u00f3 el viernes en la regi\u00f3n alemana de Eifel para rendir un examen te\u00f3rico y as\u00ed poder participar este s\u00e1bado <strong>en la s\u00e9ptima fecha de la N\u00fcrburgring Langstrecken-Series (NLS).<\/strong><\/p>\n<p><img alt=\"El Porsche de Max Verstappen en plena acci\u00f3n en Nordschleife.\" loading=\"lazy\" width=\"720\" height=\"100\" decoding=\"async\" data-nimg=\"1\" style=\"color:transparent\" src=\"https:\/\/www.europesays.com\/es\/wp-content\/uploads\/2025\/09\/Cc7dNA0NW_720x0__1.jpg\"\/>El Porsche de Max Verstappen en plena acci\u00f3n en Nordschleife.<\/p>\n<p><strong>En la competencia larg\u00f3 junto a Chris Lulham, <\/strong>piloto de Verstappen.com Racing, a bordo de un Porsche 718 Cayman GT4 CS preparado por Lionspeed GP. <strong>Como era debutante en la categor\u00eda, el reglamento oblig\u00f3 a reducir la potencia de su auto.<\/strong><\/p>\n<p><strong>El objetivo de Verstappen era completar al menos 14 vueltas repartidas en dos autos<\/strong> (los n\u00fameros 89 y 980) durante la carrera de cuatro horas. Finalmente, solo pudo girar con el coche n\u00b0980, ya que el n\u00b089 sufri\u00f3 da\u00f1os en la clasificaci\u00f3n.<\/p>\n<p>De esa manera, no lleg\u00f3 a cumplir del todo con los requisitos para el DMSB Permit A,<strong> pero el comit\u00e9 DPN evalu\u00f3 su caso y le otorg\u00f3 la licencia igualmente\ufeff.<\/strong><\/p>\n<p><strong>\u00abEstoy contento de que todo haya salido bien y de haber obtenido el DMSB Permit Nordschleife<\/strong>. Me divert\u00ed, aunque eso siempre ocurre aqu\u00ed\u00bb, declar\u00f3 el neerland\u00e9s tras su estreno en el Infierno Verde.<\/p>\n<p>Verstappen destac\u00f3 la experiencia de rodar con tr\u00e1fico, autos m\u00e1s r\u00e1pidos y m\u00e1s lentos, e incluso bajo condiciones cambiantes: \u00abHubo una neutralizaci\u00f3n con code 60, bandera amarilla doble y bandera amarilla normal. <strong>Conduje en lluvia, en seco y tambi\u00e9n con pista intermedia. Pude probar d\u00f3nde hab\u00eda m\u00e1s o menos agarre e incluso hice una largada. Fue muy \u00fatil para sumar experiencia\u00bb.<\/strong><\/p>\n<p><img alt=\"Max Verstappen en plena acci\u00f3n en Nordschleife.&#10;(Thomas Frey\/dpa via AP)\" loading=\"lazy\" width=\"720\" height=\"100\" decoding=\"async\" data-nimg=\"1\" style=\"color:transparent\" src=\"https:\/\/www.europesays.com\/es\/wp-content\/uploads\/2025\/09\/bl2tuiAk9_720x0__1.jpg\"\/>Max Verstappen en plena acci\u00f3n en Nordschleife.<br \/>\n(Thomas Frey\/dpa via AP)<\/p>\n<p>Con la obtenci\u00f3n del Permit A, Verstappen ya no necesitar\u00e1 competir este domingo en la NLS8. Sin embargo, <strong>tendr\u00e1 v\u00eda libre para participar en dos semanas en la novena carrera de la serie, <\/strong>probablemente con un Ferrari 296 GT3 de Emil Frey Racing. Tambi\u00e9n qued\u00f3 habilitado para disputar las 24 Horas del N\u00fcrburgring, algo que lo ilusiona.<\/p>\n<p>\u00abSolo existe un circuito como el Nordschleife\u00bb, afirm\u00f3. <strong>\u00abEs un trazado muy desafiante: puede estar seco en un punto y h\u00famedo en otro, y el asfalto cambia seg\u00fan la zona.<\/strong> Eso hace dif\u00edcil unir todo, pero tambi\u00e9n lo vuelve especial. Poder correr una carrera de 24 horas aqu\u00ed con un GT3 ser\u00eda algo genial\u00bb.<\/p>\n<p><a href=\"https:\/\/www.ole.com.ar\/autos\/franco-colapinto-alpine-palabras-equipo-dar-maximo-vamos-pista-formula-1_0_20A7fkfnfP.html\" aria-label=\"Colapinto le dedic\u00f3 unas palabras al equipo de Alpine: &quot;Vamos a dar el m\u00e1ximo en la pista&quot; y &quot;llegar a donde queremos y merecemos&quot; \" class=\"sc-198398ff-0 dGmAry\" rel=\"nofollow noopener\" target=\"_blank\"><img alt=\"Colapinto le dedic\u00f3 unas palabras al equipo de Alpine: &quot;Vamos a dar el m\u00e1ximo en la pista&quot; y &quot;llegar a donde queremos y merecemos&quot; \" loading=\"lazy\" width=\"290\" height=\"290\" decoding=\"async\" data-nimg=\"1\" style=\"color:transparent\" src=\"https:\/\/www.europesays.com\/es\/wp-content\/uploads\/2025\/09\/OBIdNR6qK_290x290__1.jpg\"\/><\/p>\n<p>Mir\u00e1 tambi\u00e9nColapinto le dedic\u00f3 unas palabras al equipo de Alpine: \u00abVamos a dar el m\u00e1ximo en la pista\u00bb y \u00abllegar a donde queremos y merecemos\u00bb <\/p>\n<p><a href=\"https:\/\/www.ole.com.ar\/boca-juniors\/franco-colapinto-regalo-casco-bostero-boca-firma-martin-palermo-formula-1_0_1JjXW8i3Tw.html\" aria-label=\"El regalo bostero que le hicieron a Colapinto con la firma de \u00a1Palermo!\" class=\"sc-198398ff-0 dGmAry\" rel=\"nofollow noopener\" target=\"_blank\"><img alt=\"El regalo bostero que le hicieron a Colapinto con la firma de \u00a1Palermo!\" loading=\"lazy\" width=\"290\" height=\"290\" decoding=\"async\" data-nimg=\"1\" style=\"color:transparent\" src=\"https:\/\/www.europesays.com\/es\/wp-content\/uploads\/2025\/09\/FQ_Jx_PUO_290x290__1.jpg\"\/><\/p>\n<p>Mir\u00e1 tambi\u00e9nEl regalo bostero que le hicieron a Colapinto con la firma de \u00a1Palermo!<\/p>\n<p><a href=\"https:\/\/www.ole.com.ar\/autos\/informe-formula-1-f1-vuelta-regreso-argentina-declaraciones-galvez_0_NeunBu1q6D.html\" aria-label=\"Informe F\u00f3rmula 1 en Argentina: \u00bfqu\u00e9 se sabe hasta el momento de la posible vuelta?\" class=\"sc-198398ff-0 dGmAry\" rel=\"nofollow noopener\" target=\"_blank\"><img alt=\"Informe F\u00f3rmula 1 en Argentina: \u00bfqu\u00e9 se sabe hasta el momento de la posible vuelta?\" loading=\"lazy\" width=\"290\" height=\"290\" decoding=\"async\" data-nimg=\"1\" style=\"color:transparent\" src=\"https:\/\/www.europesays.com\/es\/wp-content\/uploads\/2025\/09\/U65TnhDDC_290x290__1.jpg\"\/><\/p>\n<p>Mir\u00e1 tambi\u00e9nInforme F\u00f3rmula 1 en Argentina: \u00bfqu\u00e9 se sabe hasta el momento de la posible vuelta?<\/p>\n","protected":false},"excerpt":{"rendered":"13\/09\/2025 16:21hs. El vigente tetracampe\u00f3n de la F\u00f3rmula 1, Max Verstappen, mantiene su idilio con la velocidad: cada&hellip;\n","protected":false},"author":2,"featured_media":114750,"comment_status":"","ping_status":"","sticky":false,"template":"","format":"standard","meta":{"footnotes":""},"categories":[270],"tags":[168,25,24,306,271,272,23,167,1788],"class_list":{"0":"post-114749","1":"post","2":"type-post","3":"status-publish","4":"format-standard","5":"has-post-thumbnail","7":"category-formula-1","8":"tag-deportes","9":"tag-es","10":"tag-espana","11":"tag-f1","12":"tag-formula-1","13":"tag-formula1","14":"tag-spain","15":"tag-sports","16":"tag-verstappen"},"share_on_mastodon":{"url":"","error":""},"_links":{"self":[{"href":"https:\/\/www.europesays.com\/es\/wp-json\/wp\/v2\/posts\/114749","targetHints":{"allow":["GET"]}}],"collection":[{"href":"https:\/\/www.europesays.com\/es\/wp-json\/wp\/v2\/posts"}],"about":[{"href":"https:\/\/www.europesays.com\/es\/wp-json\/wp\/v2\/types\/post"}],"author":[{"embeddable":true,"href":"https:\/\/www.europesays.com\/es\/wp-json\/wp\/v2\/users\/2"}],"replies":[{"embeddable":true,"href":"https:\/\/www.europesays.com\/es\/wp-json\/wp\/v2\/comments?post=114749"}],"version-history":[{"count":0,"href":"https:\/\/www.europesays.com\/es\/wp-json\/wp\/v2\/posts\/114749\/revisions"}],"wp:featuredmedia":[{"embeddable":true,"href":"https:\/\/www.europesays.com\/es\/wp-json\/wp\/v2\/media\/114750"}],"wp:attachment":[{"href":"https:\/\/www.europesays.com\/es\/wp-json\/wp\/v2\/media?parent=114749"}],"wp:term":[{"taxonomy":"category","embeddable":true,"href":"https:\/\/www.europesays.com\/es\/wp-json\/wp\/v2\/categories?post=114749"},{"taxonomy":"post_tag","embeddable":true,"href":"https:\/\/www.europesays.com\/es\/wp-json\/wp\/v2\/tags?post=114749"}],"curies":[{"name":"wp","href":"https:\/\/api.w.org\/{rel}","templated":true}]}}