{"id":114755,"date":"2025-09-14T16:33:07","date_gmt":"2025-09-14T16:33:07","guid":{"rendered":"https:\/\/www.europesays.com\/es\/114755\/"},"modified":"2025-09-14T16:33:07","modified_gmt":"2025-09-14T16:33:07","slug":"makoke-se-rompe-con-la-emotiva-carta-de-su-nuera-a-su-hijo","status":"publish","type":"post","link":"https:\/\/www.europesays.com\/es\/114755\/","title":{"rendered":"Makoke se rompe con la emotiva carta de su nuera a su hijo"},"content":{"rendered":"<p class=\"v-mdl-ath__p v-mdl-ath__p--6\">\nDomingo, 14 de septiembre 2025, 16:07<\/p>\n<p class=\"v-p\">Makoke anunci\u00f3 hace semanas que su boda, que iba a celebrarse este fin de semana, se retrasaba por el delicado estado de salud de un familiar muy cercano, sin dar m\u00e1s detalles al respecto. Ahora, se ha sabido que se trata de su nuera, Marina. Ha sido la joven quien lo ha desvelado al publicar en Instagram una emotiva carta dedicada a su pareja desde hace ocho a\u00f1os, Javier Tudela, con el que tiene dos hijos de corta edad, para agradecer c\u00f3mo se est\u00e1 comportando en estos momentos tan complicados.<\/p>\n<p class=\"v-p\">Makoke, en su papel de colaboradora de &#8216;Fiesta&#8217;, escuch\u00f3 este s\u00e1bado la lectura de la carta de su nuera, tras lo que no ha podido evitar romperse: \u00abSon una pareja que se quiere much\u00edsimo, est\u00e1n s\u00faper unidos, son s\u00faper fuertes los cuatro. Es una familia maravillosa y no se merecen esto, no se lo merece nadie, evidentemente no, pero como me toca en primera persona, pues me duele\u00bb.<\/p>\n<p class=\"v-p\">Afirm\u00f3 que su hijo &#8216;\u00abest\u00e1 fuerte, est\u00e1 fuerte. Y es que hay cosas que no han salido, momentos que son muy duros y que \u00e9l hace re\u00edr, yo no s\u00e9, o sea, alg\u00fan momento explotar\u00e1. Porque est\u00e1 teniendo una fuerza y todo el rato con una sonrisa y con los ni\u00f1os con todo. Nos est\u00e1 dando un ejemplo a todos incre\u00edble. Yo no sab\u00eda que mi hijo ten\u00eda esa fuerza\u00bb.<\/p>\n<p>Comenta<\/p>\n<p>Reporta un error<\/p>\n","protected":false},"excerpt":{"rendered":"Domingo, 14 de septiembre 2025, 16:07 Makoke anunci\u00f3 hace semanas que su boda, que iba a celebrarse este&hellip;\n","protected":false},"author":2,"featured_media":114756,"comment_status":"","ping_status":"","sticky":false,"template":"","format":"standard","meta":{"footnotes":""},"categories":[174],"tags":[2471,255,10187,146,147,25,24,256,30,15187,38243,105,23],"class_list":{"0":"post-114755","1":"post","2":"type-post","3":"status-publish","4":"format-standard","5":"has-post-thumbnail","7":"category-famosos","8":"tag-carta","9":"tag-celebrities","10":"tag-emotiva","11":"tag-entertainment","12":"tag-entretenimiento","13":"tag-es","14":"tag-espana","15":"tag-famosos","16":"tag-hijo","17":"tag-makoke","18":"tag-nuera","19":"tag-rompe","20":"tag-spain"},"share_on_mastodon":{"url":"","error":""},"_links":{"self":[{"href":"https:\/\/www.europesays.com\/es\/wp-json\/wp\/v2\/posts\/114755","targetHints":{"allow":["GET"]}}],"collection":[{"href":"https:\/\/www.europesays.com\/es\/wp-json\/wp\/v2\/posts"}],"about":[{"href":"https:\/\/www.europesays.com\/es\/wp-json\/wp\/v2\/types\/post"}],"author":[{"embeddable":true,"href":"https:\/\/www.europesays.com\/es\/wp-json\/wp\/v2\/users\/2"}],"replies":[{"embeddable":true,"href":"https:\/\/www.europesays.com\/es\/wp-json\/wp\/v2\/comments?post=114755"}],"version-history":[{"count":0,"href":"https:\/\/www.europesays.com\/es\/wp-json\/wp\/v2\/posts\/114755\/revisions"}],"wp:featuredmedia":[{"embeddable":true,"href":"https:\/\/www.europesays.com\/es\/wp-json\/wp\/v2\/media\/114756"}],"wp:attachment":[{"href":"https:\/\/www.europesays.com\/es\/wp-json\/wp\/v2\/media?parent=114755"}],"wp:term":[{"taxonomy":"category","embeddable":true,"href":"https:\/\/www.europesays.com\/es\/wp-json\/wp\/v2\/categories?post=114755"},{"taxonomy":"post_tag","embeddable":true,"href":"https:\/\/www.europesays.com\/es\/wp-json\/wp\/v2\/tags?post=114755"}],"curies":[{"name":"wp","href":"https:\/\/api.w.org\/{rel}","templated":true}]}}