{"id":114771,"date":"2025-09-14T16:44:08","date_gmt":"2025-09-14T16:44:08","guid":{"rendered":"https:\/\/www.europesays.com\/es\/114771\/"},"modified":"2025-09-14T16:44:08","modified_gmt":"2025-09-14T16:44:08","slug":"la-ultraderecha-condena-a-la-izquierda-en-madrid-por-el-asesinato-del-martir-charlie-kirk-espana","status":"publish","type":"post","link":"https:\/\/www.europesays.com\/es\/114771\/","title":{"rendered":"La ultraderecha \u2018condena\u2019 a la izquierda en Madrid por el asesinato del \u201cm\u00e1rtir\u201d Charlie Kirk | Espa\u00f1a"},"content":{"rendered":"<p class=\"\">La ultraderecha internacional ha convertido el multitudinario mitin celebrado este domingo en Madrid en un juicio sumar\u00edsimo contra la izquierda, a la que ha endosado colectivamente <a href=\"https:\/\/elpais.com\/internacional\/2025-09-14\/el-asesinato-de-charlie-kirk-coloca-a-estados-unidos-ante-el-espejo-de-su-fractura.html\" target=\"_self\" rel=\"nofollow noopener\" title=\"https:\/\/elpais.com\/internacional\/2025-09-14\/el-asesinato-de-charlie-kirk-coloca-a-estados-unidos-ante-el-espejo-de-su-fractura.html\">el asesinato de Charlie Kirk, el influencer trumpista asesinado el pasado mi\u00e9rcoles<\/a> de un disparo en el cuello en una universidad de Utah (Estados Unidos). El mitin final del evento, que bajo el lema \u201cComienza la Reconquista\u201d se ha desarrollado durante el fin de semana en el Palacio Vistalegre, ha comenzado con un emotivo v\u00eddeo del joven ultraconservador, seguido por la emisi\u00f3n por megafon\u00eda del tema La muerte no es el final. La elecci\u00f3n del himno oficial de las Fuerzas Armadas espa\u00f1olas para homenajear a sus ca\u00eddos en acto de servicio ya hac\u00eda presagiar el tono de un mitin que ha terminado con el l\u00edder de Vox, Santiago Abascal, exhibiendo ante el p\u00fablico una camiseta con la palabra \u201cFredoom\u201d (\u201cLibertad\u201d, en espa\u00f1ol), como la que Kirk llevaba cuando fue asesinado.<\/p>\n<p class=\"\">El acto, al que han asistido 8.500 personas \u2014el aforo es de m\u00e1s de 10.000 asientos, pero las gradas tras el escenario estaban inhabilitadas\u2014, ha quedado deslucido por la ausencia de los principales l\u00edderes de la ultraderecha global, como el presidente argentino Javier Milei, el primer ministro h\u00fangaro Viktor Orb\u00e1n o la francesa Marine Le Pen. El primero, que ha intervenido por videoconferencia, se ha excusado alegando que ha tenido que quedarse en Argentina para defender \u201ccon u\u00f1as y dientes\u201d su gesti\u00f3n, tras el revolc\u00f3n de su partido en las recientes elecciones parciales en Buenos Aires. Milei ha calificado a Kirk de \u201cm\u00e1rtir de la libertad\u201d y ha asegurado que su asesinato es \u201cuna prueba m\u00e1s de lo que es la izquierda en estado puro: odio y resentimiento\u201d. Seg\u00fan el mandatario argentino, cuando la izquierda tropieza con alguien que se le opone, hace todo lo posible por silenciarlo, \u201cya sea con campa\u00f1as para desacreditarlo o con un tiro en la cabeza como hicieron con Charlie [Kirk] o con Miguel Uribe en Colombia\u201d.<\/p>\n<p class=\"\">Aunque hasta ahora todo apunta a que el asesinato del activista ultraconservador fue una acci\u00f3n individual, Abascal ha asegurado desde la tribuna que no se trata de un \u201ccaso aislado\u201d, sino de \u201cla evidencia repetida de que la izquierda no renuncia a la violencia\u201d. \u201cAl rev\u00e9s: la promociona y la utiliza para eliminar a sus rivales pol\u00edticos\u201d, ha dicho. Tras citar los intentos de asesinato de Donald Trump y del primer ministro de Eslovaquia Robert Fico o los consumados del ecuatoriano Fernando Villavicencio y el colombiano Miguel Uribe, se ha remontado a hace m\u00e1s de un siglo para imputar a la \u201cizquierda criminal\u201d los magnicidios de Prim, C\u00e1novas, Canalejas y Dato; as\u00ed como las casi mil v\u00edctimas de ETA, entre las que hay dirigentes socialistas. \u201cSabemos muy bien qui\u00e9nes son\u201d, ha advertido. <\/p>\n<p class=\"\">El l\u00edder de Vox ha le\u00eddo parcialmente <a href=\"https:\/\/elpais.com\/opinion\/2025-09-14\/vox-sigue-ganando-terreno.html\" target=\"_self\" rel=\"nofollow noopener\" title=\"https:\/\/elpais.com\/opinion\/2025-09-14\/vox-sigue-ganando-terreno.html\">el editorial de EL PA\u00cdS de este domingo<\/a>, sin citarlo, en un intento por mezclar las cr\u00edticas a la l\u00ednea pol\u00edtica de su partido con el fomento del odio y la violencia. Tras arremeter contra quienes \u201cculpan a las v\u00edctimas y disculpan a los asesinos\u201d, ha sentenciado: \u201cNo nos matan por ser fascistas, nos llaman fascistas para matarnos\u201d. <\/p>\n<p class=\"\">M\u00e1s sorprendente ha sido que utilizara un mitin pol\u00edtico para cargar contra el portavoz y secretario de la Conferencia Episcopal, Francisco C\u00e9sar Garc\u00eda Mag\u00e1n, a quien ha comparado con don Opas, el obispo de Toledo que supuestamente habr\u00eda facilitado la invasi\u00f3n de la Hispania visigoda por los \u00e1rabes, y de quien ha dicho que \u201cinsulta a los patriotas, pero no se acuerda mucho de los cristianos asesinados por los islamistas en \u00c1frica\u201d. Las cr\u00edticas de la jerarqu\u00eda eclesi\u00e1stica parecen haberle molestado especialmente, ya que <a href=\"https:\/\/elpais.com\/espana\/2025-08-10\/abascal-ataca-a-los-obispos-por-jumilla-no-se-si-su-posicion-es-por-los-ingresos-publicos-que-reciben-o-por-los-casos-de-pederastia.html\" target=\"_self\" rel=\"nofollow noopener\" title=\"https:\/\/elpais.com\/espana\/2025-08-10\/abascal-ataca-a-los-obispos-por-jumilla-no-se-si-su-posicion-es-por-los-ingresos-publicos-que-reciben-o-por-los-casos-de-pederastia.html\">no es la primera vez que Abascal ataca en p\u00fablico al portavoz de los obispos, <\/a>quien critic\u00f3, como contraria a la libertad religiosa, la prohibici\u00f3n de que los musulmanes de Jumilla (Murcia) celebren sus festividades en el polideportivo municipal; y defendi\u00f3 el acuerdo con el Gobierno para mantener el culto en la bas\u00edlica de Cuelgamuros, pero despoj\u00e1ndola de su simbolog\u00eda franquista. <\/p>\n<p class=\"\">El l\u00edder de Vox ha asegurado que \u201cla libertad religiosa no ampara el fundamentalismo isl\u00e1mico\u201d; mientras Kevin Ronerts, presidente de la Heritage Foundation, un think tank pr\u00f3ximo a Trump, ha repetido el bulo de que el Gobierno espa\u00f1ol intenta \u201cderribar la cruz m\u00e1s grande del mundo\u201d, en alusi\u00f3n al valle de los Ca\u00eddos. <\/p>\n<p class=\"\">El discurso m\u00e1s islam\u00f3fobo lo ha lanzado Afroditi Latinopoulo, quien ha llamado a blindar las fronteras, realizar deportaciones masivas y clausurar mezquitas. \u201cEl Islam fuera de la Europa cristiana, \u00a1fuera!\u201d, ha clamado la dirigente de la ultraderecha griega, mientras el p\u00fablico coreaba: \u201cEuropa cristiana y no musulmana\u201d. Por su parte, el alcalde de Lima (Per\u00fa), Rafael L\u00f3pez Aliaga, ha demonizado textualmente a la izquierda, de la que ha dicho que \u201ces el mal\u201d y \u201cel azufre es su olor\u201d. <\/p>\n<p class=\"\">La nota discordante la ha puesto la primera ministra italiana, Giorgia Meloni, quien, en un mensaje grabado, ha asegurado que Europa debe seguir ayudando a Ucrania frente a un Putin que \u201cno parece interesado en la paz\u201d; y ha defendido la necesidad de que cesen los ataques a Gaza, se libere a los rehenes israel\u00edes y se reconozca el derecho de los palestinos a tener \u201cun Estado propio\u201d. Por el contrario, Orb\u00e1n, que tambi\u00e9n ha remitido un breve v\u00eddeo, ha acusado a Bruselas de arrastrar a los europeos a una guerra, en alusi\u00f3n al apoyo de la Comisi\u00f3n Europea a Kiev. Meloni ha sido la \u00fanica europea que ha intervenido en el acto sin pertenecer a los Patriotas, el grupo del primer ministro h\u00fangaro, del que le separa la sinton\u00eda de este \u00faltimo con Putin.<\/p>\n<p class=\"\">Por su parte, el portugu\u00e9s Andr\u00e9 Ventura, presidente de Chega!, la segunda fuerza pol\u00edtica lusa, cuya asistencia no se confirm\u00f3 hasta \u00faltima hora, ha enardecido al auditorio cuando ha gritado; \u201c\u00a1S\u00e1nchez a la c\u00e1rcel, seguro, seguro, seguro!\u201d; mientras el p\u00fablico le respond\u00eda: \u201c\u00a1Pedro S\u00e1nchez hijo de puta!\u201d. Cuando le han gritado lo mismo a Abascal, \u00e9ste se ha disculpado por no sumarse al coro. Y ha apostillado: \u201cLa canci\u00f3n del verano ten\u00eda que haber sido \u2018\u00a1Pedro S\u00e1nchez, chulo de putas!\u201d.<\/p>\n<p class=\"\">Ventura ha concluido su discurso agradeciendo a su anfitri\u00f3n \u201clo que [los espa\u00f1oles] han hecho en Murcia. Me da un orgullo enorme como europeo\u201d, ha a\u00f1adido. \u201cGracias, gracias y gracias, Santiago. Son enormes, son grandes, son fuertes\u201d, ha concluido. No ha aclarado si su cr\u00edptico agradecimiento se refer\u00eda a la \u201ccacer\u00eda\u201d de musulmanes organizada por grupos neonazis en la localidad de Torre-Pacheco tras la agresi\u00f3n sufrida por un vecino, de la que inform\u00f3 ampliamente la prensa portuguesa. <\/p>\n<p class=\"\">En esta ocasi\u00f3n, a diferencia del a\u00f1o pasado, no ha participado en el evento ning\u00fan ministro israel\u00ed, pero Abascal no ha querido eludir el genocidio de Gaza. Tras acusar al \u201ccalifato de Bruselas\u201d, como ha llamado a la Comisi\u00f3n Europea, de estar cerca de los Hermanos Musulmanes y no condenar el \u201cgenocidio de los cristianos en \u00c1frica\u201d, ha justificado el exterminio de la poblaci\u00f3n palestina por parte de Israel. \u201cSi alg\u00fan d\u00eda alguno fantasea con recuperar Al Andalus y se atreviera a asaltar nuestro territorio y a matar a miles de compatriotas y a secuestrar a cientos de ellos, quiero que sep\u00e1is que yo pretendo que Espa\u00f1a no se detenga ante nada ni ante nadie para conseguir la liberaci\u00f3n de los cautivos\u201d, ha dicho.<\/p>\n<p class=\"\">A la hora de repartir cr\u00edticas, ha metido en el mismo saco al Partido Socialista y al PP. \u201cLuego lloran porque les llamamos derechita cobarde o estafadora\u201d, ha a\u00f1adido refiri\u00e9ndose a los populares. \u201cSi todav\u00eda somos incluso buenos, porque han traicionado todo sin excepci\u00f3n. No hay ninguna pol\u00edtica socialista que hayan revertido. \u00bfPor qu\u00e9? Porque hace muchos a\u00f1os que son lo mismo y, cuanto antes aceptemos eso, antes llegar\u00e1 a Espa\u00f1a una alternativa\u201d, ha concluido, dirigi\u00e9ndose a los votantes de derechas.<\/p>\n","protected":false},"excerpt":{"rendered":"La ultraderecha internacional ha convertido el multitudinario mitin celebrado este domingo en Madrid en un juicio sumar\u00edsimo contra&hellip;\n","protected":false},"author":2,"featured_media":114772,"comment_status":"","ping_status":"","sticky":false,"template":"","format":"standard","meta":{"footnotes":""},"categories":[42],"tags":[38683,17,18,37536,24,2287,13,14,11,61,62,63,64,4245,19,20,9,10,15,16,6914,12,21,22,13020,624,65,66,67],"class_list":{"0":"post-114771","1":"post","2":"type-post","3":"status-publish","4":"format-standard","5":"has-post-thumbnail","7":"category-internacional","8":"tag-andre-ventura","9":"tag-breaking-news","10":"tag-breakingnews","11":"tag-charlie-kirk","12":"tag-espana","13":"tag-extrema-derecha","14":"tag-featured-news","15":"tag-featurednews","16":"tag-headlines","17":"tag-internacional","18":"tag-international","19":"tag-international-news","20":"tag-internationalnews","21":"tag-javier-milei","22":"tag-latest-news","23":"tag-latestnews","24":"tag-news","25":"tag-noticias","26":"tag-noticias-destacadas","27":"tag-noticiasdestacadas","28":"tag-santiago-abascal","29":"tag-titulares","30":"tag-ultimas-noticias","31":"tag-ultimasnoticias","32":"tag-viktor-orban","33":"tag-vox","34":"tag-world","35":"tag-world-news","36":"tag-worldnews"},"share_on_mastodon":{"url":"","error":""},"_links":{"self":[{"href":"https:\/\/www.europesays.com\/es\/wp-json\/wp\/v2\/posts\/114771","targetHints":{"allow":["GET"]}}],"collection":[{"href":"https:\/\/www.europesays.com\/es\/wp-json\/wp\/v2\/posts"}],"about":[{"href":"https:\/\/www.europesays.com\/es\/wp-json\/wp\/v2\/types\/post"}],"author":[{"embeddable":true,"href":"https:\/\/www.europesays.com\/es\/wp-json\/wp\/v2\/users\/2"}],"replies":[{"embeddable":true,"href":"https:\/\/www.europesays.com\/es\/wp-json\/wp\/v2\/comments?post=114771"}],"version-history":[{"count":0,"href":"https:\/\/www.europesays.com\/es\/wp-json\/wp\/v2\/posts\/114771\/revisions"}],"wp:featuredmedia":[{"embeddable":true,"href":"https:\/\/www.europesays.com\/es\/wp-json\/wp\/v2\/media\/114772"}],"wp:attachment":[{"href":"https:\/\/www.europesays.com\/es\/wp-json\/wp\/v2\/media?parent=114771"}],"wp:term":[{"taxonomy":"category","embeddable":true,"href":"https:\/\/www.europesays.com\/es\/wp-json\/wp\/v2\/categories?post=114771"},{"taxonomy":"post_tag","embeddable":true,"href":"https:\/\/www.europesays.com\/es\/wp-json\/wp\/v2\/tags?post=114771"}],"curies":[{"name":"wp","href":"https:\/\/api.w.org\/{rel}","templated":true}]}}