{"id":114779,"date":"2025-09-14T16:51:11","date_gmt":"2025-09-14T16:51:11","guid":{"rendered":"https:\/\/www.europesays.com\/es\/114779\/"},"modified":"2025-09-14T16:51:11","modified_gmt":"2025-09-14T16:51:11","slug":"el-tremendo-enfado-de-ferrer-con-el-juez-de-silla-por-la-actitud-de-rune-te-hablo-en-espanol","status":"publish","type":"post","link":"https:\/\/www.europesays.com\/es\/114779\/","title":{"rendered":"El tremendo enfado de Ferrer con el juez de silla por la actitud de Rune: \u00abTe hablo en espa\u00f1ol\u00bb"},"content":{"rendered":"\n<ul class=\"bodyList bodyList--unordered\">\n<li class=\"bodyList__item\"><a href=\"https:\/\/www.elconfidencial.com\/deportes\/tenis\/2025-09-13\/stefanos-tsitsipas-drama-lesiones-juego-numero-uno-bloqueo_4207448\/\" target=\"_self\" rel=\"nofollow noopener\">\u00abSufro estr\u00e9s y ansiedad\u00bb: Tsitsipas, el drama del tenista que se bloque\u00f3 cuando rozaba el \u00e9xito<\/a><\/li>\n<li class=\"bodyList__item\"><a href=\"https:\/\/www.elconfidencial.com\/deportes\/tenis\/2025-09-11\/rafa-nadal-carlos-alcaraz-halago-carrera-titulos_4206972\/\" target=\"_self\" rel=\"nofollow noopener\">El halago de Rafa Nadal a Alcaraz: \u00abSu carrera va encaminada a que sea algo \u00fanico en la historia\u00bb<\/a><\/li>\n<\/ul>\n<p> <strong>Espa\u00f1a <\/strong>disputaba este fin de semana la eliminatoria previa a las finales de la <strong>Copa Davis 2025 <\/strong>ante Dinamarca. Lo hac\u00eda<strong> sin<a href=\"https:\/\/www.elconfidencial.com\/deportes\/tenis\/2025-09-09\/carlos-alcaraz-us-open-exitos-triunfos-palmares-nadal-federer-djokovic_4204567\/\" target=\"_self\" rel=\"nofollow noopener\"> Carlos Alcaraz<\/a> y sin Alejandro Davidovich.<\/strong> El s\u00e1bado 13 fue una jornada negra para los tenistas de <strong><a href=\"https:\/\/www.elconfidencial.com\/deportes\/tenis\/2024-11-21\/rafa-nadal-david-ferrer-carlos-alcaraz-espana_4007416\/\" target=\"_self\" rel=\"nofollow noopener\">David Ferrer<\/a><\/strong>, que perdieron los dos primeros partidos, teniendo que lograr una remontada en la jornada dominical. <\/p>\n<p> En el dobles que abr\u00eda el domingo, la selecci\u00f3n espa\u00f1ola se hizo con el primer punto de la eliminatoria y se coloc\u00f3 1-2 en la serie. El siguiente partido enfrentar\u00eda a <strong>Pedro Mart\u00ednez ante <a href=\"https:\/\/www.elconfidencial.com\/deportes\/tenis\/2023-07-11\/carlos-alcaraz-holger-rune-historia-ninos-wimbledon_3694402\/\" target=\"_self\" rel=\"nofollow noopener\">Holger Rune. <\/a><\/strong> <\/p>\n<p>              <img decoding=\"async\" class=\"inTextNews__img\" alt=\"Foto: carlos-alcaraz-us-open-exitos-triunfos-palmares-nadal-federer-djokovic\" src=\"https:\/\/www.europesays.com\/es\/wp-content\/uploads\/2025\/09\/f.elconfidencial.com\/original\/82c\/05d\/84c\/82c05d84c63eec82163945ffcdef6045.jpg\"  \/>     <\/p>\n<p>TE PUEDE INTERESAR<\/p>\n<p>      <a class=\"inTextNews__title\" href=\"https:\/\/www.elconfidencial.com\/deportes\/tenis\/2025-09-09\/carlos-alcaraz-us-open-exitos-triunfos-palmares-nadal-federer-djokovic_4204567\/\" onclick=\"window.ECCO.emit(&#039;amplitude&#039;, { dataEventName: &#039;click_related_article_module&#039;, data: { related_article_url: &#039;https:\/\/www.elconfidencial.com\/deportes\/tenis\/2025-09-09\/carlos-alcaraz-us-open-exitos-triunfos-palmares-nadal-federer-djokovic_4204567\/&#039;, related_article_author: &#039;Rub\u00e9n Rodr\u00edguez&#039;, related_article_section: &#039;tenis&#039; } })\" rel=\"nofollow noopener\" target=\"_blank\"> Abramos el debate: \u00bfya est\u00e1 Alcaraz a la altura de las leyendas del tenis o su \u00e9xito todav\u00eda est\u00e1 cojo? <\/a>   <\/p>\n<p>    Rub\u00e9n Rodr\u00edguez   <\/p>\n<p> Durante este cuarto encuentro de la eliminatoria, se vivi\u00f3 un momento de tensi\u00f3n. El<strong> tenista dan\u00e9s<\/strong> <a href=\"https:\/\/www.elconfidencial.com\/deportes\/tenis\/2023-05-01\/rune-provocacion-davidovich-tenis-madrid-open_3621061\/\" target=\"_self\" rel=\"nofollow noopener\">se las tuvo varias veces con la grada<\/a> de Marbella, ya fuera con <strong>miradas desafiantes o llev\u00e1ndose el dedo a la oreja<\/strong> tras ganar un punto hacia una parte de la afici\u00f3n que celebraba sus errores. <\/p>\n<p> Hubo un momento del encuentro en el que despu\u00e9s de un break, <strong><a href=\"https:\/\/www.elconfidencial.com\/deportes\/tenis\/2025-04-20\/alcaraz-rune-conde-de-godo-resultado-campeon_4112373\/\" target=\"_self\" rel=\"nofollow noopener\">Rune <\/a>mand\u00f3 dos pelotazos fuera de las instalaciones<\/strong> de Puente Romano, algo que le acarre\u00f3 un warning. Esto fue calentando el partido. <\/p>\n<p> Pero lo que dinamit\u00f3 el enfado del <a href=\"https:\/\/www.elconfidencial.com\/deportes\/tenis\/2025-09-08\/jaun-carlos-ferrero-clave-alcaraz-ganase-sinner-us-open-2025_4204697\/\" target=\"_self\" rel=\"nofollow noopener\">entrenador <\/a>de Espa\u00f1a<strong> David Ferrer<\/strong> fue cuando recibi\u00f3 un toque de atenci\u00f3n por parte del juez de silla por animar a su jugador. El extenista valenciano le dijo al supervisor de la ITF: \u00abEsc\u00fachame t\u00fa a m\u00ed. En el primer set <strong>se cag\u00f3 en la puta de los aficionados,<\/strong> y luego tir\u00f3 dos bolas, y no le pitaste ni un penalty ball. Y ahora le animo yo y este t\u00edo viene a decirme algo. <strong>\u00a1Que ni se le ocurra decirme algo! Te hablo en espa\u00f1ol porque me entiendes perfectamente. <\/strong>Cuando pega a esa bola tiene que ser penalty ball, y <strong>le ha dicho &#8216;fuck off&#8217; a la grada\u00bb. <\/strong> <\/p>\n<blockquote class=\"twitter-tweet\">\n<p lang=\"es\" dir=\"ltr\">\ud83d\ude21 Ferrer: \u00bbHablo en espa\u00f1ol que me entiendes perfectamente\u00bb.<a href=\"https:\/\/twitter.com\/alexcorretja74?ref_src=twsrc%5Etfw\" rel=\"nofollow noopener\" target=\"_blank\">@alexcorretja74<\/a>: \u00bbViva David Ferrer y la madre que lo pari\u00f3\u00bb.<\/p>\n<p>ESTO ES LA <a href=\"https:\/\/twitter.com\/hashtag\/DavisCup?src=hash&amp;ref_src=twsrc%5Etfw\" rel=\"nofollow noopener\" target=\"_blank\">#DavisCup<\/a>. <a href=\"https:\/\/twitter.com\/hashtag\/LaPistaDelTenis?src=hash&amp;ref_src=twsrc%5Etfw\" rel=\"nofollow noopener\" target=\"_blank\">#LaPistaDelTenis<\/a> <a href=\"https:\/\/t.co\/6UQ40Dy0Ss\" rel=\"nofollow\">pic.twitter.com\/6UQ40Dy0Ss<\/a><\/p>\n<p>\u2014 Tenis en Movistar Plus+ (@MovistarTenis) <a href=\"https:\/\/twitter.com\/MovistarTenis\/status\/1967229472022692009?ref_src=twsrc%5Etfw\" rel=\"nofollow noopener\" target=\"_blank\">September 14, 2025<\/a><\/p><\/blockquote>\n<p> Justo en el siguiente juego, <strong>Rune le peg\u00f3 de forma involuntaria un pelotazo a Pedro Mart\u00ednez<\/strong>, que provoc\u00f3 que el juez de silla le pidiese calma al dan\u00e9s, algo a lo que <strong>Ferrer <\/strong>reaccion\u00f3 con una risa ir\u00f3nica y el pulgar hacia arriba. <\/p>\n<p>         <script async src=\"https:\/\/platform.twitter.com\/widgets.js\" charset=\"utf-8\"><\/script><\/p>\n","protected":false},"excerpt":{"rendered":"\u00abSufro estr\u00e9s y ansiedad\u00bb: Tsitsipas, el drama del tenista que se bloque\u00f3 cuando rozaba el \u00e9xito El halago&hellip;\n","protected":false},"author":2,"featured_media":114780,"comment_status":"","ping_status":"","sticky":false,"template":"","format":"standard","meta":{"footnotes":""},"categories":[274],"tags":[168,25,24,23,167,327,326],"class_list":{"0":"post-114779","1":"post","2":"type-post","3":"status-publish","4":"format-standard","5":"has-post-thumbnail","7":"category-tenis","8":"tag-deportes","9":"tag-es","10":"tag-espana","11":"tag-spain","12":"tag-sports","13":"tag-tenis","14":"tag-tennis"},"share_on_mastodon":{"url":"","error":""},"_links":{"self":[{"href":"https:\/\/www.europesays.com\/es\/wp-json\/wp\/v2\/posts\/114779","targetHints":{"allow":["GET"]}}],"collection":[{"href":"https:\/\/www.europesays.com\/es\/wp-json\/wp\/v2\/posts"}],"about":[{"href":"https:\/\/www.europesays.com\/es\/wp-json\/wp\/v2\/types\/post"}],"author":[{"embeddable":true,"href":"https:\/\/www.europesays.com\/es\/wp-json\/wp\/v2\/users\/2"}],"replies":[{"embeddable":true,"href":"https:\/\/www.europesays.com\/es\/wp-json\/wp\/v2\/comments?post=114779"}],"version-history":[{"count":0,"href":"https:\/\/www.europesays.com\/es\/wp-json\/wp\/v2\/posts\/114779\/revisions"}],"wp:featuredmedia":[{"embeddable":true,"href":"https:\/\/www.europesays.com\/es\/wp-json\/wp\/v2\/media\/114780"}],"wp:attachment":[{"href":"https:\/\/www.europesays.com\/es\/wp-json\/wp\/v2\/media?parent=114779"}],"wp:term":[{"taxonomy":"category","embeddable":true,"href":"https:\/\/www.europesays.com\/es\/wp-json\/wp\/v2\/categories?post=114779"},{"taxonomy":"post_tag","embeddable":true,"href":"https:\/\/www.europesays.com\/es\/wp-json\/wp\/v2\/tags?post=114779"}],"curies":[{"name":"wp","href":"https:\/\/api.w.org\/{rel}","templated":true}]}}