{"id":114789,"date":"2025-09-14T16:56:11","date_gmt":"2025-09-14T16:56:11","guid":{"rendered":"https:\/\/www.europesays.com\/es\/114789\/"},"modified":"2025-09-14T16:56:11","modified_gmt":"2025-09-14T16:56:11","slug":"10-tendencias-clave-que-dominaran-el-otono-2025","status":"publish","type":"post","link":"https:\/\/www.europesays.com\/es\/114789\/","title":{"rendered":"10 tendencias clave que dominar\u00e1n el oto\u00f1o 2025"},"content":{"rendered":"<p data-journey-content=\"true\" data-node-id=\"2\" class=\"css-i9p093 emevuu60\">Desde el pasado 11 de septiembre y hasta el pr\u00f3ximo d\u00eda 16, <strong data-node-id=\"2.1\"><a href=\"https:\/\/www.elle.com\/es\/moda\/streetstyle\/a46769571\/tendencias-primavera-2024-semana-moda-nueva-york-street-style\/\" data-vars-ga-outbound-link=\"https:\/\/www.elle.com\/es\/moda\/streetstyle\/a46769571\/tendencias-primavera-2024-semana-moda-nueva-york-street-style\/\" data-vars-ga-ux-element=\"Hyperlink\" data-vars-ga-call-to-action=\"la Semana de la Moda de Nueva York\" data-node-id=\"2.1.0\" class=\"body-link css-103hk4r emevuu60\" rel=\"nofollow noopener\" target=\"_blank\">la Semana de la Moda de Nueva York<\/a><\/strong> abre la temporada de <a href=\"https:\/\/www.elle.com\/es\/pasarelas\/primavera-verano-2026\/\" data-vars-ga-outbound-link=\"https:\/\/www.elle.com\/es\/pasarelas\/primavera-verano-2026\/\" data-vars-ga-ux-element=\"Hyperlink\" data-vars-ga-call-to-action=\"desfiles Spring-Summer 2026\" data-node-id=\"2.3\" class=\"body-link css-103hk4r emevuu60\" rel=\"nofollow noopener\" target=\"_blank\">desfiles Spring-Summer 2026<\/a> con una combinaci\u00f3n de creatividad, innovaci\u00f3n y propuestas que marcar\u00e1n tendencia la pr\u00f3xima primavera. <\/p>\n<p data-journey-content=\"true\" data-node-id=\"3\" class=\"css-i9p093 emevuu60\">Sobre las pasarelas ya han pasado importantes firmas como <strong data-node-id=\"3.1\">Prabal Gurung, Tibi, Altuzarra,  Calvin Klein o Campillo. <\/strong>Y s\u00ed, todas ellas ya nos han adelantado <strong data-node-id=\"3.3\">las tendencias virales que triunfar\u00e1n la pr\u00f3xima primavera 2026<\/strong>. Ahora bien, el &#8216;street style&#8217; no se ha quedado para nada atr\u00e1s. Y es que, bien es sabido por todos que las calles de la ciudad de la Gran Manzana son, en s\u00ed mismas, una pasarela m\u00e1s llena de inspiraci\u00f3n y saber vestir.<\/p>\n<p data-journey-content=\"true\" data-node-id=\"4\" class=\"css-i9p093 emevuu60\">En ellas, cientos de prescriptoras de estilo nos han mostrado, no solo las tendencias que se posicionan como las grandes favoritas de las expertas en moda, sino tambi\u00e9n c\u00f3mo llevarlas para lucirlas sin miedo al fracaso. \u00bfLo mejor? Con <strong data-node-id=\"4.1\"><a href=\"https:\/\/www.elle.com\/es\/moda\/tendencias\/a65457679\/tendencias-moda-que-dominaran-este-otono-2025\/\" data-vars-ga-outbound-link=\"https:\/\/www.elle.com\/es\/moda\/tendencias\/a65457679\/tendencias-moda-que-dominaran-este-otono-2025\/\" data-vars-ga-ux-element=\"Hyperlink\" data-vars-ga-call-to-action=\"modas que podemos llevar tambi\u00e9n este oto\u00f1o 2025\" data-node-id=\"4.1.0\" class=\"body-link css-103hk4r emevuu60\" rel=\"nofollow noopener\" target=\"_blank\">modas que podemos llevar tambi\u00e9n este oto\u00f1o 2025<\/a>.<\/strong> Y es que, esa es la gran magia de la Semana de la Moda de Nueva York: que no solo dicta lo que se llevar\u00e1 dentro de unos meses, sino que tambi\u00e9n nos regala f\u00f3rmulas inmediatas para actualizar nuestro armario.<\/p>\n<p>10 tendencias de moda que arrasan en el &#8216;street style&#8217; de Nueva York<\/p>\n<p data-journey-content=\"true\" data-node-id=\"8\" class=\"css-i9p093 emevuu60\">Desde los <strong data-node-id=\"8.1\"><a href=\"https:\/\/www.elle.com\/es\/moda\/noticias\/a65552539\/vestidos-lenceros-encaje-como-llevar-tendencia-verano-2025\/\" data-vars-ga-outbound-link=\"https:\/\/www.elle.com\/es\/moda\/noticias\/a65552539\/vestidos-lenceros-encaje-como-llevar-tendencia-verano-2025\/\" data-vars-ga-ux-element=\"Hyperlink\" data-vars-ga-call-to-action=\"vestidos lenceros\" data-node-id=\"8.1.0\" class=\"body-link css-103hk4r emevuu60\" rel=\"nofollow noopener\" target=\"_blank\">vestidos lenceros<\/a><\/strong> que importantes firmas como Chlo\u00e9, Dries Van Noten o Roberto Cavalli han rescatado con fuerza, hasta la microtendencia del <strong data-node-id=\"8.3\"><a href=\"https:\/\/www.elle.com\/es\/moda\/tendencias\/a64714691\/estampados-verano-platanos-serpiente-lunares\/\" data-vars-ga-outbound-link=\"https:\/\/www.elle.com\/es\/moda\/tendencias\/a64714691\/estampados-verano-platanos-serpiente-lunares\/\" data-vars-ga-ux-element=\"Hyperlink\" data-vars-ga-call-to-action=\"estampado de lunares\" data-node-id=\"8.3.0\" class=\"body-link css-103hk4r emevuu60\" rel=\"nofollow noopener\" target=\"_blank\">estampado de lunares<\/a> <\/strong>impuesta por marcas como Valentino o Nina Ricci. El &#8216;street style&#8217; de la Semana de la Moda de Nueva York ha servido como el escaparate perfecto para demostrar c\u00f3mo llevar las tendencias m\u00e1s virales de las pasarelas a nuestros mejores looks del d\u00eda a d\u00eda. <\/p>\n<p data-journey-content=\"true\" data-node-id=\"9\" class=\"css-i9p093 emevuu60\">Aqu\u00ed las m\u00e1s repetidas.<\/p>\n<p>Vestidos lenceros con pantal\u00f3n<img draggable=\"true\" alt=\"street style nueva york\" title=\"Street style Nueva York\" loading=\"lazy\" width=\"2575\" height=\"3861\" decoding=\"async\" data-nimg=\"1\" style=\"color:transparent;width:100%;height:auto;\"   src=\"https:\/\/www.europesays.com\/es\/wp-content\/uploads\/2025\/09\/new-york-str-s26-1140-68c6aa361c4c2.jpg\" class=\"css-0 e1g79fud0\"\/><a target=\"_blank\" rel=\"noopener nofollow\" data-theme-key=\"base-link\" href=\"https:\/\/pinterest.com\/pin\/create\/button\/?url=https:\/\/www.elle.com\/es\/moda\/novias\/a66086265\/semana-moda-nueva-york-street-style-tendencias-looks-inspiracion\/&amp;description=- ElleSpain&amp;media=https:\/\/hips.hearstapps.com\/hmg-prod\/images\/new-york-str-s26-1140-68c6aa361c4c2.jpg?resize=1600:*\" class=\"pinterest css-on9hn5 e1c1bym14\"><img decoding=\"async\" data-dynamic-svg=\"true\" src=\"https:\/\/www.elle.com\/_assets\/design-tokens\/fre\/static\/icons\/social\/pinterest.e8cf655.svg?primary=%2523ffffff\" loading=\"lazy\" data-testid=\"dynamic-svg-base\" height=\"auto\" width=\"auto\" alt=\"pinterest\" class=\"css-4lml0h e1mlxuuw1\"\/><\/a><\/p>\n<p>Francesca Babbi\/\/LAUNCHMETRICS SPOTLIGHT<\/p>\n<p data-journey-content=\"true\" data-node-id=\"12\" class=\"css-i9p093 emevuu60\">S\u00ed, los vestidos lenceros han vuelto con la intenci\u00f3n de quedarse, y esta vez los llevaremos tanto en su versi\u00f3n m\u00e1s explosiva y sensual como en su clave m\u00e1s relajada, a modo de top con pantalones anchos y vaqueros. <\/p>\n<p>Pantalones &#8216;ballon&#8217;<img draggable=\"true\" alt=\"street style nueva york\" title=\"Street style Nueva York\" loading=\"lazy\" width=\"2575\" height=\"3861\" decoding=\"async\" data-nimg=\"1\" style=\"color:transparent;width:100%;height:auto;\"   src=\"https:\/\/www.europesays.com\/es\/wp-content\/uploads\/2025\/09\/new-york-str-s26-0846-68c6aa73b97e5.jpg\" class=\"css-0 e1g79fud0\"\/><a target=\"_blank\" rel=\"noopener nofollow\" data-theme-key=\"base-link\" href=\"https:\/\/pinterest.com\/pin\/create\/button\/?url=https:\/\/www.elle.com\/es\/moda\/novias\/a66086265\/semana-moda-nueva-york-street-style-tendencias-looks-inspiracion\/&amp;description=- ElleSpain&amp;media=https:\/\/hips.hearstapps.com\/hmg-prod\/images\/new-york-str-s26-0846-68c6aa73b97e5.jpg?resize=1600:*\" class=\"pinterest css-on9hn5 e1c1bym14\"><img decoding=\"async\" data-dynamic-svg=\"true\" src=\"https:\/\/www.elle.com\/_assets\/design-tokens\/fre\/static\/icons\/social\/pinterest.e8cf655.svg?primary=%2523ffffff\" loading=\"lazy\" data-testid=\"dynamic-svg-base\" height=\"auto\" width=\"auto\" alt=\"pinterest\" class=\"css-4lml0h e1mlxuuw1\"\/><\/a><\/p>\n<p>Francesca Babbi\/\/LAUNCHMETRICS SPOTLIGHT<\/p>\n<p data-journey-content=\"true\" data-node-id=\"15\" class=\"css-i9p093 emevuu60\">Ni pitillos ni &#8216;wide-leg&#8217;, el &#8216;street style&#8217; tiene claro que los pantalones que reinar\u00e1n los armarios de las expertas son los &#8216;ballon&#8217;. Y s\u00ed, los llevaremos sobre todo con sandalias de tac\u00f3n y cu\u00f1as.<\/p>\n<p>Estilo &#8216;cowboy&#8217;<img draggable=\"true\" alt=\"street style nueva york\" title=\"Street style Nueva York\" loading=\"lazy\" width=\"2575\" height=\"3861\" decoding=\"async\" data-nimg=\"1\" style=\"color:transparent;width:100%;height:auto;\"   src=\"https:\/\/www.europesays.com\/es\/wp-content\/uploads\/2025\/09\/new-york-str-s26-0346-68c6aabe4758d.jpg\" class=\"css-0 e1g79fud0\"\/><a target=\"_blank\" rel=\"noopener nofollow\" data-theme-key=\"base-link\" href=\"https:\/\/pinterest.com\/pin\/create\/button\/?url=https:\/\/www.elle.com\/es\/moda\/novias\/a66086265\/semana-moda-nueva-york-street-style-tendencias-looks-inspiracion\/&amp;description=- ElleSpain&amp;media=https:\/\/hips.hearstapps.com\/hmg-prod\/images\/new-york-str-s26-0346-68c6aabe4758d.jpg?resize=1600:*\" class=\"pinterest css-on9hn5 e1c1bym14\"><img decoding=\"async\" data-dynamic-svg=\"true\" src=\"https:\/\/www.elle.com\/_assets\/design-tokens\/fre\/static\/icons\/social\/pinterest.e8cf655.svg?primary=%2523ffffff\" loading=\"lazy\" data-testid=\"dynamic-svg-base\" height=\"auto\" width=\"auto\" alt=\"pinterest\" class=\"css-4lml0h e1mlxuuw1\"\/><\/a><\/p>\n<p>Francesca Babbi\/\/LAUNCHMETRICS SPOTLIGHT<\/p>\n<p data-journey-content=\"true\" data-node-id=\"18\" class=\"css-i9p093 emevuu60\">Los sombreros vaqueros, las botas cowboy, los cinturones anchos y hasta las prendas con flecos dominar\u00e1n nuestros vestidores. El estilo del Lejano Oeste estar\u00e1 m\u00e1s de moda que nunca, y eso nos encanta.<\/p>\n<p>Faldas midi con flecos<img draggable=\"true\" alt=\"tendencias semana moda nueva york\" title=\"Street style Nueva York\" loading=\"lazy\" width=\"2574\" height=\"3861\" decoding=\"async\" data-nimg=\"1\" style=\"color:transparent;width:100%;height:auto;\"   src=\"https:\/\/www.europesays.com\/es\/wp-content\/uploads\/2025\/09\/new-york-str-s26-0335-68c6aaebb6572.jpg\" class=\"css-0 e1g79fud0\"\/><a target=\"_blank\" rel=\"noopener nofollow\" data-theme-key=\"base-link\" href=\"https:\/\/pinterest.com\/pin\/create\/button\/?url=https:\/\/www.elle.com\/es\/moda\/novias\/a66086265\/semana-moda-nueva-york-street-style-tendencias-looks-inspiracion\/&amp;description=- ElleSpain&amp;media=https:\/\/hips.hearstapps.com\/hmg-prod\/images\/new-york-str-s26-0335-68c6aaebb6572.jpg?resize=1600:*\" class=\"pinterest css-on9hn5 e1c1bym14\"><img decoding=\"async\" data-dynamic-svg=\"true\" src=\"https:\/\/www.elle.com\/_assets\/design-tokens\/fre\/static\/icons\/social\/pinterest.e8cf655.svg?primary=%2523ffffff\" loading=\"lazy\" data-testid=\"dynamic-svg-base\" height=\"auto\" width=\"auto\" alt=\"pinterest\" class=\"css-4lml0h e1mlxuuw1\"\/><\/a><\/p>\n<p>Valentina Valdinoci\/\/LAUNCHMETRICS SPOTLIGHT<\/p>\n<p data-journey-content=\"true\" data-node-id=\"21\" class=\"css-i9p093 emevuu60\">Teniendo en cuenta la est\u00e9tica anterior, no es de extra\u00f1ar que las faldas midi con flecos se hayan convertido en otra de las apuestas estrella de las expertas en la NWFW. Aportan un toque rompedor a cualquier look.<\/p>\n<p>&#8216;Total looks&#8217; de lunares<img draggable=\"true\" alt=\"tendencias semana moda nueva york\" title=\"Street style Nueva York\" loading=\"lazy\" width=\"2575\" height=\"3861\" decoding=\"async\" data-nimg=\"1\" style=\"color:transparent;width:100%;height:auto;\"   src=\"https:\/\/www.europesays.com\/es\/wp-content\/uploads\/2025\/09\/new-york-str-s26-0804-68c6ab3580497.jpg\" class=\"css-0 e1g79fud0\"\/><a target=\"_blank\" rel=\"noopener nofollow\" data-theme-key=\"base-link\" href=\"https:\/\/pinterest.com\/pin\/create\/button\/?url=https:\/\/www.elle.com\/es\/moda\/novias\/a66086265\/semana-moda-nueva-york-street-style-tendencias-looks-inspiracion\/&amp;description=- ElleSpain&amp;media=https:\/\/hips.hearstapps.com\/hmg-prod\/images\/new-york-str-s26-0804-68c6ab3580497.jpg?resize=1600:*\" class=\"pinterest css-on9hn5 e1c1bym14\"><img decoding=\"async\" data-dynamic-svg=\"true\" src=\"https:\/\/www.elle.com\/_assets\/design-tokens\/fre\/static\/icons\/social\/pinterest.e8cf655.svg?primary=%2523ffffff\" loading=\"lazy\" data-testid=\"dynamic-svg-base\" height=\"auto\" width=\"auto\" alt=\"pinterest\" class=\"css-4lml0h e1mlxuuw1\"\/><\/a><\/p>\n<p>Francesca Babbi\/\/LAUNCHMETRICS SPOTLIGHT<\/p>\n<p data-journey-content=\"true\" data-node-id=\"24\" class=\"css-i9p093 emevuu60\">Valentino, Nina Ricci y Carolina Herrera han sido algunas de las m\u00faltiples firmas de lujo que han hecho del estampado de lunares uno de los m\u00e1s virales para el oto\u00f1o 2025. Pero ojo, porque el &#8216;street style&#8217; de la New York Fashion Week nos confirma que tambi\u00e9n seguir\u00e1 siendo as\u00ed durante la primavera-verano 2026.<\/p>\n<p>Faldas de encaje con transparencias<img draggable=\"true\" alt=\"tendencias semana moda nueva york\" title=\"Street style Nueva York\" loading=\"lazy\" width=\"2575\" height=\"3861\" decoding=\"async\" data-nimg=\"1\" style=\"color:transparent;width:100%;height:auto;\"   src=\"https:\/\/www.europesays.com\/es\/wp-content\/uploads\/2025\/09\/new-york-str-s26-0816-68c6abb324ac8.jpg\" class=\"css-0 e1g79fud0\"\/><a target=\"_blank\" rel=\"noopener nofollow\" data-theme-key=\"base-link\" href=\"https:\/\/pinterest.com\/pin\/create\/button\/?url=https:\/\/www.elle.com\/es\/moda\/novias\/a66086265\/semana-moda-nueva-york-street-style-tendencias-looks-inspiracion\/&amp;description=- ElleSpain&amp;media=https:\/\/hips.hearstapps.com\/hmg-prod\/images\/new-york-str-s26-0816-68c6abb324ac8.jpg?resize=1600:*\" class=\"pinterest css-on9hn5 e1c1bym14\"><img decoding=\"async\" data-dynamic-svg=\"true\" src=\"https:\/\/www.elle.com\/_assets\/design-tokens\/fre\/static\/icons\/social\/pinterest.e8cf655.svg?primary=%2523ffffff\" loading=\"lazy\" data-testid=\"dynamic-svg-base\" height=\"auto\" width=\"auto\" alt=\"pinterest\" class=\"css-4lml0h e1mlxuuw1\"\/><\/a><\/p>\n<p>Francesca Babbi\/\/LAUNCHMETRICS SPOTLIGHT<\/p>\n<p data-journey-content=\"true\" data-node-id=\"27\" class=\"css-i9p093 emevuu60\">Al m\u00e1s puro estilo rom\u00e1ntico, las faldas midi de encaje con transparencias se han posicionado como otra de las grandes protagonistas del &#8216;street style&#8217;. Eso s\u00ed, las llevaremos, principalmente, en su versi\u00f3n m\u00e1s &#8216;casual-chic&#8217; con camisetas b\u00e1sicas y zapatillas.<\/p>\n<p>Chanclas con faldas midi<img draggable=\"true\" alt=\"tendencias semana moda nueva york\" title=\"Street style Nueva York\" loading=\"lazy\" width=\"2575\" height=\"3861\" decoding=\"async\" data-nimg=\"1\" style=\"color:transparent;width:100%;height:auto;\"   src=\"https:\/\/www.europesays.com\/es\/wp-content\/uploads\/2025\/09\/new-york-str-s26-0777-68c6ac1bcc082.jpg\" class=\"css-0 e1g79fud0\"\/><a target=\"_blank\" rel=\"noopener nofollow\" data-theme-key=\"base-link\" href=\"https:\/\/pinterest.com\/pin\/create\/button\/?url=https:\/\/www.elle.com\/es\/moda\/novias\/a66086265\/semana-moda-nueva-york-street-style-tendencias-looks-inspiracion\/&amp;description=- ElleSpain&amp;media=https:\/\/hips.hearstapps.com\/hmg-prod\/images\/new-york-str-s26-0777-68c6ac1bcc082.jpg?resize=1600:*\" class=\"pinterest css-on9hn5 e1c1bym14\"><img decoding=\"async\" data-dynamic-svg=\"true\" src=\"https:\/\/www.elle.com\/_assets\/design-tokens\/fre\/static\/icons\/social\/pinterest.e8cf655.svg?primary=%2523ffffff\" loading=\"lazy\" data-testid=\"dynamic-svg-base\" height=\"auto\" width=\"auto\" alt=\"pinterest\" class=\"css-4lml0h e1mlxuuw1\"\/><\/a><\/p>\n<p>Francesca Babbi\/\/LAUNCHMETRICS SPOTLIGHT<\/p>\n<p data-journey-content=\"true\" data-node-id=\"30\" class=\"css-i9p093 emevuu60\">Ni sandalias, ni bailarinas: chanclas. M\u00e1s c\u00f3modas, m\u00e1s casuales y, sobre todo, m\u00e1s &#8216;chic&#8217;. Las chanclas siguen siendo uno de los calzados estrella para el &#8216;street style&#8217; y, al parecer, las expertas saben que la clave para aportarles ese toque extra de elegancia es combinarlas con una buena falda o vestido midi.<\/p>\n<p>Zapatos de leopardo<img draggable=\"true\" alt=\"tendencias semana moda nueva york\" title=\"Street style Nueva York\" loading=\"lazy\" width=\"2575\" height=\"3861\" decoding=\"async\" data-nimg=\"1\" style=\"color:transparent;width:100%;height:auto;\"   src=\"https:\/\/www.europesays.com\/es\/wp-content\/uploads\/2025\/09\/new-york-str-s26-0005-68c6ad4ee8d04.jpg\" class=\"css-0 e1g79fud0\"\/><a target=\"_blank\" rel=\"noopener nofollow\" data-theme-key=\"base-link\" href=\"https:\/\/pinterest.com\/pin\/create\/button\/?url=https:\/\/www.elle.com\/es\/moda\/novias\/a66086265\/semana-moda-nueva-york-street-style-tendencias-looks-inspiracion\/&amp;description=- ElleSpain&amp;media=https:\/\/hips.hearstapps.com\/hmg-prod\/images\/new-york-str-s26-0005-68c6ad4ee8d04.jpg?resize=1600:*\" class=\"pinterest css-on9hn5 e1c1bym14\"><img decoding=\"async\" data-dynamic-svg=\"true\" src=\"https:\/\/www.elle.com\/_assets\/design-tokens\/fre\/static\/icons\/social\/pinterest.e8cf655.svg?primary=%2523ffffff\" loading=\"lazy\" data-testid=\"dynamic-svg-base\" height=\"auto\" width=\"auto\" alt=\"pinterest\" class=\"css-4lml0h e1mlxuuw1\"\/><\/a><\/p>\n<p>Vincenzo Grillo\/\/LAUNCHMETRICS SPOTLIGHT<\/p>\n<p data-journey-content=\"true\" data-node-id=\"33\" class=\"css-i9p093 emevuu60\">S\u00ed, has le\u00eddo bien: el estampado de leopardo seguir\u00e1 reinando en las colecciones de nuestras firmas favoritas. Aunque principalmente en la secci\u00f3n de calzado. Bailarinas, sandalias, plataformas&#8230; este &#8216;animal print&#8217; se adue\u00f1ar\u00e1 de todo tipo de zapatos.<\/p>\n<p>Pa\u00f1uelos a modo de cintur\u00f3n<img draggable=\"true\" alt=\"tendencias semana moda nueva york\" title=\"Street style Nueva York\" loading=\"lazy\" width=\"2574\" height=\"3861\" decoding=\"async\" data-nimg=\"1\" style=\"color:transparent;width:100%;height:auto;\"   src=\"https:\/\/www.europesays.com\/es\/wp-content\/uploads\/2025\/09\/new-york-str-s26-0071-68c6ad8f01869.jpg\" class=\"css-0 e1g79fud0\"\/><a target=\"_blank\" rel=\"noopener nofollow\" data-theme-key=\"base-link\" href=\"https:\/\/pinterest.com\/pin\/create\/button\/?url=https:\/\/www.elle.com\/es\/moda\/novias\/a66086265\/semana-moda-nueva-york-street-style-tendencias-looks-inspiracion\/&amp;description=- ElleSpain&amp;media=https:\/\/hips.hearstapps.com\/hmg-prod\/images\/new-york-str-s26-0071-68c6ad8f01869.jpg?resize=1600:*\" class=\"pinterest css-on9hn5 e1c1bym14\"><img decoding=\"async\" data-dynamic-svg=\"true\" src=\"https:\/\/www.elle.com\/_assets\/design-tokens\/fre\/static\/icons\/social\/pinterest.e8cf655.svg?primary=%2523ffffff\" loading=\"lazy\" data-testid=\"dynamic-svg-base\" height=\"auto\" width=\"auto\" alt=\"pinterest\" class=\"css-4lml0h e1mlxuuw1\"\/><\/a><\/p>\n<p>Valentina Valdinoci\/\/LAUNCHMETRICS SPOTLIGHT<\/p>\n<p data-journey-content=\"true\" data-node-id=\"36\" class=\"css-i9p093 emevuu60\">S\u00ed, sabemos que se ha convertido en una de las microtendencias clave del verano 2025, pero tambi\u00e9n seguiremos apostando por ella no solo este oto\u00f1o 2025, sino tambi\u00e9n la pr\u00f3xima primavera-verano. \u00bfEl motivo? Su versatilidad y el aire desenfadado que aporta a cualquier look.<\/p>\n<p>&#8216;Total denim&#8217;<img draggable=\"true\" alt=\"tendencias semana moda nueva york\" title=\"Street style Nueva York\" loading=\"lazy\" width=\"2575\" height=\"3861\" decoding=\"async\" data-nimg=\"1\" style=\"color:transparent;width:100%;height:auto;\"   src=\"https:\/\/www.europesays.com\/es\/wp-content\/uploads\/2025\/09\/new-york-str-s26-0114-68c6addbdb46e.jpg\" class=\"css-0 e1g79fud0\"\/><a target=\"_blank\" rel=\"noopener nofollow\" data-theme-key=\"base-link\" href=\"https:\/\/pinterest.com\/pin\/create\/button\/?url=https:\/\/www.elle.com\/es\/moda\/novias\/a66086265\/semana-moda-nueva-york-street-style-tendencias-looks-inspiracion\/&amp;description=- ElleSpain&amp;media=https:\/\/hips.hearstapps.com\/hmg-prod\/images\/new-york-str-s26-0114-68c6addbdb46e.jpg?resize=1600:*\" class=\"pinterest css-on9hn5 e1c1bym14\"><img decoding=\"async\" data-dynamic-svg=\"true\" src=\"https:\/\/www.elle.com\/_assets\/design-tokens\/fre\/static\/icons\/social\/pinterest.e8cf655.svg?primary=%2523ffffff\" loading=\"lazy\" data-testid=\"dynamic-svg-base\" height=\"auto\" width=\"auto\" alt=\"pinterest\" class=\"css-4lml0h e1mlxuuw1\"\/><\/a><\/p>\n<p>Vincenzo Grillo\/\/LAUNCHMETRICS SPOTLIGHT<\/p>\n<p data-journey-content=\"true\" data-node-id=\"39\" class=\"css-i9p093 emevuu60\">Elegantes, vers\u00e1tiles, atemporales&#8230; Los looks &#8216;total denim&#8217; seguir\u00e1n triunfando este 2025-2025 demostrando que no entiende de reglas ni de temporadas. Y s\u00ed, lo llevaremos en todo tipo de versiones.<\/p>\n<p><img src=\"https:\/\/www.europesays.com\/es\/wp-content\/uploads\/2025\/09\/1757868971_523_5d174fc2-88a3-4418-a5b3-be884db3ec5f_1678984174.file\" alt=\"Headshot of Laura Soria\" title=\"Headshot of Laura Soria\" width=\"100%\" height=\"100%\" decoding=\"async\" loading=\"lazy\" class=\"css-o0wq4v ev8dhu53\"\/><\/p>\n<p>Laura Soria Onieva es experta en moda, tendencias, alfombras rojas y &#8216;celebrities&#8217;. Como apasionada del periodismo y la comunicaci\u00f3n, siempre est\u00e1 atenta a las \u00faltimas novedades del sector. Entiende la moda como una v\u00eda de expresi\u00f3n y siempre busca entender la filosof\u00eda que transmiten los estilismos de las famosas.<\/p>\n<p>La b\u00fasqueda constante de inspiraci\u00f3n la convierte en una prescriptora de futuras tendencias de temporada. As\u00ed, no hay prenda o estilo que se le escape en Instagram y TikTok. Experta en recrear los mejores looks de las famosas e influencers con prendas de las firmas &#8216;low cost&#8217; m\u00e1s exitosas como Zara, Mango, Stradivarius&#8230; As\u00ed como de las firmas espa\u00f1olas que debes tener s\u00ed o s\u00ed en tu radar para que puedas vestir a la \u00faltima. Para ella no hay tendencia imposible: transparencias, aberturas complicadas, brillos, lentejuelas&#8230; Buscar\u00e1 todos los trucos de la mano de las expertas para ense\u00f1ar c\u00f3mo lucirlas sin caer en el error.<\/p>\n<p>Laura Soria se gradu\u00f3 en el doble grado de Periodismo y Comunicaci\u00f3n Audiovisual en la Universidad Rey Juan Carlos y, desde el inicio, ha conseguido experiencia en distintos sectores: radio, televisi\u00f3n, peri\u00f3dico digital&#8230; Actualmente se dedica a la que es su verdadera pasi\u00f3n, el periodismo de moda, como colaboradora de moda y actualidad en la revista ELLE.<\/p>\n<p>Sus constantes ganas de aprender, y su alma inquieta, la han empujado a especializarse a\u00fan m\u00e1s en el mundillo con distintos cursos, destacando el de Marketing Digital y Comunicaci\u00f3n de Moda y Lujo. \u00a0\u00a0<\/p>\n","protected":false},"excerpt":{"rendered":"Desde el pasado 11 de septiembre y hasta el pr\u00f3ximo d\u00eda 16, la Semana de la Moda de&hellip;\n","protected":false},"author":2,"featured_media":114790,"comment_status":"","ping_status":"","sticky":false,"template":"","format":"standard","meta":{"footnotes":""},"categories":[174],"tags":[255,253,146,147,25,24,256,23],"class_list":{"0":"post-114789","1":"post","2":"type-post","3":"status-publish","4":"format-standard","5":"has-post-thumbnail","7":"category-famosos","8":"tag-celebrities","9":"tag-discover","10":"tag-entertainment","11":"tag-entretenimiento","12":"tag-es","13":"tag-espana","14":"tag-famosos","15":"tag-spain"},"share_on_mastodon":{"url":"","error":""},"_links":{"self":[{"href":"https:\/\/www.europesays.com\/es\/wp-json\/wp\/v2\/posts\/114789","targetHints":{"allow":["GET"]}}],"collection":[{"href":"https:\/\/www.europesays.com\/es\/wp-json\/wp\/v2\/posts"}],"about":[{"href":"https:\/\/www.europesays.com\/es\/wp-json\/wp\/v2\/types\/post"}],"author":[{"embeddable":true,"href":"https:\/\/www.europesays.com\/es\/wp-json\/wp\/v2\/users\/2"}],"replies":[{"embeddable":true,"href":"https:\/\/www.europesays.com\/es\/wp-json\/wp\/v2\/comments?post=114789"}],"version-history":[{"count":0,"href":"https:\/\/www.europesays.com\/es\/wp-json\/wp\/v2\/posts\/114789\/revisions"}],"wp:featuredmedia":[{"embeddable":true,"href":"https:\/\/www.europesays.com\/es\/wp-json\/wp\/v2\/media\/114790"}],"wp:attachment":[{"href":"https:\/\/www.europesays.com\/es\/wp-json\/wp\/v2\/media?parent=114789"}],"wp:term":[{"taxonomy":"category","embeddable":true,"href":"https:\/\/www.europesays.com\/es\/wp-json\/wp\/v2\/categories?post=114789"},{"taxonomy":"post_tag","embeddable":true,"href":"https:\/\/www.europesays.com\/es\/wp-json\/wp\/v2\/tags?post=114789"}],"curies":[{"name":"wp","href":"https:\/\/api.w.org\/{rel}","templated":true}]}}