{"id":114811,"date":"2025-09-14T17:10:09","date_gmt":"2025-09-14T17:10:09","guid":{"rendered":"https:\/\/www.europesays.com\/es\/114811\/"},"modified":"2025-09-14T17:10:09","modified_gmt":"2025-09-14T17:10:09","slug":"ajustada-derrota-del-rgcc-en-su-debut-en-1a-division-rgcc","status":"publish","type":"post","link":"https:\/\/www.europesays.com\/es\/114811\/","title":{"rendered":"Ajustada derrota del RGCC en su debut en 1\u00aa Divisi\u00f3n &#8211; RGCC"},"content":{"rendered":"<p><img fetchpriority=\"high\" decoding=\"async\" width=\"1024\" height=\"789\" data-id=\"81224\" src=\"https:\/\/www.europesays.com\/es\/wp-content\/uploads\/2025\/09\/Captura-de-pantalla-2025-09-14-a-las-18.58.38_11zon-1024x789.png\" alt=\"\" class=\"wp-image-81224\"  \/><\/p>\n<p><img loading=\"lazy\" decoding=\"async\" width=\"1024\" height=\"799\" data-id=\"81223\" src=\"https:\/\/www.europesays.com\/es\/wp-content\/uploads\/2025\/09\/Captura-de-pantalla-2025-09-14-a-las-18.58.36_11zon-1024x799.png\" alt=\"\" class=\"wp-image-81223\"  \/><\/p>\n<p><img loading=\"lazy\" decoding=\"async\" width=\"1024\" height=\"741\" data-id=\"81222\" src=\"https:\/\/www.europesays.com\/es\/wp-content\/uploads\/2025\/09\/Captura-de-pantalla-2025-09-14-a-las-18.58.33_11zon-1024x741.png\" alt=\"\" class=\"wp-image-81222\"  \/><\/p>\n<p>El pasado fin de semana nuestro equipo masculino debut\u00f3 en la <strong>Primera Divisi\u00f3n<\/strong> con un emocionante encuentro disputado en el <strong>Pabell\u00f3n Braulio Garc\u00eda<\/strong> frente al Royal Premium Gij\u00f3n.<\/p>\n<p>En un partido muy igualado, el <strong>RGCC<\/strong> cay\u00f3 por la m\u00ednima diferencia en el marcador. A pesar del resultado, el equipo mostr\u00f3 entrega, trabajo y buen juego durante los 60 minutos.<\/p>\n<p>Desde el club queremos felicitar a nuestros jugadores por su esfuerzo y compromiso. Esto solo acaba de empezar: seguimos trabajando y disfrutando para afrontar los pr\u00f3ximos retos de la temporada.<\/p>\n","protected":false},"excerpt":{"rendered":"El pasado fin de semana nuestro equipo masculino debut\u00f3 en la Primera Divisi\u00f3n con un emocionante encuentro disputado&hellip;\n","protected":false},"author":2,"featured_media":114812,"comment_status":"","ping_status":"","sticky":false,"template":"","format":"standard","meta":{"footnotes":""},"categories":[278],"tags":[376,168,25,24,375,4682,38686,23,167],"class_list":{"0":"post-114811","1":"post","2":"type-post","3":"status-publish","4":"format-standard","5":"has-post-thumbnail","7":"category-balonmano","8":"tag-balonmano","9":"tag-deportes","10":"tag-es","11":"tag-espana","12":"tag-handball","13":"tag-noticias-deportivas","14":"tag-rgcc","15":"tag-spain","16":"tag-sports"},"share_on_mastodon":{"url":"","error":""},"_links":{"self":[{"href":"https:\/\/www.europesays.com\/es\/wp-json\/wp\/v2\/posts\/114811","targetHints":{"allow":["GET"]}}],"collection":[{"href":"https:\/\/www.europesays.com\/es\/wp-json\/wp\/v2\/posts"}],"about":[{"href":"https:\/\/www.europesays.com\/es\/wp-json\/wp\/v2\/types\/post"}],"author":[{"embeddable":true,"href":"https:\/\/www.europesays.com\/es\/wp-json\/wp\/v2\/users\/2"}],"replies":[{"embeddable":true,"href":"https:\/\/www.europesays.com\/es\/wp-json\/wp\/v2\/comments?post=114811"}],"version-history":[{"count":0,"href":"https:\/\/www.europesays.com\/es\/wp-json\/wp\/v2\/posts\/114811\/revisions"}],"wp:featuredmedia":[{"embeddable":true,"href":"https:\/\/www.europesays.com\/es\/wp-json\/wp\/v2\/media\/114812"}],"wp:attachment":[{"href":"https:\/\/www.europesays.com\/es\/wp-json\/wp\/v2\/media?parent=114811"}],"wp:term":[{"taxonomy":"category","embeddable":true,"href":"https:\/\/www.europesays.com\/es\/wp-json\/wp\/v2\/categories?post=114811"},{"taxonomy":"post_tag","embeddable":true,"href":"https:\/\/www.europesays.com\/es\/wp-json\/wp\/v2\/tags?post=114811"}],"curies":[{"name":"wp","href":"https:\/\/api.w.org\/{rel}","templated":true}]}}