{"id":114813,"date":"2025-09-14T17:11:09","date_gmt":"2025-09-14T17:11:09","guid":{"rendered":"https:\/\/www.europesays.com\/es\/114813\/"},"modified":"2025-09-14T17:11:09","modified_gmt":"2025-09-14T17:11:09","slug":"afrutado-de-garcigrande-permite-el-toreo-de-salon-por-ortega-en-salamanca","status":"publish","type":"post","link":"https:\/\/www.europesays.com\/es\/114813\/","title":{"rendered":"&#8216;Afrutado&#8217; de Garcigrande permite el toreo de sal\u00f3n por Ortega en Salamanca"},"content":{"rendered":"<p>                                                <img decoding=\"async\" loading=\"eager\" src=\"https:\/\/www.europesays.com\/es\/wp-content\/uploads\/2025\/09\/328652cc-2def-41c4-b22d-673fd6a90814_source-aspect-ratio_1600w_0.jpg\" alt=\"Emilio de Justo, Juan Ortega y Roca Rey inauguran el cartel de figuras en la feria de Salamanca: la corrida de Garcigrande en im\u00e1genes\" title=\"Emilio de Justo, Juan Ortega y Roca Rey inauguran el cartel de figuras en la feria de Salamanca: la corrida de Garcigrande en im\u00e1genes\" fetchpriority=\"high\" height=\"1067\" width=\"1600\"\/><\/p>\n<p>                Emilio de Justo, Juan Ortega y Roca Rey inauguran el cartel de figuras en la feria de Salamanca: la corrida de Garcigrande en im\u00e1genes<\/p>\n<p>                    |<\/p>\n<p>                Bel\u00e9n Hurtado<\/p>\n<p class=\"paragraph-atom &#10;        A-500-300-700-N A-550-300-700-N--md  \">Para la ocasi\u00f3n el encierro elegido es del ganadero salmantino Justo Hern\u00e1ndez, seis astados del hierro de Garcigrande de excelente presentaci\u00f3n. Ganader\u00eda que actualmente regenta el \u00faltimo Toro de Oro de 2024 gracias a \u2018Querido\u2019, siendo tambi\u00e9n la que m\u00e1s galardones cosecha de este premio<\/p>\n","protected":false},"excerpt":{"rendered":"Emilio de Justo, Juan Ortega y Roca Rey inauguran el cartel de figuras en la feria de Salamanca:&hellip;\n","protected":false},"author":2,"featured_media":114814,"comment_status":"","ping_status":"","sticky":false,"template":"","format":"standard","meta":{"footnotes":""},"categories":[277],"tags":[373,168,13836,25,24,409,13004,4813,1048,23,167,374],"class_list":{"0":"post-114813","1":"post","2":"type-post","3":"status-publish","4":"format-standard","5":"has-post-thumbnail","7":"category-toreo","8":"tag-bullfighting","9":"tag-deportes","10":"tag-emilio","11":"tag-es","12":"tag-espana","13":"tag-juan","14":"tag-justo","15":"tag-ortega","16":"tag-roca","17":"tag-spain","18":"tag-sports","19":"tag-toreo"},"share_on_mastodon":{"url":"","error":""},"_links":{"self":[{"href":"https:\/\/www.europesays.com\/es\/wp-json\/wp\/v2\/posts\/114813","targetHints":{"allow":["GET"]}}],"collection":[{"href":"https:\/\/www.europesays.com\/es\/wp-json\/wp\/v2\/posts"}],"about":[{"href":"https:\/\/www.europesays.com\/es\/wp-json\/wp\/v2\/types\/post"}],"author":[{"embeddable":true,"href":"https:\/\/www.europesays.com\/es\/wp-json\/wp\/v2\/users\/2"}],"replies":[{"embeddable":true,"href":"https:\/\/www.europesays.com\/es\/wp-json\/wp\/v2\/comments?post=114813"}],"version-history":[{"count":0,"href":"https:\/\/www.europesays.com\/es\/wp-json\/wp\/v2\/posts\/114813\/revisions"}],"wp:featuredmedia":[{"embeddable":true,"href":"https:\/\/www.europesays.com\/es\/wp-json\/wp\/v2\/media\/114814"}],"wp:attachment":[{"href":"https:\/\/www.europesays.com\/es\/wp-json\/wp\/v2\/media?parent=114813"}],"wp:term":[{"taxonomy":"category","embeddable":true,"href":"https:\/\/www.europesays.com\/es\/wp-json\/wp\/v2\/categories?post=114813"},{"taxonomy":"post_tag","embeddable":true,"href":"https:\/\/www.europesays.com\/es\/wp-json\/wp\/v2\/tags?post=114813"}],"curies":[{"name":"wp","href":"https:\/\/api.w.org\/{rel}","templated":true}]}}